{"id":4936,"date":"2025-09-19T02:00:03","date_gmt":"2025-09-18T23:00:03","guid":{"rendered":"https:\/\/aloturkey.org\/?p=4936"},"modified":"2025-12-01T21:59:23","modified_gmt":"2025-12-01T18:59:23","slug":"istanbulun-kentsel-alani","status":"publish","type":"post","link":"https:\/\/aloturkey.org\/tr\/2025\/09\/19\/%d9%85%d9%86%d8%b7%d9%82%d9%87-%d8%b9%d9%85%d8%b1%d8%a7%d9%86%db%8c%d9%87-%d8%a7%d8%b3%d8%aa%d8%a7%d9%86%d8%a8%d9%88%d9%84\/","title":{"rendered":"\u0130stanbul&#039;un \u00dcmraniye \u0130l\u00e7esi | Asya Yakas\u0131nda Geli\u015fen Bir Merkez"},"content":{"rendered":"<h3 class=\"wp-block-heading\" id=\"h-\u0645\u0646\u0637\u0642\u0647-\u0639\u0645\u0631\u0627\u0646\u06cc\u0647-umraniye-\u062f\u0631-\u0628\u062e\u0634-\u0622\u0633\u06cc\u0627\u06cc\u06cc-\u0627\u0633\u062a\u0627\u0646\u0628\u0648\u0644-\u06cc\u06a9\u06cc-\u0627\u0632-\u0633\u0631\u06cc\u0639-\u062a\u0631\u06cc\u0646-\u0645\u0646\u0627\u0637\u0642-\u062f\u0631-\u062d\u0627\u0644-\u062a\u0648\u0633\u0639\u0647-\u0627\u0633\u062a-\u0637\u06cc-\u0633\u0627\u0644-\u0647\u0627\u06cc-\u0627\u062e\u06cc\u0631-\u067e\u0631\u0648\u0698\u0647-\u0647\u0627\u06cc-\u0645\u0633\u06a9\u0648\u0646\u06cc-\u0648-\u062a\u062c\u0627\u0631\u06cc-\u0632\u06cc\u0627\u062f\u06cc-\u062f\u0631-\u0627\u06cc\u0646-\u0645\u0646\u0637\u0642\u0647-\u0633\u0627\u062e\u062a\u0647-\u0634\u062f\u0647-\u0627\u0646\u062f-\u06a9\u0647-\u0622\u0646-\u0631\u0627-\u0628\u0647-\u06cc\u06a9\u06cc-\u0627\u0632-\u0642\u0637\u0628-\u0647\u0627\u06cc-\u0645\u0647\u0645-\u0634\u0647\u0631\u06cc-\u0648-\u0633\u0631\u0645\u0627\u06cc\u0647-\u06af\u0630\u0627\u0631\u06cc-\u062a\u0628\u062f\u06cc\u0644-\u06a9\u0631\u062f\u0647-\u0627\u0633\u062a\">B\u00f6lge <strong>\u00dcmraniye<\/strong> \u0130stanbul&#039;un Asya yakas\u0131nda en h\u0131zl\u0131 geli\u015fen b\u00f6lgelerinden biridir. Son y\u0131llarda bu b\u00f6lgede bir\u00e7ok konut ve ticari proje hayata ge\u00e7irilmi\u015f olup, \u00f6nemli bir kentsel ve yat\u0131r\u0131m merkezi haline gelmi\u015ftir.<\/h3>\n\n\n\n<h4 class=\"wp-block-heading\">\u0130n\u015faat sahas\u0131n\u0131n co\u011frafi konumu<\/h4>\n\n\n\n<p>Ana otoyollara ve metro hatlar\u0131na yak\u0131nl\u0131\u011f\u0131 sayesinde \u00dcmraniye, \u0130stanbul&#039;un di\u011fer b\u00f6lgelerine kolay ula\u015f\u0131m imkan\u0131 sunmaktad\u0131r. Bu stratejik konum, \u00dcmraniye&#039;yi \u0130stanbul&#039;un Asya yakas\u0131nda ya\u015famak isteyen yat\u0131r\u0131mc\u0131lar ve aileler i\u00e7in cazip hale getirmi\u015ftir.<\/p>\n\n\n\n<h4 class=\"wp-block-heading\">Geli\u015ftirme alan\u0131n\u0131n \u00f6zellikleri<\/h4>\n\n\n\n<ul class=\"wp-block-list\">\n<li>Konut projeleri ve modern kuleler<\/li>\n\n\n\n<li>Al\u0131\u015fveri\u015f merkezleri ve b\u00fcy\u00fck ticari kompleksler<\/li>\n\n\n\n<li>\u00c7e\u015fitli restoranlar, kafeler ve e\u011flence mekanlar\u0131<\/li>\n\n\n\n<li>Metrob\u00fcs ve toplu ta\u015f\u0131ma ara\u00e7lar\u0131na kolay eri\u015fim.<\/li>\n\n\n\n<li>Dinamik \u00e7evre ve gen\u00e7 n\u00fcfus<\/li>\n<\/ul>\n\n\n\n<h4 class=\"wp-block-heading\">Omraniyeh&#039;te gayrimenkul sat\u0131n almak<\/h4>\n\n\n\n<p>H\u0131zl\u0131 geli\u015fim ve modern projeler nedeniyle, bu b\u00f6lgede gayrimenkul sat\u0131n almak \u0130stanbul&#039;un Asya yakas\u0131ndaki en iyi yat\u0131r\u0131m f\u0131rsatlar\u0131ndan biri olarak kabul ediliyor. Fiyatlar baz\u0131 merkezi b\u00f6lgelere k\u0131yasla hala makul seviyede ve gayrimenkul de\u011ferlerinin gelecekte artmas\u0131 bekleniyor.<\/p>\n\n\n\n<h4 class=\"wp-block-heading\">Omraniyeh&#039;te Ya\u015fam Tarz\u0131<\/h4>\n\n\n\n<p>Banliy\u00f6 hayat\u0131, \u00e7e\u015fitli unsurlar\u0131n birle\u015fiminden olu\u015fur. <strong>Modern \u015fehir ya\u015fam\u0131, hizmetlere ve yat\u0131r\u0131m f\u0131rsatlar\u0131na kolay eri\u015fim.<\/strong> Bu b\u00f6lge aileler, gen\u00e7ler ve aktif ve ekonomik bir ya\u015fam arayanlar i\u00e7in idealdir.<\/p>\n\n\n\n<hr class=\"wp-block-separator has-alpha-channel-opacity\"\/>\n\n\n\n<h3 class=\"wp-block-heading\">\u2705 Sonu\u00e7<\/h3>\n\n\n\n<p>Modern projeleri, eksiksiz kentsel olanaklar\u0131 ve stratejik konumuyla \u0130stanbul \u00dcmraniye il\u00e7esi, \u0130stanbul&#039;un Asya yakas\u0131nda yat\u0131r\u0131m ve ya\u015fam i\u00e7in en iyi se\u00e7eneklerden biridir.<\/p>","protected":false},"excerpt":{"rendered":"<p>\u0645\u0646\u0637\u0642\u0647 \u0639\u0645\u0631\u0627\u0646\u06cc\u0647 (\u00dcmraniye) \u062f\u0631 \u0628\u062e\u0634 \u0622\u0633\u06cc\u0627\u06cc\u06cc \u0627\u0633\u062a\u0627\u0646\u0628\u0648\u0644 \u06cc\u06a9\u06cc \u0627\u0632 \u0633\u0631\u06cc\u0639\u200c\u062a\u0631\u06cc\u0646 \u0645\u0646\u0627\u0637\u0642 \u062f\u0631 \u062d\u0627\u0644 \u062a\u0648\u0633\u0639\u0647 \u0627\u0633\u062a. \u0637\u06cc \u0633\u0627\u0644\u200c\u0647\u0627\u06cc \u0627\u062e\u06cc\u0631\u060c \u067e\u0631\u0648\u0698\u0647\u200c\u0647\u0627\u06cc \u0645\u0633\u06a9\u0648\u0646\u06cc \u0648 \u062a\u062c\u0627\u0631\u06cc \u0632\u06cc\u0627\u062f\u06cc \u062f\u0631 \u0627\u06cc\u0646 \u0645\u0646\u0637\u0642\u0647 \u0633\u0627\u062e\u062a\u0647 \u0634\u062f\u0647\u200c\u0627\u0646\u062f \u06a9\u0647 \u0622\u0646 \u0631\u0627 \u0628\u0647 \u06cc\u06a9\u06cc \u0627\u0632 \u0642\u0637\u0628\u200c\u0647\u0627\u06cc \u0645\u0647\u0645 \u0634\u0647\u0631\u06cc \u0648 \u0633\u0631\u0645\u0627\u06cc\u0647\u200c\u06af\u0630\u0627\u0631\u06cc \u062a\u0628\u062f\u06cc\u0644 \u06a9\u0631\u062f\u0647 \u0627\u0633\u062a. \u0645\u0648\u0642\u0639\u06cc\u062a \u062c\u063a\u0631\u0627\u0641\u06cc\u0627\u06cc\u06cc \u0639\u0645\u0631\u0627\u0646\u06cc\u0647 \u0639\u0645\u0631\u0627\u0646\u06cc\u0647 \u062f\u0631 \u0646\u0632\u062f\u06cc\u06a9\u06cc \u0628\u0632\u0631\u06af\u0631\u0627\u0647\u200c\u0647\u0627 \u0648 \u062e\u0637\u0648\u0637 \u0627\u0635\u0644\u06cc \u0645\u062a\u0631\u0648 \u0642\u0631\u0627\u0631 \u062f\u0627\u0631\u062f [&hellip;]<\/p>\n","protected":false},"author":52,"featured_media":4937,"comment_status":"open","ping_status":"open","sticky":false,"template":"","format":"standard","meta":{"googlesitekit_rrm_CAow34nBDA:productID":"","footnotes":""},"categories":[19],"tags":[192,193,194],"class_list":["post-4936","post","type-post","status-publish","format-standard","has-post-thumbnail","hentry","category-istanbul-neighborhoods-guide","tag-192","tag-193","tag-194"],"yoast_head":"<!-- This site is optimized with the Yoast SEO Premium plugin v26.9 (Yoast SEO v27.4) - https:\/\/yoast.com\/product\/yoast-seo-premium-wordpress\/ -->\n<title>\u0645\u0646\u0637\u0642\u0647 \u0639\u0645\u0631\u0627\u0646\u06cc\u0647 \u0627\u0633\u062a\u0627\u0646\u0628\u0648\u0644 | \u0645\u0631\u06a9\u0632 \u062f\u0631 \u062d\u0627\u0644 \u062a\u0648\u0633\u0639\u0647 \u062f\u0631 \u0628\u062e\u0634 \u0622\u0633\u06cc\u0627\u06cc\u06cc<\/title>\n<meta name=\"description\" content=\"\u0645\u0646\u0637\u0642\u0647 \u0639\u0645\u0631\u0627\u0646\u06cc\u0647 \u0627\u0633\u062a\u0627\u0646\u0628\u0648\u0644 \u062f\u0631 \u0628\u062e\u0634 \u0622\u0633\u06cc\u0627\u06cc\u06cc \u06cc\u06a9 \u0645\u0646\u0637\u0642\u0647 \u062f\u0631 \u062d\u0627\u0644 \u062a\u0648\u0633\u0639\u0647 \u0628\u0627 \u067e\u0631\u0648\u0698\u0647\u200c\u0647\u0627\u06cc \u0645\u0633\u06a9\u0648\u0646\u06cc \u0648 \u062a\u062c\u0627\u0631\u06cc \u0645\u062f\u0631\u0646\u060c \u0641\u0631\u0635\u062a\u200c\u0647\u0627\u06cc \u0633\u0631\u0645\u0627\u06cc\u0647\u200c\u06af\u0630\u0627\u0631\u06cc \u0648 \u0632\u0646\u062f\u06af\u06cc \u0634\u0647\u0631\u06cc \u067e\u0648\u06cc\u0627 \u0627\u0631\u0627\u0626\u0647 \u0645\u06cc\u200c\u062f\u0647\u062f.\" \/>\n<meta name=\"robots\" content=\"index, follow, max-snippet:-1, max-image-preview:large, max-video-preview:-1\" \/>\n<link rel=\"canonical\" href=\"https:\/\/aloturkey.org\/tr\/2025\/09\/19\/istanbulun-kentsel-alani\/\" \/>\n<meta property=\"og:locale\" content=\"tr_TR\" \/>\n<meta property=\"og:type\" content=\"article\" \/>\n<meta property=\"og:title\" content=\"\u0645\u0646\u0637\u0642\u0647 \u0639\u0645\u0631\u0627\u0646\u06cc\u0647 \u0627\u0633\u062a\u0627\u0646\u0628\u0648\u0644 | \u0645\u0631\u06a9\u0632 \u062f\u0631 \u062d\u0627\u0644 \u062a\u0648\u0633\u0639\u0647 \u062f\u0631 \u0628\u062e\u0634 \u0622\u0633\u06cc\u0627\u06cc\u06cc\" \/>\n<meta property=\"og:description\" content=\"\u0645\u0646\u0637\u0642\u0647 \u0639\u0645\u0631\u0627\u0646\u06cc\u0647 \u0627\u0633\u062a\u0627\u0646\u0628\u0648\u0644 \u062f\u0631 \u0628\u062e\u0634 \u0622\u0633\u06cc\u0627\u06cc\u06cc \u06cc\u06a9 \u0645\u0646\u0637\u0642\u0647 \u062f\u0631 \u062d\u0627\u0644 \u062a\u0648\u0633\u0639\u0647 \u0628\u0627 \u067e\u0631\u0648\u0698\u0647\u200c\u0647\u0627\u06cc \u0645\u0633\u06a9\u0648\u0646\u06cc \u0648 \u062a\u062c\u0627\u0631\u06cc \u0645\u062f\u0631\u0646\u060c \u0641\u0631\u0635\u062a\u200c\u0647\u0627\u06cc \u0633\u0631\u0645\u0627\u06cc\u0647\u200c\u06af\u0630\u0627\u0631\u06cc \u0648 \u0632\u0646\u062f\u06af\u06cc \u0634\u0647\u0631\u06cc \u067e\u0648\u06cc\u0627 \u0627\u0631\u0627\u0626\u0647 \u0645\u06cc\u200c\u062f\u0647\u062f.\" \/>\n<meta property=\"og:url\" content=\"https:\/\/aloturkey.org\/tr\/2025\/09\/19\/istanbulun-kentsel-alani\/\" \/>\n<meta property=\"og:site_name\" content=\"ALO TURKEY\" \/>\n<meta property=\"article:published_time\" content=\"2025-09-18T23:00:03+00:00\" \/>\n<meta property=\"article:modified_time\" content=\"2025-12-01T18:59:23+00:00\" \/>\n<meta property=\"og:image\" content=\"https:\/\/aloturkey.org\/wp-content\/uploads\/2025\/09\/Umraniye-District-\u2013-Developing-Urban-Hub-in-Asian-Istanbul.jpg\" \/>\n\t<meta property=\"og:image:width\" content=\"1200\" \/>\n\t<meta property=\"og:image:height\" content=\"630\" \/>\n\t<meta property=\"og:image:type\" content=\"image\/jpeg\" \/>\n<meta name=\"author\" content=\"alo\" \/>\n<meta name=\"twitter:card\" content=\"summary_large_image\" \/>\n<meta name=\"twitter:label1\" content=\"Yazan:\" \/>\n\t<meta name=\"twitter:data1\" content=\"alo\" \/>\n\t<meta name=\"twitter:label2\" content=\"Tahmini okuma s\u00fcresi\" \/>\n\t<meta name=\"twitter:data2\" content=\"2 dakika\" \/>\n<script type=\"application\/ld+json\" class=\"yoast-schema-graph\">{\"@context\":\"https:\\\/\\\/schema.org\",\"@graph\":[{\"@type\":\"Article\",\"@id\":\"https:\\\/\\\/aloturkey.org\\\/2025\\\/09\\\/19\\\/%d9%85%d9%86%d8%b7%d9%82%d9%87-%d8%b9%d9%85%d8%b1%d8%a7%d9%86%db%8c%d9%87-%d8%a7%d8%b3%d8%aa%d8%a7%d9%86%d8%a8%d9%88%d9%84\\\/#article\",\"isPartOf\":{\"@id\":\"https:\\\/\\\/aloturkey.org\\\/2025\\\/09\\\/19\\\/%d9%85%d9%86%d8%b7%d9%82%d9%87-%d8%b9%d9%85%d8%b1%d8%a7%d9%86%db%8c%d9%87-%d8%a7%d8%b3%d8%aa%d8%a7%d9%86%d8%a8%d9%88%d9%84\\\/\"},\"author\":{\"name\":\"alo\",\"@id\":\"https:\\\/\\\/aloturkey.org\\\/#\\\/schema\\\/person\\\/57cbbcd68162166bf85312dc0f1cb58b\"},\"headline\":\"\u0645\u0646\u0637\u0642\u0647 \u0639\u0645\u0631\u0627\u0646\u06cc\u0647 \u0627\u0633\u062a\u0627\u0646\u0628\u0648\u0644 | \u0645\u0631\u06a9\u0632 \u062f\u0631 \u062d\u0627\u0644 \u062a\u0648\u0633\u0639\u0647 \u062f\u0631 \u0628\u062e\u0634 \u0622\u0633\u06cc\u0627\u06cc\u06cc\",\"datePublished\":\"2025-09-18T23:00:03+00:00\",\"dateModified\":\"2025-12-01T18:59:23+00:00\",\"mainEntityOfPage\":{\"@id\":\"https:\\\/\\\/aloturkey.org\\\/2025\\\/09\\\/19\\\/%d9%85%d9%86%d8%b7%d9%82%d9%87-%d8%b9%d9%85%d8%b1%d8%a7%d9%86%db%8c%d9%87-%d8%a7%d8%b3%d8%aa%d8%a7%d9%86%d8%a8%d9%88%d9%84\\\/\"},\"wordCount\":1,\"commentCount\":0,\"publisher\":{\"@id\":\"https:\\\/\\\/aloturkey.org\\\/#organization\"},\"image\":{\"@id\":\"https:\\\/\\\/aloturkey.org\\\/2025\\\/09\\\/19\\\/%d9%85%d9%86%d8%b7%d9%82%d9%87-%d8%b9%d9%85%d8%b1%d8%a7%d9%86%db%8c%d9%87-%d8%a7%d8%b3%d8%aa%d8%a7%d9%86%d8%a8%d9%88%d9%84\\\/#primaryimage\"},\"thumbnailUrl\":\"https:\\\/\\\/aloturkey.org\\\/wp-content\\\/uploads\\\/2025\\\/09\\\/Umraniye-District-\u2013-Developing-Urban-Hub-in-Asian-Istanbul.jpg\",\"keywords\":[\"\u062e\u0631\u06cc\u062f \u0645\u0644\u06a9 \u062f\u0631 \u0639\u0645\u0631\u0627\u0646\u06cc\u0647\",\"\u0632\u0646\u062f\u06af\u06cc \u062f\u0631 \u0639\u0645\u0631\u0627\u0646\u06cc\u0647\",\"\u0645\u0646\u0627\u0637\u0642 \u062f\u0631 \u062d\u0627\u0644 \u062a\u0648\u0633\u0639\u0647 \u0627\u0633\u062a\u0627\u0646\u0628\u0648\u0644\"],\"articleSection\":[\"\u0631\u0627\u0647\u0646\u0645\u0627\u06cc \u0645\u0646\u0627\u0637\u0642 \u0627\u0633\u062a\u0627\u0646\u0628\u0648\u0644\"],\"inLanguage\":\"tr\",\"potentialAction\":[{\"@type\":\"CommentAction\",\"name\":\"Comment\",\"target\":[\"https:\\\/\\\/aloturkey.org\\\/2025\\\/09\\\/19\\\/%d9%85%d9%86%d8%b7%d9%82%d9%87-%d8%b9%d9%85%d8%b1%d8%a7%d9%86%db%8c%d9%87-%d8%a7%d8%b3%d8%aa%d8%a7%d9%86%d8%a8%d9%88%d9%84\\\/#respond\"]}]},{\"@type\":\"WebPage\",\"@id\":\"https:\\\/\\\/aloturkey.org\\\/2025\\\/09\\\/19\\\/%d9%85%d9%86%d8%b7%d9%82%d9%87-%d8%b9%d9%85%d8%b1%d8%a7%d9%86%db%8c%d9%87-%d8%a7%d8%b3%d8%aa%d8%a7%d9%86%d8%a8%d9%88%d9%84\\\/\",\"url\":\"https:\\\/\\\/aloturkey.org\\\/2025\\\/09\\\/19\\\/%d9%85%d9%86%d8%b7%d9%82%d9%87-%d8%b9%d9%85%d8%b1%d8%a7%d9%86%db%8c%d9%87-%d8%a7%d8%b3%d8%aa%d8%a7%d9%86%d8%a8%d9%88%d9%84\\\/\",\"name\":\"\u0645\u0646\u0637\u0642\u0647 \u0639\u0645\u0631\u0627\u0646\u06cc\u0647 \u0627\u0633\u062a\u0627\u0646\u0628\u0648\u0644 | \u0645\u0631\u06a9\u0632 \u062f\u0631 \u062d\u0627\u0644 \u062a\u0648\u0633\u0639\u0647 \u062f\u0631 \u0628\u062e\u0634 \u0622\u0633\u06cc\u0627\u06cc\u06cc\",\"isPartOf\":{\"@id\":\"https:\\\/\\\/aloturkey.org\\\/#website\"},\"primaryImageOfPage\":{\"@id\":\"https:\\\/\\\/aloturkey.org\\\/2025\\\/09\\\/19\\\/%d9%85%d9%86%d8%b7%d9%82%d9%87-%d8%b9%d9%85%d8%b1%d8%a7%d9%86%db%8c%d9%87-%d8%a7%d8%b3%d8%aa%d8%a7%d9%86%d8%a8%d9%88%d9%84\\\/#primaryimage\"},\"image\":{\"@id\":\"https:\\\/\\\/aloturkey.org\\\/2025\\\/09\\\/19\\\/%d9%85%d9%86%d8%b7%d9%82%d9%87-%d8%b9%d9%85%d8%b1%d8%a7%d9%86%db%8c%d9%87-%d8%a7%d8%b3%d8%aa%d8%a7%d9%86%d8%a8%d9%88%d9%84\\\/#primaryimage\"},\"thumbnailUrl\":\"https:\\\/\\\/aloturkey.org\\\/wp-content\\\/uploads\\\/2025\\\/09\\\/Umraniye-District-\u2013-Developing-Urban-Hub-in-Asian-Istanbul.jpg\",\"datePublished\":\"2025-09-18T23:00:03+00:00\",\"dateModified\":\"2025-12-01T18:59:23+00:00\",\"description\":\"\u0645\u0646\u0637\u0642\u0647 \u0639\u0645\u0631\u0627\u0646\u06cc\u0647 \u0627\u0633\u062a\u0627\u0646\u0628\u0648\u0644 \u062f\u0631 \u0628\u062e\u0634 \u0622\u0633\u06cc\u0627\u06cc\u06cc \u06cc\u06a9 \u0645\u0646\u0637\u0642\u0647 \u062f\u0631 \u062d\u0627\u0644 \u062a\u0648\u0633\u0639\u0647 \u0628\u0627 \u067e\u0631\u0648\u0698\u0647\u200c\u0647\u0627\u06cc \u0645\u0633\u06a9\u0648\u0646\u06cc \u0648 \u062a\u062c\u0627\u0631\u06cc \u0645\u062f\u0631\u0646\u060c \u0641\u0631\u0635\u062a\u200c\u0647\u0627\u06cc \u0633\u0631\u0645\u0627\u06cc\u0647\u200c\u06af\u0630\u0627\u0631\u06cc \u0648 \u0632\u0646\u062f\u06af\u06cc \u0634\u0647\u0631\u06cc \u067e\u0648\u06cc\u0627 \u0627\u0631\u0627\u0626\u0647 \u0645\u06cc\u200c\u062f\u0647\u062f.\",\"breadcrumb\":{\"@id\":\"https:\\\/\\\/aloturkey.org\\\/2025\\\/09\\\/19\\\/%d9%85%d9%86%d8%b7%d9%82%d9%87-%d8%b9%d9%85%d8%b1%d8%a7%d9%86%db%8c%d9%87-%d8%a7%d8%b3%d8%aa%d8%a7%d9%86%d8%a8%d9%88%d9%84\\\/#breadcrumb\"},\"inLanguage\":\"tr\",\"potentialAction\":[{\"@type\":\"ReadAction\",\"target\":[\"https:\\\/\\\/aloturkey.org\\\/2025\\\/09\\\/19\\\/%d9%85%d9%86%d8%b7%d9%82%d9%87-%d8%b9%d9%85%d8%b1%d8%a7%d9%86%db%8c%d9%87-%d8%a7%d8%b3%d8%aa%d8%a7%d9%86%d8%a8%d9%88%d9%84\\\/\"]}]},{\"@type\":\"ImageObject\",\"inLanguage\":\"tr\",\"@id\":\"https:\\\/\\\/aloturkey.org\\\/2025\\\/09\\\/19\\\/%d9%85%d9%86%d8%b7%d9%82%d9%87-%d8%b9%d9%85%d8%b1%d8%a7%d9%86%db%8c%d9%87-%d8%a7%d8%b3%d8%aa%d8%a7%d9%86%d8%a8%d9%88%d9%84\\\/#primaryimage\",\"url\":\"https:\\\/\\\/aloturkey.org\\\/wp-content\\\/uploads\\\/2025\\\/09\\\/Umraniye-District-\u2013-Developing-Urban-Hub-in-Asian-Istanbul.jpg\",\"contentUrl\":\"https:\\\/\\\/aloturkey.org\\\/wp-content\\\/uploads\\\/2025\\\/09\\\/Umraniye-District-\u2013-Developing-Urban-Hub-in-Asian-Istanbul.jpg\",\"width\":1200,\"height\":630,\"caption\":\"\u0645\u0646\u0637\u0642\u0647 \u0639\u0645\u0631\u0627\u0646\u06cc\u0647 \u0627\u0633\u062a\u0627\u0646\u0628\u0648\u0644 | \u0645\u0631\u06a9\u0632 \u062f\u0631 \u062d\u0627\u0644 \u062a\u0648\u0633\u0639\u0647 \u062f\u0631 \u0628\u062e\u0634 \u0622\u0633\u06cc\u0627\u06cc\u06cc\"},{\"@type\":\"BreadcrumbList\",\"@id\":\"https:\\\/\\\/aloturkey.org\\\/2025\\\/09\\\/19\\\/%d9%85%d9%86%d8%b7%d9%82%d9%87-%d8%b9%d9%85%d8%b1%d8%a7%d9%86%db%8c%d9%87-%d8%a7%d8%b3%d8%aa%d8%a7%d9%86%d8%a8%d9%88%d9%84\\\/#breadcrumb\",\"itemListElement\":[{\"@type\":\"ListItem\",\"position\":1,\"name\":\"Home\",\"item\":\"https:\\\/\\\/aloturkey.org\\\/\"},{\"@type\":\"ListItem\",\"position\":2,\"name\":\"\u0645\u0646\u0637\u0642\u0647 \u0639\u0645\u0631\u0627\u0646\u06cc\u0647 \u0627\u0633\u062a\u0627\u0646\u0628\u0648\u0644 | \u0645\u0631\u06a9\u0632 \u062f\u0631 \u062d\u0627\u0644 \u062a\u0648\u0633\u0639\u0647 \u062f\u0631 \u0628\u062e\u0634 \u0622\u0633\u06cc\u0627\u06cc\u06cc\"}]},{\"@type\":\"WebSite\",\"@id\":\"https:\\\/\\\/aloturkey.org\\\/#website\",\"url\":\"https:\\\/\\\/aloturkey.org\\\/\",\"name\":\"ALO TURKEY\",\"description\":\"\u0641\u0631\u0648\u0634 \u0645\u0644\u06a9 \u062f\u0631 \u062a\u0631\u06a9\u06cc\u0647\",\"publisher\":{\"@id\":\"https:\\\/\\\/aloturkey.org\\\/#organization\"},\"alternateName\":\"\u0627\u0644\u0648 \u062a\u0631\u06a9\u06cc\u0647\",\"potentialAction\":[{\"@type\":\"SearchAction\",\"target\":{\"@type\":\"EntryPoint\",\"urlTemplate\":\"https:\\\/\\\/aloturkey.org\\\/?s={search_term_string}\"},\"query-input\":{\"@type\":\"PropertyValueSpecification\",\"valueRequired\":true,\"valueName\":\"search_term_string\"}}],\"inLanguage\":\"tr\"},{\"@type\":[\"Organization\",\"Place\",\"RealEstateAgent\"],\"@id\":\"https:\\\/\\\/aloturkey.org\\\/#organization\",\"name\":\"ALO TURKEY\",\"alternateName\":\"ALOTURKEY\",\"url\":\"https:\\\/\\\/aloturkey.org\\\/\",\"logo\":{\"@id\":\"https:\\\/\\\/aloturkey.org\\\/2025\\\/09\\\/19\\\/%d9%85%d9%86%d8%b7%d9%82%d9%87-%d8%b9%d9%85%d8%b1%d8%a7%d9%86%db%8c%d9%87-%d8%a7%d8%b3%d8%aa%d8%a7%d9%86%d8%a8%d9%88%d9%84\\\/#local-main-organization-logo\"},\"image\":{\"@id\":\"https:\\\/\\\/aloturkey.org\\\/2025\\\/09\\\/19\\\/%d9%85%d9%86%d8%b7%d9%82%d9%87-%d8%b9%d9%85%d8%b1%d8%a7%d9%86%db%8c%d9%87-%d8%a7%d8%b3%d8%aa%d8%a7%d9%86%d8%a8%d9%88%d9%84\\\/#local-main-organization-logo\"},\"description\":\"Aloturkey\u061b \u0647\u0645\u0631\u0627\u0647 \u0645\u0637\u0645\u0626\u0646 \u0634\u0645\u0627 \u062f\u0631 \u0645\u0633\u06cc\u0631 \u062e\u0631\u06cc\u062f \u0645\u0644\u06a9 \u0648 \u062f\u0631\u06cc\u0627\u0641\u062a \u0634\u0647\u0631\u0648\u0646\u062f\u06cc \u062a\u0631\u06a9\u06cc\u0647\",\"numberOfEmployees\":{\"@type\":\"QuantitativeValue\",\"minValue\":\"1\",\"maxValue\":\"10\"},\"publishingPrinciples\":\"https:\\\/\\\/aloturkey.org\\\/my-properties\\\/\",\"ownershipFundingInfo\":\"https:\\\/\\\/aloturkey.org\\\/disclaimer\\\/\",\"correctionsPolicy\":\"https:\\\/\\\/aloturkey.org\\\/disclaimer\\\/\",\"ethicsPolicy\":\"https:\\\/\\\/aloturkey.org\\\/investment-guide\\\/\",\"diversityPolicy\":\"https:\\\/\\\/aloturkey.org\\\/disclaimer\\\/\",\"diversityStaffingReport\":\"https:\\\/\\\/aloturkey.org\\\/investment-guide\\\/\",\"telephone\":[\"05395005000\"],\"contactPoint\":{\"@type\":\"ContactPoint\",\"telephone\":\"905395005000\"},\"openingHoursSpecification\":[{\"@type\":\"OpeningHoursSpecification\",\"dayOfWeek\":[\"Monday\",\"Tuesday\",\"Wednesday\",\"Thursday\",\"Friday\"],\"opens\":\"09:00\",\"closes\":\"17:00\"},{\"@type\":\"OpeningHoursSpecification\",\"dayOfWeek\":[\"Saturday\",\"Sunday\"],\"opens\":\"10:00\",\"closes\":\"14:00\"}],\"email\":\"info@aloturkey.org\",\"faxNumber\":\"Alo Turkey\"},{\"@type\":\"Person\",\"@id\":\"https:\\\/\\\/aloturkey.org\\\/#\\\/schema\\\/person\\\/57cbbcd68162166bf85312dc0f1cb58b\",\"name\":\"alo\",\"image\":{\"@type\":\"ImageObject\",\"inLanguage\":\"tr\",\"@id\":\"https:\\\/\\\/secure.gravatar.com\\\/avatar\\\/ca843a4690aaaa09d1a088ad0577c7395489e64dd8ef6fece1dfff346994400f?s=96&d=mm&r=g\",\"url\":\"https:\\\/\\\/secure.gravatar.com\\\/avatar\\\/ca843a4690aaaa09d1a088ad0577c7395489e64dd8ef6fece1dfff346994400f?s=96&d=mm&r=g\",\"contentUrl\":\"https:\\\/\\\/secure.gravatar.com\\\/avatar\\\/ca843a4690aaaa09d1a088ad0577c7395489e64dd8ef6fece1dfff346994400f?s=96&d=mm&r=g\",\"caption\":\"alo\"},\"sameAs\":[\"https:\\\/\\\/aloturkey.org\",\"https:\\\/\\\/www.instagram.com\\\/aloturkeye\"],\"url\":\"https:\\\/\\\/aloturkey.org\\\/tr\\\/author\\\/adminat\\\/\"},{\"@type\":\"ImageObject\",\"inLanguage\":\"tr\",\"@id\":\"https:\\\/\\\/aloturkey.org\\\/2025\\\/09\\\/19\\\/%d9%85%d9%86%d8%b7%d9%82%d9%87-%d8%b9%d9%85%d8%b1%d8%a7%d9%86%db%8c%d9%87-%d8%a7%d8%b3%d8%aa%d8%a7%d9%86%d8%a8%d9%88%d9%84\\\/#local-main-organization-logo\",\"url\":\"https:\\\/\\\/aloturkey.org\\\/wp-content\\\/uploads\\\/wp-realestate-uploads\\\/user_avatar\\\/2025\\\/08\\\/logo-icon.png\",\"contentUrl\":\"https:\\\/\\\/aloturkey.org\\\/wp-content\\\/uploads\\\/wp-realestate-uploads\\\/user_avatar\\\/2025\\\/08\\\/logo-icon.png\",\"width\":160,\"height\":160,\"caption\":\"ALO TURKEY\"}]}<\/script>\n<meta name=\"geo.placename\" content=\"ISTANBUL\" \/>\n<meta name=\"geo.region\" content=\"T\u00fcrkiye\" \/>\n<!-- \/ Yoast SEO Premium plugin. -->","yoast_head_json":{"title":"\u0130stanbul&#039;un \u00dcmraniye \u0130l\u00e7esi | Asya Yakas\u0131nda Geli\u015fen Bir Merkez","description":"\u0130stanbul&#039;un Asya yakas\u0131nda yer alan \u00dcmraniye il\u00e7esi, modern konut ve ticari projeleriyle geli\u015fmekte olan bir b\u00f6lge olup, yat\u0131r\u0131m f\u0131rsatlar\u0131 ve dinamik bir \u015fehir hayat\u0131 sunmaktad\u0131r.","robots":{"index":"index","follow":"follow","max-snippet":"max-snippet:-1","max-image-preview":"max-image-preview:large","max-video-preview":"max-video-preview:-1"},"canonical":"https:\/\/aloturkey.org\/tr\/2025\/09\/19\/istanbulun-kentsel-alani\/","og_locale":"tr_TR","og_type":"article","og_title":"\u0645\u0646\u0637\u0642\u0647 \u0639\u0645\u0631\u0627\u0646\u06cc\u0647 \u0627\u0633\u062a\u0627\u0646\u0628\u0648\u0644 | \u0645\u0631\u06a9\u0632 \u062f\u0631 \u062d\u0627\u0644 \u062a\u0648\u0633\u0639\u0647 \u062f\u0631 \u0628\u062e\u0634 \u0622\u0633\u06cc\u0627\u06cc\u06cc","og_description":"\u0645\u0646\u0637\u0642\u0647 \u0639\u0645\u0631\u0627\u0646\u06cc\u0647 \u0627\u0633\u062a\u0627\u0646\u0628\u0648\u0644 \u062f\u0631 \u0628\u062e\u0634 \u0622\u0633\u06cc\u0627\u06cc\u06cc \u06cc\u06a9 \u0645\u0646\u0637\u0642\u0647 \u062f\u0631 \u062d\u0627\u0644 \u062a\u0648\u0633\u0639\u0647 \u0628\u0627 \u067e\u0631\u0648\u0698\u0647\u200c\u0647\u0627\u06cc \u0645\u0633\u06a9\u0648\u0646\u06cc \u0648 \u062a\u062c\u0627\u0631\u06cc \u0645\u062f\u0631\u0646\u060c \u0641\u0631\u0635\u062a\u200c\u0647\u0627\u06cc \u0633\u0631\u0645\u0627\u06cc\u0647\u200c\u06af\u0630\u0627\u0631\u06cc \u0648 \u0632\u0646\u062f\u06af\u06cc \u0634\u0647\u0631\u06cc \u067e\u0648\u06cc\u0627 \u0627\u0631\u0627\u0626\u0647 \u0645\u06cc\u200c\u062f\u0647\u062f.","og_url":"https:\/\/aloturkey.org\/tr\/2025\/09\/19\/istanbulun-kentsel-alani\/","og_site_name":"ALO TURKEY","article_published_time":"2025-09-18T23:00:03+00:00","article_modified_time":"2025-12-01T18:59:23+00:00","og_image":[{"width":1200,"height":630,"url":"https:\/\/aloturkey.org\/wp-content\/uploads\/2025\/09\/Umraniye-District-\u2013-Developing-Urban-Hub-in-Asian-Istanbul.jpg","type":"image\/jpeg"}],"author":"alo","twitter_card":"summary_large_image","twitter_misc":{"Yazan:":"alo","Tahmini okuma s\u00fcresi":"2 dakika"},"schema":{"@context":"https:\/\/schema.org","@graph":[{"@type":"Article","@id":"https:\/\/aloturkey.org\/2025\/09\/19\/%d9%85%d9%86%d8%b7%d9%82%d9%87-%d8%b9%d9%85%d8%b1%d8%a7%d9%86%db%8c%d9%87-%d8%a7%d8%b3%d8%aa%d8%a7%d9%86%d8%a8%d9%88%d9%84\/#article","isPartOf":{"@id":"https:\/\/aloturkey.org\/2025\/09\/19\/%d9%85%d9%86%d8%b7%d9%82%d9%87-%d8%b9%d9%85%d8%b1%d8%a7%d9%86%db%8c%d9%87-%d8%a7%d8%b3%d8%aa%d8%a7%d9%86%d8%a8%d9%88%d9%84\/"},"author":{"name":"alo","@id":"https:\/\/aloturkey.org\/#\/schema\/person\/57cbbcd68162166bf85312dc0f1cb58b"},"headline":"\u0645\u0646\u0637\u0642\u0647 \u0639\u0645\u0631\u0627\u0646\u06cc\u0647 \u0627\u0633\u062a\u0627\u0646\u0628\u0648\u0644 | \u0645\u0631\u06a9\u0632 \u062f\u0631 \u062d\u0627\u0644 \u062a\u0648\u0633\u0639\u0647 \u062f\u0631 \u0628\u062e\u0634 \u0622\u0633\u06cc\u0627\u06cc\u06cc","datePublished":"2025-09-18T23:00:03+00:00","dateModified":"2025-12-01T18:59:23+00:00","mainEntityOfPage":{"@id":"https:\/\/aloturkey.org\/2025\/09\/19\/%d9%85%d9%86%d8%b7%d9%82%d9%87-%d8%b9%d9%85%d8%b1%d8%a7%d9%86%db%8c%d9%87-%d8%a7%d8%b3%d8%aa%d8%a7%d9%86%d8%a8%d9%88%d9%84\/"},"wordCount":1,"commentCount":0,"publisher":{"@id":"https:\/\/aloturkey.org\/#organization"},"image":{"@id":"https:\/\/aloturkey.org\/2025\/09\/19\/%d9%85%d9%86%d8%b7%d9%82%d9%87-%d8%b9%d9%85%d8%b1%d8%a7%d9%86%db%8c%d9%87-%d8%a7%d8%b3%d8%aa%d8%a7%d9%86%d8%a8%d9%88%d9%84\/#primaryimage"},"thumbnailUrl":"https:\/\/aloturkey.org\/wp-content\/uploads\/2025\/09\/Umraniye-District-\u2013-Developing-Urban-Hub-in-Asian-Istanbul.jpg","keywords":["\u062e\u0631\u06cc\u062f \u0645\u0644\u06a9 \u062f\u0631 \u0639\u0645\u0631\u0627\u0646\u06cc\u0647","\u0632\u0646\u062f\u06af\u06cc \u062f\u0631 \u0639\u0645\u0631\u0627\u0646\u06cc\u0647","\u0645\u0646\u0627\u0637\u0642 \u062f\u0631 \u062d\u0627\u0644 \u062a\u0648\u0633\u0639\u0647 \u0627\u0633\u062a\u0627\u0646\u0628\u0648\u0644"],"articleSection":["\u0631\u0627\u0647\u0646\u0645\u0627\u06cc \u0645\u0646\u0627\u0637\u0642 \u0627\u0633\u062a\u0627\u0646\u0628\u0648\u0644"],"inLanguage":"tr","potentialAction":[{"@type":"CommentAction","name":"Comment","target":["https:\/\/aloturkey.org\/2025\/09\/19\/%d9%85%d9%86%d8%b7%d9%82%d9%87-%d8%b9%d9%85%d8%b1%d8%a7%d9%86%db%8c%d9%87-%d8%a7%d8%b3%d8%aa%d8%a7%d9%86%d8%a8%d9%88%d9%84\/#respond"]}]},{"@type":"WebPage","@id":"https:\/\/aloturkey.org\/2025\/09\/19\/%d9%85%d9%86%d8%b7%d9%82%d9%87-%d8%b9%d9%85%d8%b1%d8%a7%d9%86%db%8c%d9%87-%d8%a7%d8%b3%d8%aa%d8%a7%d9%86%d8%a8%d9%88%d9%84\/","url":"https:\/\/aloturkey.org\/2025\/09\/19\/%d9%85%d9%86%d8%b7%d9%82%d9%87-%d8%b9%d9%85%d8%b1%d8%a7%d9%86%db%8c%d9%87-%d8%a7%d8%b3%d8%aa%d8%a7%d9%86%d8%a8%d9%88%d9%84\/","name":"\u0130stanbul&#039;un \u00dcmraniye \u0130l\u00e7esi | Asya Yakas\u0131nda Geli\u015fen Bir Merkez","isPartOf":{"@id":"https:\/\/aloturkey.org\/#website"},"primaryImageOfPage":{"@id":"https:\/\/aloturkey.org\/2025\/09\/19\/%d9%85%d9%86%d8%b7%d9%82%d9%87-%d8%b9%d9%85%d8%b1%d8%a7%d9%86%db%8c%d9%87-%d8%a7%d8%b3%d8%aa%d8%a7%d9%86%d8%a8%d9%88%d9%84\/#primaryimage"},"image":{"@id":"https:\/\/aloturkey.org\/2025\/09\/19\/%d9%85%d9%86%d8%b7%d9%82%d9%87-%d8%b9%d9%85%d8%b1%d8%a7%d9%86%db%8c%d9%87-%d8%a7%d8%b3%d8%aa%d8%a7%d9%86%d8%a8%d9%88%d9%84\/#primaryimage"},"thumbnailUrl":"https:\/\/aloturkey.org\/wp-content\/uploads\/2025\/09\/Umraniye-District-\u2013-Developing-Urban-Hub-in-Asian-Istanbul.jpg","datePublished":"2025-09-18T23:00:03+00:00","dateModified":"2025-12-01T18:59:23+00:00","description":"\u0130stanbul&#039;un Asya yakas\u0131nda yer alan \u00dcmraniye il\u00e7esi, modern konut ve ticari projeleriyle geli\u015fmekte olan bir b\u00f6lge olup, yat\u0131r\u0131m f\u0131rsatlar\u0131 ve dinamik bir \u015fehir hayat\u0131 sunmaktad\u0131r.","breadcrumb":{"@id":"https:\/\/aloturkey.org\/2025\/09\/19\/%d9%85%d9%86%d8%b7%d9%82%d9%87-%d8%b9%d9%85%d8%b1%d8%a7%d9%86%db%8c%d9%87-%d8%a7%d8%b3%d8%aa%d8%a7%d9%86%d8%a8%d9%88%d9%84\/#breadcrumb"},"inLanguage":"tr","potentialAction":[{"@type":"ReadAction","target":["https:\/\/aloturkey.org\/2025\/09\/19\/%d9%85%d9%86%d8%b7%d9%82%d9%87-%d8%b9%d9%85%d8%b1%d8%a7%d9%86%db%8c%d9%87-%d8%a7%d8%b3%d8%aa%d8%a7%d9%86%d8%a8%d9%88%d9%84\/"]}]},{"@type":"ImageObject","inLanguage":"tr","@id":"https:\/\/aloturkey.org\/2025\/09\/19\/%d9%85%d9%86%d8%b7%d9%82%d9%87-%d8%b9%d9%85%d8%b1%d8%a7%d9%86%db%8c%d9%87-%d8%a7%d8%b3%d8%aa%d8%a7%d9%86%d8%a8%d9%88%d9%84\/#primaryimage","url":"https:\/\/aloturkey.org\/wp-content\/uploads\/2025\/09\/Umraniye-District-\u2013-Developing-Urban-Hub-in-Asian-Istanbul.jpg","contentUrl":"https:\/\/aloturkey.org\/wp-content\/uploads\/2025\/09\/Umraniye-District-\u2013-Developing-Urban-Hub-in-Asian-Istanbul.jpg","width":1200,"height":630,"caption":"\u0645\u0646\u0637\u0642\u0647 \u0639\u0645\u0631\u0627\u0646\u06cc\u0647 \u0627\u0633\u062a\u0627\u0646\u0628\u0648\u0644 | \u0645\u0631\u06a9\u0632 \u062f\u0631 \u062d\u0627\u0644 \u062a\u0648\u0633\u0639\u0647 \u062f\u0631 \u0628\u062e\u0634 \u0622\u0633\u06cc\u0627\u06cc\u06cc"},{"@type":"BreadcrumbList","@id":"https:\/\/aloturkey.org\/2025\/09\/19\/%d9%85%d9%86%d8%b7%d9%82%d9%87-%d8%b9%d9%85%d8%b1%d8%a7%d9%86%db%8c%d9%87-%d8%a7%d8%b3%d8%aa%d8%a7%d9%86%d8%a8%d9%88%d9%84\/#breadcrumb","itemListElement":[{"@type":"ListItem","position":1,"name":"Home","item":"https:\/\/aloturkey.org\/"},{"@type":"ListItem","position":2,"name":"\u0645\u0646\u0637\u0642\u0647 \u0639\u0645\u0631\u0627\u0646\u06cc\u0647 \u0627\u0633\u062a\u0627\u0646\u0628\u0648\u0644 | \u0645\u0631\u06a9\u0632 \u062f\u0631 \u062d\u0627\u0644 \u062a\u0648\u0633\u0639\u0647 \u062f\u0631 \u0628\u062e\u0634 \u0622\u0633\u06cc\u0627\u06cc\u06cc"}]},{"@type":"WebSite","@id":"https:\/\/aloturkey.org\/#website","url":"https:\/\/aloturkey.org\/","name":"ALO T\u00dcRK\u0130YE","description":"T\u00fcrkiye&#039;de m\u00fclk sat\u0131\u015f\u0131","publisher":{"@id":"https:\/\/aloturkey.org\/#organization"},"alternateName":"\u0627\u0644\u0648 \u062a\u0631\u06a9\u06cc\u0647","potentialAction":[{"@type":"SearchAction","target":{"@type":"EntryPoint","urlTemplate":"https:\/\/aloturkey.org\/?s={search_term_string}"},"query-input":{"@type":"PropertyValueSpecification","valueRequired":true,"valueName":"search_term_string"}}],"inLanguage":"tr"},{"@type":["Organization","Place","RealEstateAgent"],"@id":"https:\/\/aloturkey.org\/#organization","name":"ALO T\u00dcRK\u0130YE","alternateName":"ALOTURKEY","url":"https:\/\/aloturkey.org\/","logo":{"@id":"https:\/\/aloturkey.org\/2025\/09\/19\/%d9%85%d9%86%d8%b7%d9%82%d9%87-%d8%b9%d9%85%d8%b1%d8%a7%d9%86%db%8c%d9%87-%d8%a7%d8%b3%d8%aa%d8%a7%d9%86%d8%a8%d9%88%d9%84\/#local-main-organization-logo"},"image":{"@id":"https:\/\/aloturkey.org\/2025\/09\/19\/%d9%85%d9%86%d8%b7%d9%82%d9%87-%d8%b9%d9%85%d8%b1%d8%a7%d9%86%db%8c%d9%87-%d8%a7%d8%b3%d8%aa%d8%a7%d9%86%d8%a8%d9%88%d9%84\/#local-main-organization-logo"},"description":"Aloturkey; Gayrimenkul sat\u0131n alma ve T\u00fcrk vatanda\u015fl\u0131\u011f\u0131 alma yolunda g\u00fcvenilir yol arkada\u015f\u0131n\u0131z","numberOfEmployees":{"@type":"QuantitativeValue","minValue":"1","maxValue":"10"},"publishingPrinciples":"https:\/\/aloturkey.org\/my-properties\/","ownershipFundingInfo":"https:\/\/aloturkey.org\/disclaimer\/","correctionsPolicy":"https:\/\/aloturkey.org\/disclaimer\/","ethicsPolicy":"https:\/\/aloturkey.org\/investment-guide\/","diversityPolicy":"https:\/\/aloturkey.org\/disclaimer\/","diversityStaffingReport":"https:\/\/aloturkey.org\/investment-guide\/","telephone":["05395005000"],"contactPoint":{"@type":"ContactPoint","telephone":"905395005000"},"openingHoursSpecification":[{"@type":"OpeningHoursSpecification","dayOfWeek":["Monday","Tuesday","Wednesday","Thursday","Friday"],"opens":"09:00","closes":"17:00"},{"@type":"OpeningHoursSpecification","dayOfWeek":["Saturday","Sunday"],"opens":"10:00","closes":"14:00"}],"email":"info@aloturkey.org","faxNumber":"Alo Turkey"},{"@type":"Person","@id":"https:\/\/aloturkey.org\/#\/schema\/person\/57cbbcd68162166bf85312dc0f1cb58b","name":"Merhaba","image":{"@type":"ImageObject","inLanguage":"tr","@id":"https:\/\/secure.gravatar.com\/avatar\/ca843a4690aaaa09d1a088ad0577c7395489e64dd8ef6fece1dfff346994400f?s=96&d=mm&r=g","url":"https:\/\/secure.gravatar.com\/avatar\/ca843a4690aaaa09d1a088ad0577c7395489e64dd8ef6fece1dfff346994400f?s=96&d=mm&r=g","contentUrl":"https:\/\/secure.gravatar.com\/avatar\/ca843a4690aaaa09d1a088ad0577c7395489e64dd8ef6fece1dfff346994400f?s=96&d=mm&r=g","caption":"alo"},"sameAs":["https:\/\/aloturkey.org","https:\/\/www.instagram.com\/aloturkeye"],"url":"https:\/\/aloturkey.org\/tr\/author\/adminat\/"},{"@type":"ImageObject","inLanguage":"tr","@id":"https:\/\/aloturkey.org\/2025\/09\/19\/%d9%85%d9%86%d8%b7%d9%82%d9%87-%d8%b9%d9%85%d8%b1%d8%a7%d9%86%db%8c%d9%87-%d8%a7%d8%b3%d8%aa%d8%a7%d9%86%d8%a8%d9%88%d9%84\/#local-main-organization-logo","url":"https:\/\/aloturkey.org\/wp-content\/uploads\/wp-realestate-uploads\/user_avatar\/2025\/08\/logo-icon.png","contentUrl":"https:\/\/aloturkey.org\/wp-content\/uploads\/wp-realestate-uploads\/user_avatar\/2025\/08\/logo-icon.png","width":160,"height":160,"caption":"ALO TURKEY"}]},"geo.placename":"ISTANBUL","geo.region":"T\u00fcrkiye"},"_links":{"self":[{"href":"https:\/\/aloturkey.org\/tr\/wp-json\/wp\/v2\/posts\/4936","targetHints":{"allow":["GET"]}}],"collection":[{"href":"https:\/\/aloturkey.org\/tr\/wp-json\/wp\/v2\/posts"}],"about":[{"href":"https:\/\/aloturkey.org\/tr\/wp-json\/wp\/v2\/types\/post"}],"author":[{"embeddable":true,"href":"https:\/\/aloturkey.org\/tr\/wp-json\/wp\/v2\/users\/52"}],"replies":[{"embeddable":true,"href":"https:\/\/aloturkey.org\/tr\/wp-json\/wp\/v2\/comments?post=4936"}],"version-history":[{"count":0,"href":"https:\/\/aloturkey.org\/tr\/wp-json\/wp\/v2\/posts\/4936\/revisions"}],"wp:featuredmedia":[{"embeddable":true,"href":"https:\/\/aloturkey.org\/tr\/wp-json\/wp\/v2\/media\/4937"}],"wp:attachment":[{"href":"https:\/\/aloturkey.org\/tr\/wp-json\/wp\/v2\/media?parent=4936"}],"wp:term":[{"taxonomy":"category","embeddable":true,"href":"https:\/\/aloturkey.org\/tr\/wp-json\/wp\/v2\/categories?post=4936"},{"taxonomy":"post_tag","embeddable":true,"href":"https:\/\/aloturkey.org\/tr\/wp-json\/wp\/v2\/tags?post=4936"}],"curies":[{"name":"wp","href":"https:\/\/api.w.org\/{rel}","templated":true}]}}