{"id":4956,"date":"2025-09-22T17:39:10","date_gmt":"2025-09-22T14:39:10","guid":{"rendered":"https:\/\/aloturkey.org\/?p=4956"},"modified":"2025-12-01T21:58:34","modified_gmt":"2025-12-01T18:58:34","slug":"istanbulun-beykoz-ilcesi","status":"publish","type":"post","link":"https:\/\/aloturkey.org\/tr\/2025\/09\/22\/%d9%85%d9%86%d8%b7%d9%82%d9%87-%d8%a8%db%8c%da%a9%d9%88%d8%b2-%d8%a7%d8%b3%d8%aa%d8%a7%d9%86%d8%a8%d9%88%d9%84\/","title":{"rendered":"\u0130stanbul Beykoz \u0130l\u00e7esi \u2013 Asya Yakas\u0131&#039;nda Yemye\u015fil Do\u011fa ve Huzur"},"content":{"rendered":"<h3 class=\"wp-block-heading\" id=\"h-\u0645\u0639\u0631\u0641\u06cc-\u0628\u06cc\u06a9\u0648\u0632\">Bekoz ile tan\u0131\u015f\u0131n<\/h3>\n\n\n\n<p>Beykoz, \u0130stanbul&#039;un Asya yakas\u0131nda ve Bo\u011faz&#039;\u0131n yan\u0131nda yer alan, ye\u015fil ve huzurlu b\u00f6lgelerinden biridir. Ormanlar\u0131, nehirleri ve l\u00fcks villalar\u0131yla bilinen bu b\u00f6lge, \u015fehir merkezine h\u0131zl\u0131 eri\u015fim imkan\u0131yla huzurlu bir ortamda ya\u015famak isteyenler i\u00e7in harika bir se\u00e7enektir.<\/p>\n\n\n\n<h3 class=\"wp-block-heading\" id=\"h-\u0645\u0648\u0642\u0639\u06cc\u062a-\u062c\u063a\u0631\u0627\u0641\u06cc\u0627\u06cc\u06cc\">Co\u011frafi konum<\/h3>\n\n\n\n<p>Beykoz, \u0130stanbul&#039;un Asya yakas\u0131n\u0131n kuzeyinde, bir taraf\u0131nda Bo\u011faz&#039;a, di\u011fer taraf\u0131nda ise geni\u015f ormanlara kom\u015fu konumdad\u0131r. Bu co\u011frafi konum, b\u00f6lgeye do\u011fal ve dinlendirici bir atmosfer kazand\u0131rm\u0131\u015ft\u0131r.<\/p>\n\n\n\n<h3 class=\"wp-block-heading\" id=\"h-\u0648\u06cc\u0698\u06af\u06cc-\u0647\u0627\u06cc-\u0645\u0646\u0637\u0642\u0647-\u0628\u06cc\u06a9\u0648\u0632\">Beykoz b\u00f6lgesinin \u00f6zellikleri<\/h3>\n\n\n\n<ul class=\"wp-block-list\">\n<li>Geni\u015f ormanlar ve temiz hava<\/li>\n\n\n\n<li>Bo\u011faz manzaral\u0131 l\u00fcks villalar ve evler.<\/li>\n\n\n\n<li>Aileler i\u00e7in uygun, sakin mahalleler.<\/li>\n\n\n\n<li>Bo\u011faz k\u00f6pr\u00fclerine yak\u0131nl\u0131\u011f\u0131 ve Avrupa yakas\u0131na kolay ula\u015f\u0131m imkan\u0131.<\/li>\n\n\n\n<li>Dinlenme merkezleri ve plaj restoranlar\u0131<\/li>\n<\/ul>\n\n\n\n<h3 class=\"wp-block-heading\" id=\"h-\u062e\u0631\u06cc\u062f-\u0645\u0644\u06a9-\u062f\u0631-\u0628\u06cc\u06a9\u0648\u0632\">Beykoz&#039;da m\u00fclk sat\u0131n almak<\/h3>\n\n\n\n<p>Konumu ve el de\u011fmemi\u015f do\u011fas\u0131 nedeniyle Beykoz&#039;daki gayrimenkul fiyatlar\u0131 baz\u0131 Asya b\u00f6lgelerine g\u00f6re daha y\u00fcksektir. Bununla birlikte, do\u011fal g\u00fczellikleri ve aile ya\u015fam\u0131 ile villa ya\u015fam\u0131 i\u00e7in y\u00fcksek pop\u00fclaritesi nedeniyle b\u00f6lge, en iyi yat\u0131r\u0131m se\u00e7eneklerinden biri olarak kabul edilmektedir.<\/p>\n\n\n\n<h3 class=\"wp-block-heading\" id=\"h-\u0633\u0628\u06a9-\u0632\u0646\u062f\u06af\u06cc-\u062f\u0631-\u0628\u06cc\u06a9\u0648\u0632\">Beykoz&#039;da Ya\u015fam Tarz\u0131<\/h3>\n\n\n\n<p>Bekoz&#039;daki ya\u015fam, \u015fu unsurlar\u0131n birle\u015fiminden olu\u015fur: <strong>Do\u011fan\u0131n dinginli\u011fi<\/strong> \u0648 <strong>Modern kent ya\u015fam\u0131<\/strong> Bir\u00e7ok varl\u0131kl\u0131 aile ve \u00fcnl\u00fc isim, villa ve l\u00fcks ev sahibi olmak i\u00e7in bu b\u00f6lgeyi tercih ediyor.<\/p>\n\n\n\n<h3 class=\"wp-block-heading\" id=\"h-\u062c\u0645\u0639-\u0628\u0646\u062f\u06cc\">\u2705 Sonu\u00e7<\/h3>\n\n\n\n<p>\u0130stanbul&#039;un Beykoz il\u00e7esi, yemye\u015fil do\u011fas\u0131, sakin mahalleleri ve \u015fehir merkezine kolay ula\u015f\u0131m\u0131yla, Asya yakas\u0131nda huzurlu bir ya\u015fam ve g\u00fcvenli bir yat\u0131r\u0131m arayanlar i\u00e7in en iyi se\u00e7eneklerden biridir.<\/p>","protected":false},"excerpt":{"rendered":"<p>\u0645\u0639\u0631\u0641\u06cc \u0628\u06cc\u06a9\u0648\u0632 \u0628\u06cc\u06a9\u0648\u0632 \u06cc\u06a9\u06cc \u0627\u0632 \u0645\u0646\u0627\u0637\u0642 \u0633\u0631\u0633\u0628\u0632 \u0648 \u0622\u0631\u0627\u0645 \u0627\u0633\u062a\u0627\u0646\u0628\u0648\u0644 \u0627\u0633\u062a \u06a9\u0647 \u062f\u0631 \u0628\u062e\u0634 \u0622\u0633\u06cc\u0627\u06cc\u06cc \u0648 \u062f\u0631 \u06a9\u0646\u0627\u0631 \u062a\u0646\u06af\u0647 \u0628\u0633\u0641\u0631 \u0642\u0631\u0627\u0631 \u062f\u0627\u0631\u062f. \u0627\u06cc\u0646 \u0645\u0646\u0637\u0642\u0647 \u0628\u0627 \u062c\u0646\u06af\u0644\u200c\u0647\u0627\u060c \u0631\u0648\u062f\u062e\u0627\u0646\u0647\u200c\u0647\u0627 \u0648 \u062e\u0627\u0646\u0647\u200c\u0647\u0627\u06cc \u0648\u06cc\u0644\u0627\u06cc\u06cc \u0644\u0648\u06a9\u0633 \u0634\u0646\u0627\u062e\u062a\u0647 \u0645\u06cc\u200c\u0634\u0648\u062f \u0648 \u0628\u0631\u0627\u06cc \u06a9\u0633\u0627\u0646\u06cc \u06a9\u0647 \u0628\u0647 \u062f\u0646\u0628\u0627\u0644 \u0632\u0646\u062f\u06af\u06cc \u062f\u0631 \u0645\u062d\u06cc\u0637\u06cc \u0622\u0631\u0627\u0645 \u0628\u0627 \u062f\u0633\u062a\u0631\u0633\u06cc \u0633\u0631\u06cc\u0639 \u0628\u0647 \u0645\u0631\u06a9\u0632 \u0634\u0647\u0631 \u0647\u0633\u062a\u0646\u062f\u060c \u06af\u0632\u06cc\u0646\u0647\u200c\u0627\u06cc \u0639\u0627\u0644\u06cc \u0627\u0633\u062a. \u0645\u0648\u0642\u0639\u06cc\u062a \u062c\u063a\u0631\u0627\u0641\u06cc\u0627\u06cc\u06cc [&hellip;]<\/p>\n","protected":false},"author":52,"featured_media":4957,"comment_status":"open","ping_status":"open","sticky":false,"template":"","format":"standard","meta":{"googlesitekit_rrm_CAow34nBDA:productID":"","footnotes":""},"categories":[19],"tags":[203,204,206,205],"class_list":["post-4956","post","type-post","status-publish","format-standard","has-post-thumbnail","hentry","category-istanbul-neighborhoods-guide","tag-203","tag-204","tag-206","tag-205"],"yoast_head":"<!-- This site is optimized with the Yoast SEO Premium plugin v26.9 (Yoast SEO v27.4) - https:\/\/yoast.com\/product\/yoast-seo-premium-wordpress\/ -->\n<title>\u0645\u0646\u0637\u0642\u0647 \u0628\u06cc\u06a9\u0648\u0632 \u0627\u0633\u062a\u0627\u0646\u0628\u0648\u0644 | \u0637\u0628\u06cc\u0639\u062a \u0633\u0631\u0633\u0628\u0632 \u0648 \u0622\u0631\u0627\u0645\u0634 \u062f\u0631 \u0628\u062e\u0634 \u0622\u0633\u06cc\u0627\u06cc\u06cc<\/title>\n<meta name=\"description\" content=\"\u0645\u0646\u0637\u0642\u0647 \u0628\u06cc\u06a9\u0648\u0632 \u0627\u0633\u062a\u0627\u0646\u0628\u0648\u0644 \u062f\u0631 \u0628\u062e\u0634 \u0622\u0633\u06cc\u0627\u06cc\u06cc\u060c \u0628\u0627 \u0637\u0628\u06cc\u0639\u062a \u0633\u0631\u0633\u0628\u0632\u060c \u0645\u062d\u0644\u0647\u200c\u0647\u0627\u06cc \u0622\u0631\u0627\u0645 \u0648 \u0648\u06cc\u0644\u0627\u0647\u0627\u06cc \u0644\u0648\u06a9\u0633\u060c \u06cc\u06a9\u06cc \u0627\u0632 \u0628\u0647\u062a\u0631\u06cc\u0646 \u0627\u0646\u062a\u062e\u0627\u0628\u200c\u0647\u0627 \u0628\u0631\u0627\u06cc \u0632\u0646\u062f\u06af\u06cc \u0648 \u0633\u0631\u0645\u0627\u06cc\u0647\u200c\u06af\u0630\u0627\u0631\u06cc \u062f\u0631 \u0646\u0632\u062f\u06cc\u06a9\u06cc \u0628\u0633\u0641\u0631 \u0627\u0633\u062a.\" \/>\n<meta name=\"robots\" content=\"index, follow, max-snippet:-1, max-image-preview:large, max-video-preview:-1\" \/>\n<link rel=\"canonical\" href=\"https:\/\/aloturkey.org\/tr\/2025\/09\/22\/istanbulun-beykoz-ilcesi\/\" \/>\n<meta property=\"og:locale\" content=\"tr_TR\" \/>\n<meta property=\"og:type\" content=\"article\" \/>\n<meta property=\"og:title\" content=\"\u0645\u0646\u0637\u0642\u0647 \u0628\u06cc\u06a9\u0648\u0632 \u0627\u0633\u062a\u0627\u0646\u0628\u0648\u0644 \u2013 \u0637\u0628\u06cc\u0639\u062a \u0633\u0631\u0633\u0628\u0632 \u0648 \u0622\u0631\u0627\u0645\u0634 \u062f\u0631 \u0628\u062e\u0634 \u0622\u0633\u06cc\u0627\u06cc\u06cc\" \/>\n<meta property=\"og:description\" content=\"\u0645\u0646\u0637\u0642\u0647 \u0628\u06cc\u06a9\u0648\u0632 \u0627\u0633\u062a\u0627\u0646\u0628\u0648\u0644 \u062f\u0631 \u0628\u062e\u0634 \u0622\u0633\u06cc\u0627\u06cc\u06cc\u060c \u0628\u0627 \u0637\u0628\u06cc\u0639\u062a \u0633\u0631\u0633\u0628\u0632\u060c \u0645\u062d\u0644\u0647\u200c\u0647\u0627\u06cc \u0622\u0631\u0627\u0645 \u0648 \u0648\u06cc\u0644\u0627\u0647\u0627\u06cc \u0644\u0648\u06a9\u0633\u060c \u06cc\u06a9\u06cc \u0627\u0632 \u0628\u0647\u062a\u0631\u06cc\u0646 \u0627\u0646\u062a\u062e\u0627\u0628\u200c\u0647\u0627 \u0628\u0631\u0627\u06cc \u0632\u0646\u062f\u06af\u06cc \u0648 \u0633\u0631\u0645\u0627\u06cc\u0647\u200c\u06af\u0630\u0627\u0631\u06cc \u062f\u0631 \u0646\u0632\u062f\u06cc\u06a9\u06cc \u0628\u0633\u0641\u0631 \u0627\u0633\u062a.\" \/>\n<meta property=\"og:url\" content=\"https:\/\/aloturkey.org\/tr\/2025\/09\/22\/istanbulun-beykoz-ilcesi\/\" \/>\n<meta property=\"og:site_name\" content=\"ALO TURKEY\" \/>\n<meta property=\"article:published_time\" content=\"2025-09-22T14:39:10+00:00\" \/>\n<meta property=\"article:modified_time\" content=\"2025-12-01T18:58:34+00:00\" \/>\n<meta property=\"og:image\" content=\"https:\/\/aloturkey.org\/wp-content\/uploads\/2025\/09\/Beykoz-\u2013-Green-Life-in-Asian-Side-of-Istanbul.jpg\" \/>\n\t<meta property=\"og:image:width\" content=\"1200\" \/>\n\t<meta property=\"og:image:height\" content=\"630\" \/>\n\t<meta property=\"og:image:type\" content=\"image\/jpeg\" \/>\n<meta name=\"author\" content=\"alo\" \/>\n<meta name=\"twitter:card\" content=\"summary_large_image\" \/>\n<meta name=\"twitter:label1\" content=\"Yazan:\" \/>\n\t<meta name=\"twitter:data1\" content=\"alo\" \/>\n\t<meta name=\"twitter:label2\" content=\"Tahmini okuma s\u00fcresi\" \/>\n\t<meta name=\"twitter:data2\" content=\"2 dakika\" \/>\n<script type=\"application\/ld+json\" class=\"yoast-schema-graph\">{\"@context\":\"https:\\\/\\\/schema.org\",\"@graph\":[{\"@type\":\"Article\",\"@id\":\"https:\\\/\\\/aloturkey.org\\\/2025\\\/09\\\/22\\\/%d9%85%d9%86%d8%b7%d9%82%d9%87-%d8%a8%db%8c%da%a9%d9%88%d8%b2-%d8%a7%d8%b3%d8%aa%d8%a7%d9%86%d8%a8%d9%88%d9%84\\\/#article\",\"isPartOf\":{\"@id\":\"https:\\\/\\\/aloturkey.org\\\/2025\\\/09\\\/22\\\/%d9%85%d9%86%d8%b7%d9%82%d9%87-%d8%a8%db%8c%da%a9%d9%88%d8%b2-%d8%a7%d8%b3%d8%aa%d8%a7%d9%86%d8%a8%d9%88%d9%84\\\/\"},\"author\":{\"name\":\"alo\",\"@id\":\"https:\\\/\\\/aloturkey.org\\\/#\\\/schema\\\/person\\\/57cbbcd68162166bf85312dc0f1cb58b\"},\"headline\":\"\u0645\u0646\u0637\u0642\u0647 \u0628\u06cc\u06a9\u0648\u0632 \u0627\u0633\u062a\u0627\u0646\u0628\u0648\u0644 \u2013 \u0637\u0628\u06cc\u0639\u062a \u0633\u0631\u0633\u0628\u0632 \u0648 \u0622\u0631\u0627\u0645\u0634 \u062f\u0631 \u0628\u062e\u0634 \u0622\u0633\u06cc\u0627\u06cc\u06cc\",\"datePublished\":\"2025-09-22T14:39:10+00:00\",\"dateModified\":\"2025-12-01T18:58:34+00:00\",\"mainEntityOfPage\":{\"@id\":\"https:\\\/\\\/aloturkey.org\\\/2025\\\/09\\\/22\\\/%d9%85%d9%86%d8%b7%d9%82%d9%87-%d8%a8%db%8c%da%a9%d9%88%d8%b2-%d8%a7%d8%b3%d8%aa%d8%a7%d9%86%d8%a8%d9%88%d9%84\\\/\"},\"wordCount\":0,\"commentCount\":0,\"publisher\":{\"@id\":\"https:\\\/\\\/aloturkey.org\\\/#organization\"},\"image\":{\"@id\":\"https:\\\/\\\/aloturkey.org\\\/2025\\\/09\\\/22\\\/%d9%85%d9%86%d8%b7%d9%82%d9%87-%d8%a8%db%8c%da%a9%d9%88%d8%b2-%d8%a7%d8%b3%d8%aa%d8%a7%d9%86%d8%a8%d9%88%d9%84\\\/#primaryimage\"},\"thumbnailUrl\":\"https:\\\/\\\/aloturkey.org\\\/wp-content\\\/uploads\\\/2025\\\/09\\\/Beykoz-\u2013-Green-Life-in-Asian-Side-of-Istanbul.jpg\",\"keywords\":[\"\u062e\u0631\u06cc\u062f \u0645\u0644\u06a9 \u062f\u0631 \u0628\u06cc\u06a9\u0648\u0632\",\"\u0632\u0646\u062f\u06af\u06cc \u062f\u0631 \u0628\u06cc\u06a9\u0648\u0632 \u0627\u0633\u062a\u0627\u0646\u0628\u0648\u0644\",\"\u0637\u0628\u06cc\u0639\u062a \u0633\u0631\u0633\u0628\u0632 \u0627\u0633\u062a\u0627\u0646\u0628\u0648\u0644\",\"\u0645\u0646\u0627\u0637\u0642 \u0622\u0633\u06cc\u0627\u06cc\u06cc \u0627\u0633\u062a\u0627\u0646\u0628\u0648\u0644\"],\"articleSection\":[\"\u0631\u0627\u0647\u0646\u0645\u0627\u06cc \u0645\u0646\u0627\u0637\u0642 \u0627\u0633\u062a\u0627\u0646\u0628\u0648\u0644\"],\"inLanguage\":\"tr\",\"potentialAction\":[{\"@type\":\"CommentAction\",\"name\":\"Comment\",\"target\":[\"https:\\\/\\\/aloturkey.org\\\/2025\\\/09\\\/22\\\/%d9%85%d9%86%d8%b7%d9%82%d9%87-%d8%a8%db%8c%da%a9%d9%88%d8%b2-%d8%a7%d8%b3%d8%aa%d8%a7%d9%86%d8%a8%d9%88%d9%84\\\/#respond\"]}]},{\"@type\":\"WebPage\",\"@id\":\"https:\\\/\\\/aloturkey.org\\\/2025\\\/09\\\/22\\\/%d9%85%d9%86%d8%b7%d9%82%d9%87-%d8%a8%db%8c%da%a9%d9%88%d8%b2-%d8%a7%d8%b3%d8%aa%d8%a7%d9%86%d8%a8%d9%88%d9%84\\\/\",\"url\":\"https:\\\/\\\/aloturkey.org\\\/2025\\\/09\\\/22\\\/%d9%85%d9%86%d8%b7%d9%82%d9%87-%d8%a8%db%8c%da%a9%d9%88%d8%b2-%d8%a7%d8%b3%d8%aa%d8%a7%d9%86%d8%a8%d9%88%d9%84\\\/\",\"name\":\"\u0645\u0646\u0637\u0642\u0647 \u0628\u06cc\u06a9\u0648\u0632 \u0627\u0633\u062a\u0627\u0646\u0628\u0648\u0644 | \u0637\u0628\u06cc\u0639\u062a \u0633\u0631\u0633\u0628\u0632 \u0648 \u0622\u0631\u0627\u0645\u0634 \u062f\u0631 \u0628\u062e\u0634 \u0622\u0633\u06cc\u0627\u06cc\u06cc\",\"isPartOf\":{\"@id\":\"https:\\\/\\\/aloturkey.org\\\/#website\"},\"primaryImageOfPage\":{\"@id\":\"https:\\\/\\\/aloturkey.org\\\/2025\\\/09\\\/22\\\/%d9%85%d9%86%d8%b7%d9%82%d9%87-%d8%a8%db%8c%da%a9%d9%88%d8%b2-%d8%a7%d8%b3%d8%aa%d8%a7%d9%86%d8%a8%d9%88%d9%84\\\/#primaryimage\"},\"image\":{\"@id\":\"https:\\\/\\\/aloturkey.org\\\/2025\\\/09\\\/22\\\/%d9%85%d9%86%d8%b7%d9%82%d9%87-%d8%a8%db%8c%da%a9%d9%88%d8%b2-%d8%a7%d8%b3%d8%aa%d8%a7%d9%86%d8%a8%d9%88%d9%84\\\/#primaryimage\"},\"thumbnailUrl\":\"https:\\\/\\\/aloturkey.org\\\/wp-content\\\/uploads\\\/2025\\\/09\\\/Beykoz-\u2013-Green-Life-in-Asian-Side-of-Istanbul.jpg\",\"datePublished\":\"2025-09-22T14:39:10+00:00\",\"dateModified\":\"2025-12-01T18:58:34+00:00\",\"description\":\"\u0645\u0646\u0637\u0642\u0647 \u0628\u06cc\u06a9\u0648\u0632 \u0627\u0633\u062a\u0627\u0646\u0628\u0648\u0644 \u062f\u0631 \u0628\u062e\u0634 \u0622\u0633\u06cc\u0627\u06cc\u06cc\u060c \u0628\u0627 \u0637\u0628\u06cc\u0639\u062a \u0633\u0631\u0633\u0628\u0632\u060c \u0645\u062d\u0644\u0647\u200c\u0647\u0627\u06cc \u0622\u0631\u0627\u0645 \u0648 \u0648\u06cc\u0644\u0627\u0647\u0627\u06cc \u0644\u0648\u06a9\u0633\u060c \u06cc\u06a9\u06cc \u0627\u0632 \u0628\u0647\u062a\u0631\u06cc\u0646 \u0627\u0646\u062a\u062e\u0627\u0628\u200c\u0647\u0627 \u0628\u0631\u0627\u06cc \u0632\u0646\u062f\u06af\u06cc \u0648 \u0633\u0631\u0645\u0627\u06cc\u0647\u200c\u06af\u0630\u0627\u0631\u06cc \u062f\u0631 \u0646\u0632\u062f\u06cc\u06a9\u06cc \u0628\u0633\u0641\u0631 \u0627\u0633\u062a.\",\"breadcrumb\":{\"@id\":\"https:\\\/\\\/aloturkey.org\\\/2025\\\/09\\\/22\\\/%d9%85%d9%86%d8%b7%d9%82%d9%87-%d8%a8%db%8c%da%a9%d9%88%d8%b2-%d8%a7%d8%b3%d8%aa%d8%a7%d9%86%d8%a8%d9%88%d9%84\\\/#breadcrumb\"},\"inLanguage\":\"tr\",\"potentialAction\":[{\"@type\":\"ReadAction\",\"target\":[\"https:\\\/\\\/aloturkey.org\\\/2025\\\/09\\\/22\\\/%d9%85%d9%86%d8%b7%d9%82%d9%87-%d8%a8%db%8c%da%a9%d9%88%d8%b2-%d8%a7%d8%b3%d8%aa%d8%a7%d9%86%d8%a8%d9%88%d9%84\\\/\"]}]},{\"@type\":\"ImageObject\",\"inLanguage\":\"tr\",\"@id\":\"https:\\\/\\\/aloturkey.org\\\/2025\\\/09\\\/22\\\/%d9%85%d9%86%d8%b7%d9%82%d9%87-%d8%a8%db%8c%da%a9%d9%88%d8%b2-%d8%a7%d8%b3%d8%aa%d8%a7%d9%86%d8%a8%d9%88%d9%84\\\/#primaryimage\",\"url\":\"https:\\\/\\\/aloturkey.org\\\/wp-content\\\/uploads\\\/2025\\\/09\\\/Beykoz-\u2013-Green-Life-in-Asian-Side-of-Istanbul.jpg\",\"contentUrl\":\"https:\\\/\\\/aloturkey.org\\\/wp-content\\\/uploads\\\/2025\\\/09\\\/Beykoz-\u2013-Green-Life-in-Asian-Side-of-Istanbul.jpg\",\"width\":1200,\"height\":630,\"caption\":\"\u0632\u0646\u062f\u06af\u06cc \u062f\u0631 \u0628\u06cc\u06a9\u0648\u0632 \u0627\u0633\u062a\u0627\u0646\u0628\u0648\u0644\"},{\"@type\":\"BreadcrumbList\",\"@id\":\"https:\\\/\\\/aloturkey.org\\\/2025\\\/09\\\/22\\\/%d9%85%d9%86%d8%b7%d9%82%d9%87-%d8%a8%db%8c%da%a9%d9%88%d8%b2-%d8%a7%d8%b3%d8%aa%d8%a7%d9%86%d8%a8%d9%88%d9%84\\\/#breadcrumb\",\"itemListElement\":[{\"@type\":\"ListItem\",\"position\":1,\"name\":\"Home\",\"item\":\"https:\\\/\\\/aloturkey.org\\\/\"},{\"@type\":\"ListItem\",\"position\":2,\"name\":\"\u0645\u0646\u0637\u0642\u0647 \u0628\u06cc\u06a9\u0648\u0632 \u0627\u0633\u062a\u0627\u0646\u0628\u0648\u0644 \u2013 \u0637\u0628\u06cc\u0639\u062a \u0633\u0631\u0633\u0628\u0632 \u0648 \u0622\u0631\u0627\u0645\u0634 \u062f\u0631 \u0628\u062e\u0634 \u0622\u0633\u06cc\u0627\u06cc\u06cc\"}]},{\"@type\":\"WebSite\",\"@id\":\"https:\\\/\\\/aloturkey.org\\\/#website\",\"url\":\"https:\\\/\\\/aloturkey.org\\\/\",\"name\":\"ALO TURKEY\",\"description\":\"\u0641\u0631\u0648\u0634 \u0645\u0644\u06a9 \u062f\u0631 \u062a\u0631\u06a9\u06cc\u0647\",\"publisher\":{\"@id\":\"https:\\\/\\\/aloturkey.org\\\/#organization\"},\"alternateName\":\"\u0627\u0644\u0648 \u062a\u0631\u06a9\u06cc\u0647\",\"potentialAction\":[{\"@type\":\"SearchAction\",\"target\":{\"@type\":\"EntryPoint\",\"urlTemplate\":\"https:\\\/\\\/aloturkey.org\\\/?s={search_term_string}\"},\"query-input\":{\"@type\":\"PropertyValueSpecification\",\"valueRequired\":true,\"valueName\":\"search_term_string\"}}],\"inLanguage\":\"tr\"},{\"@type\":[\"Organization\",\"Place\",\"RealEstateAgent\"],\"@id\":\"https:\\\/\\\/aloturkey.org\\\/#organization\",\"name\":\"ALO TURKEY\",\"alternateName\":\"ALOTURKEY\",\"url\":\"https:\\\/\\\/aloturkey.org\\\/\",\"logo\":{\"@id\":\"https:\\\/\\\/aloturkey.org\\\/2025\\\/09\\\/22\\\/%d9%85%d9%86%d8%b7%d9%82%d9%87-%d8%a8%db%8c%da%a9%d9%88%d8%b2-%d8%a7%d8%b3%d8%aa%d8%a7%d9%86%d8%a8%d9%88%d9%84\\\/#local-main-organization-logo\"},\"image\":{\"@id\":\"https:\\\/\\\/aloturkey.org\\\/2025\\\/09\\\/22\\\/%d9%85%d9%86%d8%b7%d9%82%d9%87-%d8%a8%db%8c%da%a9%d9%88%d8%b2-%d8%a7%d8%b3%d8%aa%d8%a7%d9%86%d8%a8%d9%88%d9%84\\\/#local-main-organization-logo\"},\"description\":\"Aloturkey\u061b \u0647\u0645\u0631\u0627\u0647 \u0645\u0637\u0645\u0626\u0646 \u0634\u0645\u0627 \u062f\u0631 \u0645\u0633\u06cc\u0631 \u062e\u0631\u06cc\u062f \u0645\u0644\u06a9 \u0648 \u062f\u0631\u06cc\u0627\u0641\u062a \u0634\u0647\u0631\u0648\u0646\u062f\u06cc \u062a\u0631\u06a9\u06cc\u0647\",\"numberOfEmployees\":{\"@type\":\"QuantitativeValue\",\"minValue\":\"1\",\"maxValue\":\"10\"},\"publishingPrinciples\":\"https:\\\/\\\/aloturkey.org\\\/my-properties\\\/\",\"ownershipFundingInfo\":\"https:\\\/\\\/aloturkey.org\\\/disclaimer\\\/\",\"correctionsPolicy\":\"https:\\\/\\\/aloturkey.org\\\/disclaimer\\\/\",\"ethicsPolicy\":\"https:\\\/\\\/aloturkey.org\\\/investment-guide\\\/\",\"diversityPolicy\":\"https:\\\/\\\/aloturkey.org\\\/disclaimer\\\/\",\"diversityStaffingReport\":\"https:\\\/\\\/aloturkey.org\\\/investment-guide\\\/\",\"telephone\":[\"05395005000\"],\"contactPoint\":{\"@type\":\"ContactPoint\",\"telephone\":\"905395005000\"},\"openingHoursSpecification\":[{\"@type\":\"OpeningHoursSpecification\",\"dayOfWeek\":[\"Monday\",\"Tuesday\",\"Wednesday\",\"Thursday\",\"Friday\"],\"opens\":\"09:00\",\"closes\":\"17:00\"},{\"@type\":\"OpeningHoursSpecification\",\"dayOfWeek\":[\"Saturday\",\"Sunday\"],\"opens\":\"10:00\",\"closes\":\"14:00\"}],\"email\":\"info@aloturkey.org\",\"faxNumber\":\"Alo Turkey\"},{\"@type\":\"Person\",\"@id\":\"https:\\\/\\\/aloturkey.org\\\/#\\\/schema\\\/person\\\/57cbbcd68162166bf85312dc0f1cb58b\",\"name\":\"alo\",\"image\":{\"@type\":\"ImageObject\",\"inLanguage\":\"tr\",\"@id\":\"https:\\\/\\\/secure.gravatar.com\\\/avatar\\\/ca843a4690aaaa09d1a088ad0577c7395489e64dd8ef6fece1dfff346994400f?s=96&d=mm&r=g\",\"url\":\"https:\\\/\\\/secure.gravatar.com\\\/avatar\\\/ca843a4690aaaa09d1a088ad0577c7395489e64dd8ef6fece1dfff346994400f?s=96&d=mm&r=g\",\"contentUrl\":\"https:\\\/\\\/secure.gravatar.com\\\/avatar\\\/ca843a4690aaaa09d1a088ad0577c7395489e64dd8ef6fece1dfff346994400f?s=96&d=mm&r=g\",\"caption\":\"alo\"},\"sameAs\":[\"https:\\\/\\\/aloturkey.org\",\"https:\\\/\\\/www.instagram.com\\\/aloturkeye\"],\"url\":\"https:\\\/\\\/aloturkey.org\\\/tr\\\/author\\\/adminat\\\/\"},{\"@type\":\"ImageObject\",\"inLanguage\":\"tr\",\"@id\":\"https:\\\/\\\/aloturkey.org\\\/2025\\\/09\\\/22\\\/%d9%85%d9%86%d8%b7%d9%82%d9%87-%d8%a8%db%8c%da%a9%d9%88%d8%b2-%d8%a7%d8%b3%d8%aa%d8%a7%d9%86%d8%a8%d9%88%d9%84\\\/#local-main-organization-logo\",\"url\":\"https:\\\/\\\/aloturkey.org\\\/wp-content\\\/uploads\\\/wp-realestate-uploads\\\/user_avatar\\\/2025\\\/08\\\/logo-icon.png\",\"contentUrl\":\"https:\\\/\\\/aloturkey.org\\\/wp-content\\\/uploads\\\/wp-realestate-uploads\\\/user_avatar\\\/2025\\\/08\\\/logo-icon.png\",\"width\":160,\"height\":160,\"caption\":\"ALO TURKEY\"}]}<\/script>\n<meta name=\"geo.placename\" content=\"ISTANBUL\" \/>\n<meta name=\"geo.region\" content=\"T\u00fcrkiye\" \/>\n<!-- \/ Yoast SEO Premium plugin. -->","yoast_head_json":{"title":"\u0130stanbul Beykoz \u0130l\u00e7esi | Asya yakas\u0131nda yemye\u015fil do\u011fa ve huzur","description":"\u0130stanbul&#039;un Asya yakas\u0131nda yer alan Beykoz il\u00e7esi, yemye\u015fil do\u011fas\u0131, sakin mahalleleri ve l\u00fcks villalar\u0131yla Bo\u011faz&#039;a yak\u0131n ya\u015famak ve yat\u0131r\u0131m yapmak i\u00e7in en iyi se\u00e7eneklerden biridir.","robots":{"index":"index","follow":"follow","max-snippet":"max-snippet:-1","max-image-preview":"max-image-preview:large","max-video-preview":"max-video-preview:-1"},"canonical":"https:\/\/aloturkey.org\/tr\/2025\/09\/22\/istanbulun-beykoz-ilcesi\/","og_locale":"tr_TR","og_type":"article","og_title":"\u0645\u0646\u0637\u0642\u0647 \u0628\u06cc\u06a9\u0648\u0632 \u0627\u0633\u062a\u0627\u0646\u0628\u0648\u0644 \u2013 \u0637\u0628\u06cc\u0639\u062a \u0633\u0631\u0633\u0628\u0632 \u0648 \u0622\u0631\u0627\u0645\u0634 \u062f\u0631 \u0628\u062e\u0634 \u0622\u0633\u06cc\u0627\u06cc\u06cc","og_description":"\u0645\u0646\u0637\u0642\u0647 \u0628\u06cc\u06a9\u0648\u0632 \u0627\u0633\u062a\u0627\u0646\u0628\u0648\u0644 \u062f\u0631 \u0628\u062e\u0634 \u0622\u0633\u06cc\u0627\u06cc\u06cc\u060c \u0628\u0627 \u0637\u0628\u06cc\u0639\u062a \u0633\u0631\u0633\u0628\u0632\u060c \u0645\u062d\u0644\u0647\u200c\u0647\u0627\u06cc \u0622\u0631\u0627\u0645 \u0648 \u0648\u06cc\u0644\u0627\u0647\u0627\u06cc \u0644\u0648\u06a9\u0633\u060c \u06cc\u06a9\u06cc \u0627\u0632 \u0628\u0647\u062a\u0631\u06cc\u0646 \u0627\u0646\u062a\u062e\u0627\u0628\u200c\u0647\u0627 \u0628\u0631\u0627\u06cc \u0632\u0646\u062f\u06af\u06cc \u0648 \u0633\u0631\u0645\u0627\u06cc\u0647\u200c\u06af\u0630\u0627\u0631\u06cc \u062f\u0631 \u0646\u0632\u062f\u06cc\u06a9\u06cc \u0628\u0633\u0641\u0631 \u0627\u0633\u062a.","og_url":"https:\/\/aloturkey.org\/tr\/2025\/09\/22\/istanbulun-beykoz-ilcesi\/","og_site_name":"ALO TURKEY","article_published_time":"2025-09-22T14:39:10+00:00","article_modified_time":"2025-12-01T18:58:34+00:00","og_image":[{"width":1200,"height":630,"url":"https:\/\/aloturkey.org\/wp-content\/uploads\/2025\/09\/Beykoz-\u2013-Green-Life-in-Asian-Side-of-Istanbul.jpg","type":"image\/jpeg"}],"author":"alo","twitter_card":"summary_large_image","twitter_misc":{"Yazan:":"alo","Tahmini okuma s\u00fcresi":"2 dakika"},"schema":{"@context":"https:\/\/schema.org","@graph":[{"@type":"Article","@id":"https:\/\/aloturkey.org\/2025\/09\/22\/%d9%85%d9%86%d8%b7%d9%82%d9%87-%d8%a8%db%8c%da%a9%d9%88%d8%b2-%d8%a7%d8%b3%d8%aa%d8%a7%d9%86%d8%a8%d9%88%d9%84\/#article","isPartOf":{"@id":"https:\/\/aloturkey.org\/2025\/09\/22\/%d9%85%d9%86%d8%b7%d9%82%d9%87-%d8%a8%db%8c%da%a9%d9%88%d8%b2-%d8%a7%d8%b3%d8%aa%d8%a7%d9%86%d8%a8%d9%88%d9%84\/"},"author":{"name":"alo","@id":"https:\/\/aloturkey.org\/#\/schema\/person\/57cbbcd68162166bf85312dc0f1cb58b"},"headline":"\u0645\u0646\u0637\u0642\u0647 \u0628\u06cc\u06a9\u0648\u0632 \u0627\u0633\u062a\u0627\u0646\u0628\u0648\u0644 \u2013 \u0637\u0628\u06cc\u0639\u062a \u0633\u0631\u0633\u0628\u0632 \u0648 \u0622\u0631\u0627\u0645\u0634 \u062f\u0631 \u0628\u062e\u0634 \u0622\u0633\u06cc\u0627\u06cc\u06cc","datePublished":"2025-09-22T14:39:10+00:00","dateModified":"2025-12-01T18:58:34+00:00","mainEntityOfPage":{"@id":"https:\/\/aloturkey.org\/2025\/09\/22\/%d9%85%d9%86%d8%b7%d9%82%d9%87-%d8%a8%db%8c%da%a9%d9%88%d8%b2-%d8%a7%d8%b3%d8%aa%d8%a7%d9%86%d8%a8%d9%88%d9%84\/"},"wordCount":0,"commentCount":0,"publisher":{"@id":"https:\/\/aloturkey.org\/#organization"},"image":{"@id":"https:\/\/aloturkey.org\/2025\/09\/22\/%d9%85%d9%86%d8%b7%d9%82%d9%87-%d8%a8%db%8c%da%a9%d9%88%d8%b2-%d8%a7%d8%b3%d8%aa%d8%a7%d9%86%d8%a8%d9%88%d9%84\/#primaryimage"},"thumbnailUrl":"https:\/\/aloturkey.org\/wp-content\/uploads\/2025\/09\/Beykoz-\u2013-Green-Life-in-Asian-Side-of-Istanbul.jpg","keywords":["\u062e\u0631\u06cc\u062f \u0645\u0644\u06a9 \u062f\u0631 \u0628\u06cc\u06a9\u0648\u0632","\u0632\u0646\u062f\u06af\u06cc \u062f\u0631 \u0628\u06cc\u06a9\u0648\u0632 \u0627\u0633\u062a\u0627\u0646\u0628\u0648\u0644","\u0637\u0628\u06cc\u0639\u062a \u0633\u0631\u0633\u0628\u0632 \u0627\u0633\u062a\u0627\u0646\u0628\u0648\u0644","\u0645\u0646\u0627\u0637\u0642 \u0622\u0633\u06cc\u0627\u06cc\u06cc \u0627\u0633\u062a\u0627\u0646\u0628\u0648\u0644"],"articleSection":["\u0631\u0627\u0647\u0646\u0645\u0627\u06cc \u0645\u0646\u0627\u0637\u0642 \u0627\u0633\u062a\u0627\u0646\u0628\u0648\u0644"],"inLanguage":"tr","potentialAction":[{"@type":"CommentAction","name":"Comment","target":["https:\/\/aloturkey.org\/2025\/09\/22\/%d9%85%d9%86%d8%b7%d9%82%d9%87-%d8%a8%db%8c%da%a9%d9%88%d8%b2-%d8%a7%d8%b3%d8%aa%d8%a7%d9%86%d8%a8%d9%88%d9%84\/#respond"]}]},{"@type":"WebPage","@id":"https:\/\/aloturkey.org\/2025\/09\/22\/%d9%85%d9%86%d8%b7%d9%82%d9%87-%d8%a8%db%8c%da%a9%d9%88%d8%b2-%d8%a7%d8%b3%d8%aa%d8%a7%d9%86%d8%a8%d9%88%d9%84\/","url":"https:\/\/aloturkey.org\/2025\/09\/22\/%d9%85%d9%86%d8%b7%d9%82%d9%87-%d8%a8%db%8c%da%a9%d9%88%d8%b2-%d8%a7%d8%b3%d8%aa%d8%a7%d9%86%d8%a8%d9%88%d9%84\/","name":"\u0130stanbul Beykoz \u0130l\u00e7esi | Asya yakas\u0131nda yemye\u015fil do\u011fa ve huzur","isPartOf":{"@id":"https:\/\/aloturkey.org\/#website"},"primaryImageOfPage":{"@id":"https:\/\/aloturkey.org\/2025\/09\/22\/%d9%85%d9%86%d8%b7%d9%82%d9%87-%d8%a8%db%8c%da%a9%d9%88%d8%b2-%d8%a7%d8%b3%d8%aa%d8%a7%d9%86%d8%a8%d9%88%d9%84\/#primaryimage"},"image":{"@id":"https:\/\/aloturkey.org\/2025\/09\/22\/%d9%85%d9%86%d8%b7%d9%82%d9%87-%d8%a8%db%8c%da%a9%d9%88%d8%b2-%d8%a7%d8%b3%d8%aa%d8%a7%d9%86%d8%a8%d9%88%d9%84\/#primaryimage"},"thumbnailUrl":"https:\/\/aloturkey.org\/wp-content\/uploads\/2025\/09\/Beykoz-\u2013-Green-Life-in-Asian-Side-of-Istanbul.jpg","datePublished":"2025-09-22T14:39:10+00:00","dateModified":"2025-12-01T18:58:34+00:00","description":"\u0130stanbul&#039;un Asya yakas\u0131nda yer alan Beykoz il\u00e7esi, yemye\u015fil do\u011fas\u0131, sakin mahalleleri ve l\u00fcks villalar\u0131yla Bo\u011faz&#039;a yak\u0131n ya\u015famak ve yat\u0131r\u0131m yapmak i\u00e7in en iyi se\u00e7eneklerden biridir.","breadcrumb":{"@id":"https:\/\/aloturkey.org\/2025\/09\/22\/%d9%85%d9%86%d8%b7%d9%82%d9%87-%d8%a8%db%8c%da%a9%d9%88%d8%b2-%d8%a7%d8%b3%d8%aa%d8%a7%d9%86%d8%a8%d9%88%d9%84\/#breadcrumb"},"inLanguage":"tr","potentialAction":[{"@type":"ReadAction","target":["https:\/\/aloturkey.org\/2025\/09\/22\/%d9%85%d9%86%d8%b7%d9%82%d9%87-%d8%a8%db%8c%da%a9%d9%88%d8%b2-%d8%a7%d8%b3%d8%aa%d8%a7%d9%86%d8%a8%d9%88%d9%84\/"]}]},{"@type":"ImageObject","inLanguage":"tr","@id":"https:\/\/aloturkey.org\/2025\/09\/22\/%d9%85%d9%86%d8%b7%d9%82%d9%87-%d8%a8%db%8c%da%a9%d9%88%d8%b2-%d8%a7%d8%b3%d8%aa%d8%a7%d9%86%d8%a8%d9%88%d9%84\/#primaryimage","url":"https:\/\/aloturkey.org\/wp-content\/uploads\/2025\/09\/Beykoz-\u2013-Green-Life-in-Asian-Side-of-Istanbul.jpg","contentUrl":"https:\/\/aloturkey.org\/wp-content\/uploads\/2025\/09\/Beykoz-\u2013-Green-Life-in-Asian-Side-of-Istanbul.jpg","width":1200,"height":630,"caption":"\u0632\u0646\u062f\u06af\u06cc \u062f\u0631 \u0628\u06cc\u06a9\u0648\u0632 \u0627\u0633\u062a\u0627\u0646\u0628\u0648\u0644"},{"@type":"BreadcrumbList","@id":"https:\/\/aloturkey.org\/2025\/09\/22\/%d9%85%d9%86%d8%b7%d9%82%d9%87-%d8%a8%db%8c%da%a9%d9%88%d8%b2-%d8%a7%d8%b3%d8%aa%d8%a7%d9%86%d8%a8%d9%88%d9%84\/#breadcrumb","itemListElement":[{"@type":"ListItem","position":1,"name":"Home","item":"https:\/\/aloturkey.org\/"},{"@type":"ListItem","position":2,"name":"\u0645\u0646\u0637\u0642\u0647 \u0628\u06cc\u06a9\u0648\u0632 \u0627\u0633\u062a\u0627\u0646\u0628\u0648\u0644 \u2013 \u0637\u0628\u06cc\u0639\u062a \u0633\u0631\u0633\u0628\u0632 \u0648 \u0622\u0631\u0627\u0645\u0634 \u062f\u0631 \u0628\u062e\u0634 \u0622\u0633\u06cc\u0627\u06cc\u06cc"}]},{"@type":"WebSite","@id":"https:\/\/aloturkey.org\/#website","url":"https:\/\/aloturkey.org\/","name":"ALO T\u00dcRK\u0130YE","description":"T\u00fcrkiye&#039;de m\u00fclk sat\u0131\u015f\u0131","publisher":{"@id":"https:\/\/aloturkey.org\/#organization"},"alternateName":"\u0627\u0644\u0648 \u062a\u0631\u06a9\u06cc\u0647","potentialAction":[{"@type":"SearchAction","target":{"@type":"EntryPoint","urlTemplate":"https:\/\/aloturkey.org\/?s={search_term_string}"},"query-input":{"@type":"PropertyValueSpecification","valueRequired":true,"valueName":"search_term_string"}}],"inLanguage":"tr"},{"@type":["Organization","Place","RealEstateAgent"],"@id":"https:\/\/aloturkey.org\/#organization","name":"ALO T\u00dcRK\u0130YE","alternateName":"ALOTURKEY","url":"https:\/\/aloturkey.org\/","logo":{"@id":"https:\/\/aloturkey.org\/2025\/09\/22\/%d9%85%d9%86%d8%b7%d9%82%d9%87-%d8%a8%db%8c%da%a9%d9%88%d8%b2-%d8%a7%d8%b3%d8%aa%d8%a7%d9%86%d8%a8%d9%88%d9%84\/#local-main-organization-logo"},"image":{"@id":"https:\/\/aloturkey.org\/2025\/09\/22\/%d9%85%d9%86%d8%b7%d9%82%d9%87-%d8%a8%db%8c%da%a9%d9%88%d8%b2-%d8%a7%d8%b3%d8%aa%d8%a7%d9%86%d8%a8%d9%88%d9%84\/#local-main-organization-logo"},"description":"Aloturkey; Gayrimenkul sat\u0131n alma ve T\u00fcrk vatanda\u015fl\u0131\u011f\u0131 alma yolunda g\u00fcvenilir yol arkada\u015f\u0131n\u0131z","numberOfEmployees":{"@type":"QuantitativeValue","minValue":"1","maxValue":"10"},"publishingPrinciples":"https:\/\/aloturkey.org\/my-properties\/","ownershipFundingInfo":"https:\/\/aloturkey.org\/disclaimer\/","correctionsPolicy":"https:\/\/aloturkey.org\/disclaimer\/","ethicsPolicy":"https:\/\/aloturkey.org\/investment-guide\/","diversityPolicy":"https:\/\/aloturkey.org\/disclaimer\/","diversityStaffingReport":"https:\/\/aloturkey.org\/investment-guide\/","telephone":["05395005000"],"contactPoint":{"@type":"ContactPoint","telephone":"905395005000"},"openingHoursSpecification":[{"@type":"OpeningHoursSpecification","dayOfWeek":["Monday","Tuesday","Wednesday","Thursday","Friday"],"opens":"09:00","closes":"17:00"},{"@type":"OpeningHoursSpecification","dayOfWeek":["Saturday","Sunday"],"opens":"10:00","closes":"14:00"}],"email":"info@aloturkey.org","faxNumber":"Alo Turkey"},{"@type":"Person","@id":"https:\/\/aloturkey.org\/#\/schema\/person\/57cbbcd68162166bf85312dc0f1cb58b","name":"Merhaba","image":{"@type":"ImageObject","inLanguage":"tr","@id":"https:\/\/secure.gravatar.com\/avatar\/ca843a4690aaaa09d1a088ad0577c7395489e64dd8ef6fece1dfff346994400f?s=96&d=mm&r=g","url":"https:\/\/secure.gravatar.com\/avatar\/ca843a4690aaaa09d1a088ad0577c7395489e64dd8ef6fece1dfff346994400f?s=96&d=mm&r=g","contentUrl":"https:\/\/secure.gravatar.com\/avatar\/ca843a4690aaaa09d1a088ad0577c7395489e64dd8ef6fece1dfff346994400f?s=96&d=mm&r=g","caption":"alo"},"sameAs":["https:\/\/aloturkey.org","https:\/\/www.instagram.com\/aloturkeye"],"url":"https:\/\/aloturkey.org\/tr\/author\/adminat\/"},{"@type":"ImageObject","inLanguage":"tr","@id":"https:\/\/aloturkey.org\/2025\/09\/22\/%d9%85%d9%86%d8%b7%d9%82%d9%87-%d8%a8%db%8c%da%a9%d9%88%d8%b2-%d8%a7%d8%b3%d8%aa%d8%a7%d9%86%d8%a8%d9%88%d9%84\/#local-main-organization-logo","url":"https:\/\/aloturkey.org\/wp-content\/uploads\/wp-realestate-uploads\/user_avatar\/2025\/08\/logo-icon.png","contentUrl":"https:\/\/aloturkey.org\/wp-content\/uploads\/wp-realestate-uploads\/user_avatar\/2025\/08\/logo-icon.png","width":160,"height":160,"caption":"ALO TURKEY"}]},"geo.placename":"ISTANBUL","geo.region":"T\u00fcrkiye"},"_links":{"self":[{"href":"https:\/\/aloturkey.org\/tr\/wp-json\/wp\/v2\/posts\/4956","targetHints":{"allow":["GET"]}}],"collection":[{"href":"https:\/\/aloturkey.org\/tr\/wp-json\/wp\/v2\/posts"}],"about":[{"href":"https:\/\/aloturkey.org\/tr\/wp-json\/wp\/v2\/types\/post"}],"author":[{"embeddable":true,"href":"https:\/\/aloturkey.org\/tr\/wp-json\/wp\/v2\/users\/52"}],"replies":[{"embeddable":true,"href":"https:\/\/aloturkey.org\/tr\/wp-json\/wp\/v2\/comments?post=4956"}],"version-history":[{"count":0,"href":"https:\/\/aloturkey.org\/tr\/wp-json\/wp\/v2\/posts\/4956\/revisions"}],"wp:featuredmedia":[{"embeddable":true,"href":"https:\/\/aloturkey.org\/tr\/wp-json\/wp\/v2\/media\/4957"}],"wp:attachment":[{"href":"https:\/\/aloturkey.org\/tr\/wp-json\/wp\/v2\/media?parent=4956"}],"wp:term":[{"taxonomy":"category","embeddable":true,"href":"https:\/\/aloturkey.org\/tr\/wp-json\/wp\/v2\/categories?post=4956"},{"taxonomy":"post_tag","embeddable":true,"href":"https:\/\/aloturkey.org\/tr\/wp-json\/wp\/v2\/tags?post=4956"}],"curies":[{"name":"wp","href":"https:\/\/api.w.org\/{rel}","templated":true}]}}