{"id":6739,"date":"2025-12-22T23:49:45","date_gmt":"2025-12-22T20:49:45","guid":{"rendered":"https:\/\/aloturkey.org\/?p=6739"},"modified":"2025-12-22T23:49:46","modified_gmt":"2025-12-22T20:49:46","slug":"besiktasi-kesfetmek-icin-eksiksiz-kilavuz","status":"publish","type":"post","link":"https:\/\/aloturkey.org\/tr\/2025\/12\/22\/%d8%b1%d8%a7%d9%87%d9%86%d9%85%d8%a7%db%8c-%da%a9%d8%a7%d9%85%d9%84-%da%af%d8%b4%d8%aa%d9%88%da%af%d8%b0%d8%a7%d8%b1-%d8%af%d8%b1-%d8%a8%d8%b4%db%8c%da%a9%d8%aa%d8%a7%d8%b4\/","title":{"rendered":"Be\u015fikta\u015f&#039;\u0131 Ke\u015ffetmenin Eksiksiz Rehberi | \u0130stanbul&#039;un Ya\u015fayan Kalbi"},"content":{"rendered":"<p>Be\u015fikta\u015f, \u0130stanbul&#039;un en hareketli ve pop\u00fcler b\u00f6lgelerinden biridir; burada <strong>\u00d6\u011frenci hayat\u0131, yerel k\u00fclt\u00fcr, Bo\u011faz k\u0131y\u0131lar\u0131 ve \u015fehir e\u011flenceleri<\/strong> Onlar bir araya gelmi\u015fler. \u0130stanbul&#039;u bir turist gibi de\u011fil de, <strong>Yerliler gibi<\/strong> Deneyimleyin, Be\u015fikta\u015f ideal bir se\u00e7imdir.<\/p>\n\n\n\n<hr class=\"wp-block-separator has-alpha-channel-opacity\"\/>\n\n\n\n<h2 class=\"wp-block-heading\" id=\"h-\u0628\u0634\u06cc\u06a9\u062a\u0627\u0634-\u06a9\u062c\u0627\u0633\u062a-\u0648-\u0686\u0647-\u062d\u0627\u0644-\u0648\u0647\u0648\u0627\u06cc\u06cc-\u062f\u0627\u0631\u062f\">\ud83d\udccd Be\u015fikta\u015f nerede ve hava nas\u0131l?<\/h2>\n\n\n\n<p>Be\u015fikta\u015f, \u0130stanbul&#039;un Avrupa yakas\u0131nda, Bo\u011faz k\u0131y\u0131s\u0131nda yer almaktad\u0131r. \u00d6nemli merkezlere, \u00fcniversitelere yak\u0131nl\u0131\u011f\u0131 ve m\u00fckemmel ula\u015f\u0131m olanaklar\u0131 sayesinde bu b\u00f6lge her zaman hareketli ve canl\u0131d\u0131r.<\/p>\n\n\n\n<p><strong>Be\u015fikta\u015f hava durumu:<\/strong><\/p>\n\n\n\n<ul class=\"wp-block-list\">\n<li>Gen\u00e7, dinamik ve sosyal<\/li>\n\n\n\n<li>Yerel ya\u015fam\u0131 turizmle birle\u015ftirmek<\/li>\n\n\n\n<li>Y\u00fcr\u00fcy\u00fc\u015f yapmak ve uzun saatler ge\u00e7irmek i\u00e7in uygundur.<\/li>\n<\/ul>\n\n\n\n<hr class=\"wp-block-separator has-alpha-channel-opacity\"\/>\n\n\n\n<h2 class=\"wp-block-heading\" id=\"h-\u062c\u0627\u0647\u0627\u06cc-\u062f\u06cc\u062f\u0646\u06cc-\u0628\u0634\u06cc\u06a9\u062a\u0627\u0634\">\ud83c\udfdb\ufe0f Be\u015fikta\u015f&#039;ta Gezilecek Yerler<\/h2>\n\n\n\n<h3 class=\"wp-block-heading\" id=\"h-1-\u06a9\u0627\u062e-\u062f\u0644\u0645\u0627\u0628\u0627\u063a\u0686\u0647\">1\ufe0f\u20e3 Dolmabah\u00e7e Saray\u0131<\/h3>\n\n\n\n<p>Bo\u011faz k\u0131y\u0131s\u0131nda yer alan, Avrupa mimarisine sahip en g\u00f6rkemli Osmanl\u0131 saraylar\u0131ndan biri. Ziyaret etmek i\u00e7in en uygun zaman yakla\u015f\u0131k olarak \u015fu tarihlerdir: <strong>1,5 ila 2 saat<\/strong> Zaman al\u0131r.<\/p>\n\n\n\n<h3 class=\"wp-block-heading\" id=\"h-2-\u0645\u06cc\u062f\u0627\u0646-\u0628\u0634\u06cc\u06a9\u062a\u0627\u0634\">2\ufe0f\u20e3 Be\u015fikta\u015f Meydan\u0131<\/h3>\n\n\n\n<p>B\u00f6lgenin kalbi; insanlar\u0131n bulu\u015fma noktas\u0131, d\u00fckkanlar, kafeler ve bir\u00e7ok y\u00fcr\u00fcy\u00fc\u015f parkurunun ba\u015flang\u0131\u00e7 noktas\u0131.<\/p>\n\n\n\n<h3 class=\"wp-block-heading\" id=\"h-3-\u0627\u0633\u06a9\u0644\u0647-\u0628\u0634\u06cc\u06a9\u062a\u0627\u0634\">3\ufe0f\u20e3 Be\u015fikta\u015f \u0130skelesi<\/h3>\n\n\n\n<p>Denizin k\u0131y\u0131s\u0131nda oturup gemileri izlemek ve Asya yakas\u0131na do\u011fru yap\u0131lan seferlere ba\u015flamak i\u00e7in en iyi yer.<\/p>\n\n\n\n<hr class=\"wp-block-separator has-alpha-channel-opacity\"\/>\n\n\n\n<h2 class=\"wp-block-heading\" id=\"h-\u06a9\u0627\u0641\u0647-\u0647\u0627-\u0648-\u0631\u0633\u062a\u0648\u0631\u0627\u0646-\u0647\u0627\u06cc-\u0628\u0634\u06cc\u06a9\u062a\u0627\u0634\">\u2615 Be\u015fikta\u015f&#039;taki kafeler ve restoranlar<\/h2>\n\n\n\n<p>Be\u015fikta\u015f, yerel ve ekonomik kafeleriyle tan\u0131n\u0131r:<\/p>\n\n\n\n<ul class=\"wp-block-list\">\n<li>Kahve ve tatl\u0131 servisi yapan sokak kafeleri<\/li>\n\n\n\n<li>Uygun fiyatl\u0131 yerel restoranlar<\/li>\n\n\n\n<li>Pop\u00fcler yemekler: D\u00f6ner, Kompir, B\u00f6rek ve T\u00fcrk kahvalt\u0131s\u0131<\/li>\n<\/ul>\n\n\n\n<p>\ud83d\udccc Bu alan \u015funlar i\u00e7indir: <strong>\u00d6\u011fleden sonra kafe turu<\/strong> Bu harika.<\/p>\n\n\n\n<hr class=\"wp-block-separator has-alpha-channel-opacity\"\/>\n\n\n\n<h2 class=\"wp-block-heading\" id=\"h-\u062e\u0631\u06cc\u062f-\u0648-\u06af\u0634\u062a-\u0634\u0647\u0631\u06cc\">\ud83d\udecd\ufe0f Al\u0131\u015fveri\u015f ve \u015fehir gezisi<\/h2>\n\n\n\n<p>Be\u015fikta\u015f&#039;ta b\u00fcy\u00fck l\u00fcks al\u0131\u015fveri\u015f merkezleri bulunmamaktad\u0131r, ancak:<\/p>\n\n\n\n<ul class=\"wp-block-list\">\n<li>Yerel d\u00fckkanlar<\/li>\n\n\n\n<li>K\u00fc\u00e7\u00fck butikler<\/li>\n\n\n\n<li>G\u00fcnl\u00fck piyasalar<\/li>\n<\/ul>\n\n\n\n<p>\u0130stanbul&#039;daki yerel al\u0131\u015fveri\u015fin ger\u00e7ek havas\u0131n\u0131 yans\u0131t\u0131yorlar.<\/p>\n\n\n\n<hr class=\"wp-block-separator has-alpha-channel-opacity\"\/>\n\n\n\n<h2 class=\"wp-block-heading\" id=\"h-\u0628\u0631\u0646\u0627\u0645\u0647-\u067e\u06cc\u0634\u0646\u0647\u0627\u062f\u06cc-\u06af\u0634\u062a-\u0648\u06af\u0630\u0627\u0631-\u062f\u0631-\u0628\u0634\u06cc\u06a9\u062a\u0627\u0634-\u0646\u06cc\u0645-\u0631\u0648\u0632\">\ud83d\udeb6 Be\u015fikta\u015f&#039;ta \u00f6nerilen gezi program\u0131 (yar\u0131m g\u00fcn)<\/h2>\n\n\n\n<p><strong>Sabah:<\/strong><\/p>\n\n\n\n<ul class=\"wp-block-list\">\n<li>Dolmabah\u00e7e Saray\u0131&#039;n\u0131 ziyaret etmek<\/li>\n<\/ul>\n\n\n\n<p><strong>\u00d6\u011flen:<\/strong><\/p>\n\n\n\n<ul class=\"wp-block-list\">\n<li>Meydan\u0131n \u00e7evresindeki yerel restoranlardan birinde \u00f6\u011fle yeme\u011fi.<\/li>\n<\/ul>\n\n\n\n<p><strong>Ak\u015fam:<\/strong><\/p>\n\n\n\n<ul class=\"wp-block-list\">\n<li>Bo\u011faz boyunca y\u00fcr\u00fcy\u00fc\u015f<\/li>\n\n\n\n<li>Sokak kafelerinde kahve<\/li>\n<\/ul>\n\n\n\n<p><strong>G\u00fcn bat\u0131m\u0131:<\/strong><\/p>\n\n\n\n<ul class=\"wp-block-list\">\n<li>\u0130skelede oturup g\u00fcn bat\u0131m\u0131n\u0131 izlemek \ud83c\udf05<\/li>\n<\/ul>\n\n\n\n<hr class=\"wp-block-separator has-alpha-channel-opacity\"\/>\n\n\n\n<h2 class=\"wp-block-heading\" id=\"h-\u0628\u0634\u06cc\u06a9\u062a\u0627\u0634-\u0645\u0646\u0627\u0633\u0628-\u0686\u0647-\u06a9\u0633\u0627\u0646\u06cc-\u0627\u0633\u062a\">\ud83d\udc68\u200d\ud83d\udc69\u200d\ud83d\udc67 Be\u015fikta\u015f kimler i\u00e7in uygundur?<\/h2>\n\n\n\n<p>\u2714\ufe0f Gen\u00e7ler ve \u00f6\u011frenciler<br>\u2714\ufe0f Yerel halk aras\u0131nda olmay\u0131 sevenler<br>\u2714\ufe0f Y\u00fcr\u00fcy\u00fc\u015f yapmaktan ve kafeleri ziyaret etmekten ho\u015flananlar<br>\u2714\ufe0f Zaman\u0131 k\u0131s\u0131tl\u0131 olmayan turistler<\/p>\n\n\n\n<hr class=\"wp-block-separator has-alpha-channel-opacity\"\/>\n\n\n\n<h2 class=\"wp-block-heading\" id=\"h-\u0686\u0642\u062f\u0631-\u0632\u0645\u0627\u0646-\u0628\u0631\u0627\u06cc-\u0628\u0634\u06cc\u06a9\u062a\u0627\u0634-\u0644\u0627\u0632\u0645-\u0627\u0633\u062a\">\u23f1\ufe0f Be\u015fikta\u015f&#039;a ula\u015fmak ne kadar zaman al\u0131yor?<\/h2>\n\n\n\n<ul class=\"wp-block-list\">\n<li>Minimum: <strong>3 ila 4 saat<\/strong><\/li>\n\n\n\n<li>\u0130deal: <strong>Tam yar\u0131m g\u00fcn<\/strong><\/li>\n\n\n\n<li>E\u011fer kafe m\u00fcdavimiyseniz: <strong>Hatta koca bir g\u00fcn<\/strong><\/li>\n<\/ul>\n\n\n\n<hr class=\"wp-block-separator has-alpha-channel-opacity\"\/>\n\n\n\n<h2 class=\"wp-block-heading\" id=\"h-\u062c\u0645\u0639-\u0628\u0646\u062f\u06cc\">\u2705 Sonu\u00e7<\/h2>\n\n\n\n<p>Be\u015fikta\u015f, \u0130stanbul&#039;da ger\u00e7ek \u015fehir hayat\u0131n\u0131 deneyimlemek i\u00e7in en iyi semtlerden biridir.<br>Ne \u00e7ok turistik, ne de \u00e7ok resmi; <strong>Dengeli, canl\u0131 ve sevimli<\/strong>. \u0130stanbul&#039;a seyahat ediyorsan\u0131z, Be\u015fikta\u015f&#039;\u0131 mutlaka listenize ekleyin.<\/p>","protected":false},"excerpt":{"rendered":"<p>\u0628\u0634\u06cc\u06a9\u062a\u0627\u0634 \u06cc\u06a9\u06cc \u0627\u0632 \u067e\u0631\u0627\u0646\u0631\u0698\u06cc\u200c\u062a\u0631\u06cc\u0646 \u0648 \u0645\u062d\u0628\u0648\u0628\u200c\u062a\u0631\u06cc\u0646 \u0645\u0646\u0627\u0637\u0642 \u0627\u0633\u062a\u0627\u0646\u0628\u0648\u0644 \u0627\u0633\u062a\u061b \u062c\u0627\u06cc\u06cc \u06a9\u0647 \u0632\u0646\u062f\u06af\u06cc \u062f\u0627\u0646\u0634\u062c\u0648\u06cc\u06cc\u060c \u0641\u0631\u0647\u0646\u06af \u0645\u062d\u0644\u06cc\u060c \u0633\u0627\u062d\u0644 \u0628\u0633\u0641\u0631 \u0648 \u062a\u0641\u0631\u06cc\u062d\u0627\u062a \u0634\u0647\u0631\u06cc \u062f\u0631 \u06a9\u0646\u0627\u0631 \u0647\u0645 \u062c\u0645\u0639 \u0634\u062f\u0647\u200c\u0627\u0646\u062f. \u0627\u06af\u0631 \u0645\u06cc\u200c\u062e\u0648\u0627\u0647\u06cc\u062f \u0627\u0633\u062a\u0627\u0646\u0628\u0648\u0644 \u0631\u0627 \u0646\u0647 \u0645\u062b\u0644 \u062a\u0648\u0631\u06cc\u0633\u062a\u200c\u0647\u0627\u060c \u0628\u0644\u06a9\u0647 \u0645\u062b\u0644 \u0645\u0631\u062f\u0645 \u0645\u062d\u0644\u06cc \u062a\u062c\u0631\u0628\u0647 \u06a9\u0646\u06cc\u062f\u060c \u0628\u0634\u06cc\u06a9\u062a\u0627\u0634 \u0627\u0646\u062a\u062e\u0627\u0628\u06cc \u0627\u06cc\u062f\u0647\u200c\u0622\u0644 \u0627\u0633\u062a. \ud83d\udccd \u0628\u0634\u06cc\u06a9\u062a\u0627\u0634 \u06a9\u062c\u0627\u0633\u062a \u0648 \u0686\u0647 \u062d\u0627\u0644\u200c\u0648\u0647\u0648\u0627\u06cc\u06cc \u062f\u0627\u0631\u062f\u061f \u0628\u0634\u06cc\u06a9\u062a\u0627\u0634 \u062f\u0631 \u0628\u062e\u0634 \u0627\u0631\u0648\u067e\u0627\u06cc\u06cc \u0627\u0633\u062a\u0627\u0646\u0628\u0648\u0644 \u0648 [&hellip;]<\/p>\n","protected":false},"author":52,"featured_media":6740,"comment_status":"open","ping_status":"open","sticky":false,"template":"","format":"standard","meta":{"googlesitekit_rrm_CAow34nBDA:productID":"","footnotes":""},"categories":[19],"tags":[379,378,381,382,380],"class_list":["post-6739","post","type-post","status-publish","format-standard","has-post-thumbnail","hentry","category-istanbul-neighborhoods-guide","tag-379","tag-378","tag-381","tag-382","tag-380"],"yoast_head":"<!-- This site is optimized with the Yoast SEO Premium plugin v26.9 (Yoast SEO v27.4) - https:\/\/yoast.com\/product\/yoast-seo-premium-wordpress\/ -->\n<title>\u0631\u0627\u0647\u0646\u0645\u0627\u06cc \u06a9\u0627\u0645\u0644 \u06af\u0634\u062a\u200c\u0648\u06af\u0630\u0627\u0631 \u062f\u0631 \u0628\u0634\u06cc\u06a9\u062a\u0627\u0634 \u0627\u0633\u062a\u0627\u0646\u0628\u0648\u0644 | \u062f\u06cc\u062f\u0646\u06cc\u200c\u0647\u0627\u060c \u06a9\u0627\u0641\u0647\u200c\u0647\u0627 \u0648 \u062d\u0627\u0644\u200c\u0648\u200c\u0647\u0648\u0627<\/title>\n<meta name=\"description\" content=\"\u0628\u0634\u06cc\u06a9\u062a\u0627\u0634 \u06cc\u06a9\u06cc \u0627\u0632 \u0632\u0646\u062f\u0647\u200c\u062a\u0631\u06cc\u0646 \u0645\u062d\u0644\u0647\u200c\u0647\u0627\u06cc \u0627\u0633\u062a\u0627\u0646\u0628\u0648\u0644 \u0627\u0633\u062a. \u062f\u0631 \u0627\u06cc\u0646 \u0631\u0627\u0647\u0646\u0645\u0627\u06cc \u06a9\u0627\u0645\u0644 \u0628\u0627 \u062c\u0627\u0647\u0627\u06cc \u062f\u06cc\u062f\u0646\u06cc\u060c \u06a9\u0627\u0641\u0647\u200c\u0647\u0627\u060c \u062a\u0641\u0631\u06cc\u062d\u0627\u062a \u0648 \u062d\u0627\u0644\u200c\u0648\u0647\u0648\u0627\u06cc \u0628\u0634\u06cc\u06a9\u062a\u0627\u0634 \u0622\u0634\u0646\u0627 \u0634\u0648\u06cc\u062f \u0648 \u0628\u0647\u062a\u0631\u06cc\u0646 \u0628\u0631\u0646\u0627\u0645\u0647 \u06af\u0634\u062a\u200c\u0648\u06af\u0630\u0627\u0631 \u0631\u0627 \u062f\u0627\u0634\u062a\u0647 \u0628\u0627\u0634\u06cc\u062f.\" \/>\n<meta name=\"robots\" content=\"index, follow, max-snippet:-1, max-image-preview:large, max-video-preview:-1\" \/>\n<link rel=\"canonical\" href=\"https:\/\/aloturkey.org\/tr\/2025\/12\/22\/besiktasi-kesfetmek-icin-eksiksiz-kilavuz\/\" \/>\n<meta property=\"og:locale\" content=\"tr_TR\" \/>\n<meta property=\"og:type\" content=\"article\" \/>\n<meta property=\"og:title\" content=\"\u0631\u0627\u0647\u0646\u0645\u0627\u06cc \u06a9\u0627\u0645\u0644 \u06af\u0634\u062a\u200c\u0648\u06af\u0630\u0627\u0631 \u062f\u0631 \u0628\u0634\u06cc\u06a9\u062a\u0627\u0634 | \u0642\u0644\u0628 \u0632\u0646\u062f\u0647 \u0627\u0633\u062a\u0627\u0646\u0628\u0648\u0644\" \/>\n<meta property=\"og:description\" content=\"\u0628\u0634\u06cc\u06a9\u062a\u0627\u0634 \u06cc\u06a9\u06cc \u0627\u0632 \u0632\u0646\u062f\u0647\u200c\u062a\u0631\u06cc\u0646 \u0645\u062d\u0644\u0647\u200c\u0647\u0627\u06cc \u0627\u0633\u062a\u0627\u0646\u0628\u0648\u0644 \u0627\u0633\u062a. \u062f\u0631 \u0627\u06cc\u0646 \u0631\u0627\u0647\u0646\u0645\u0627\u06cc \u06a9\u0627\u0645\u0644 \u0628\u0627 \u062c\u0627\u0647\u0627\u06cc \u062f\u06cc\u062f\u0646\u06cc\u060c \u06a9\u0627\u0641\u0647\u200c\u0647\u0627\u060c \u062a\u0641\u0631\u06cc\u062d\u0627\u062a \u0648 \u062d\u0627\u0644\u200c\u0648\u0647\u0648\u0627\u06cc \u0628\u0634\u06cc\u06a9\u062a\u0627\u0634 \u0622\u0634\u0646\u0627 \u0634\u0648\u06cc\u062f \u0648 \u0628\u0647\u062a\u0631\u06cc\u0646 \u0628\u0631\u0646\u0627\u0645\u0647 \u06af\u0634\u062a\u200c\u0648\u06af\u0630\u0627\u0631 \u0631\u0627 \u062f\u0627\u0634\u062a\u0647 \u0628\u0627\u0634\u06cc\u062f.\" \/>\n<meta property=\"og:url\" content=\"https:\/\/aloturkey.org\/tr\/2025\/12\/22\/besiktasi-kesfetmek-icin-eksiksiz-kilavuz\/\" \/>\n<meta property=\"og:site_name\" content=\"ALO TURKEY\" \/>\n<meta property=\"article:published_time\" content=\"2025-12-22T20:49:45+00:00\" \/>\n<meta property=\"article:modified_time\" content=\"2025-12-22T20:49:46+00:00\" \/>\n<meta property=\"og:image\" content=\"https:\/\/aloturkey.org\/wp-content\/uploads\/2025\/12\/Besiktas-\u2013-Feel-the-Real-Istanbul.jpg\" \/>\n\t<meta property=\"og:image:width\" content=\"1200\" \/>\n\t<meta property=\"og:image:height\" content=\"630\" \/>\n\t<meta property=\"og:image:type\" content=\"image\/jpeg\" \/>\n<meta name=\"author\" content=\"alo\" \/>\n<meta name=\"twitter:card\" content=\"summary_large_image\" \/>\n<meta name=\"twitter:label1\" content=\"Yazan:\" \/>\n\t<meta name=\"twitter:data1\" content=\"alo\" \/>\n\t<meta name=\"twitter:label2\" content=\"Tahmini okuma s\u00fcresi\" \/>\n\t<meta name=\"twitter:data2\" content=\"2 dakika\" \/>\n<script type=\"application\/ld+json\" class=\"yoast-schema-graph\">{\"@context\":\"https:\\\/\\\/schema.org\",\"@graph\":[{\"@type\":\"Article\",\"@id\":\"https:\\\/\\\/aloturkey.org\\\/2025\\\/12\\\/22\\\/%d8%b1%d8%a7%d9%87%d9%86%d9%85%d8%a7%db%8c-%da%a9%d8%a7%d9%85%d9%84-%da%af%d8%b4%d8%aa%d9%88%da%af%d8%b0%d8%a7%d8%b1-%d8%af%d8%b1-%d8%a8%d8%b4%db%8c%da%a9%d8%aa%d8%a7%d8%b4\\\/#article\",\"isPartOf\":{\"@id\":\"https:\\\/\\\/aloturkey.org\\\/2025\\\/12\\\/22\\\/%d8%b1%d8%a7%d9%87%d9%86%d9%85%d8%a7%db%8c-%da%a9%d8%a7%d9%85%d9%84-%da%af%d8%b4%d8%aa%d9%88%da%af%d8%b0%d8%a7%d8%b1-%d8%af%d8%b1-%d8%a8%d8%b4%db%8c%da%a9%d8%aa%d8%a7%d8%b4\\\/\"},\"author\":{\"name\":\"alo\",\"@id\":\"https:\\\/\\\/aloturkey.org\\\/#\\\/schema\\\/person\\\/57cbbcd68162166bf85312dc0f1cb58b\"},\"headline\":\"\u0631\u0627\u0647\u0646\u0645\u0627\u06cc \u06a9\u0627\u0645\u0644 \u06af\u0634\u062a\u200c\u0648\u06af\u0630\u0627\u0631 \u062f\u0631 \u0628\u0634\u06cc\u06a9\u062a\u0627\u0634 | \u0642\u0644\u0628 \u0632\u0646\u062f\u0647 \u0627\u0633\u062a\u0627\u0646\u0628\u0648\u0644\",\"datePublished\":\"2025-12-22T20:49:45+00:00\",\"dateModified\":\"2025-12-22T20:49:46+00:00\",\"mainEntityOfPage\":{\"@id\":\"https:\\\/\\\/aloturkey.org\\\/2025\\\/12\\\/22\\\/%d8%b1%d8%a7%d9%87%d9%86%d9%85%d8%a7%db%8c-%da%a9%d8%a7%d9%85%d9%84-%da%af%d8%b4%d8%aa%d9%88%da%af%d8%b0%d8%a7%d8%b1-%d8%af%d8%b1-%d8%a8%d8%b4%db%8c%da%a9%d8%aa%d8%a7%d8%b4\\\/\"},\"wordCount\":0,\"commentCount\":0,\"publisher\":{\"@id\":\"https:\\\/\\\/aloturkey.org\\\/#organization\"},\"image\":{\"@id\":\"https:\\\/\\\/aloturkey.org\\\/2025\\\/12\\\/22\\\/%d8%b1%d8%a7%d9%87%d9%86%d9%85%d8%a7%db%8c-%da%a9%d8%a7%d9%85%d9%84-%da%af%d8%b4%d8%aa%d9%88%da%af%d8%b0%d8%a7%d8%b1-%d8%af%d8%b1-%d8%a8%d8%b4%db%8c%da%a9%d8%aa%d8%a7%d8%b4\\\/#primaryimage\"},\"thumbnailUrl\":\"https:\\\/\\\/aloturkey.org\\\/wp-content\\\/uploads\\\/2025\\\/12\\\/Besiktas-\u2013-Feel-the-Real-Istanbul.jpg\",\"keywords\":[\"\u0627\u0633\u062a\u0627\u0646\u0628\u0648\u0644\u200c\u06af\u0631\u062f\u06cc\",\"\u0628\u0634\u06cc\u06a9\u062a\u0627\u0634\",\"\u062c\u0627\u0647\u0627\u06cc \u062f\u06cc\u062f\u0646\u06cc \u0627\u0633\u062a\u0627\u0646\u0628\u0648\u0644\",\"\u06a9\u0627\u0641\u0647\u200c\u0647\u0627\u06cc \u0627\u0633\u062a\u0627\u0646\u0628\u0648\u0644\",\"\u0645\u062d\u0644\u0647\u200c\u0647\u0627\u06cc \u0627\u0633\u062a\u0627\u0646\u0628\u0648\u0644\"],\"articleSection\":[\"\u0631\u0627\u0647\u0646\u0645\u0627\u06cc \u0645\u0646\u0627\u0637\u0642 \u0627\u0633\u062a\u0627\u0646\u0628\u0648\u0644\"],\"inLanguage\":\"tr\",\"potentialAction\":[{\"@type\":\"CommentAction\",\"name\":\"Comment\",\"target\":[\"https:\\\/\\\/aloturkey.org\\\/2025\\\/12\\\/22\\\/%d8%b1%d8%a7%d9%87%d9%86%d9%85%d8%a7%db%8c-%da%a9%d8%a7%d9%85%d9%84-%da%af%d8%b4%d8%aa%d9%88%da%af%d8%b0%d8%a7%d8%b1-%d8%af%d8%b1-%d8%a8%d8%b4%db%8c%da%a9%d8%aa%d8%a7%d8%b4\\\/#respond\"]}]},{\"@type\":\"WebPage\",\"@id\":\"https:\\\/\\\/aloturkey.org\\\/2025\\\/12\\\/22\\\/%d8%b1%d8%a7%d9%87%d9%86%d9%85%d8%a7%db%8c-%da%a9%d8%a7%d9%85%d9%84-%da%af%d8%b4%d8%aa%d9%88%da%af%d8%b0%d8%a7%d8%b1-%d8%af%d8%b1-%d8%a8%d8%b4%db%8c%da%a9%d8%aa%d8%a7%d8%b4\\\/\",\"url\":\"https:\\\/\\\/aloturkey.org\\\/2025\\\/12\\\/22\\\/%d8%b1%d8%a7%d9%87%d9%86%d9%85%d8%a7%db%8c-%da%a9%d8%a7%d9%85%d9%84-%da%af%d8%b4%d8%aa%d9%88%da%af%d8%b0%d8%a7%d8%b1-%d8%af%d8%b1-%d8%a8%d8%b4%db%8c%da%a9%d8%aa%d8%a7%d8%b4\\\/\",\"name\":\"\u0631\u0627\u0647\u0646\u0645\u0627\u06cc \u06a9\u0627\u0645\u0644 \u06af\u0634\u062a\u200c\u0648\u06af\u0630\u0627\u0631 \u062f\u0631 \u0628\u0634\u06cc\u06a9\u062a\u0627\u0634 \u0627\u0633\u062a\u0627\u0646\u0628\u0648\u0644 | \u062f\u06cc\u062f\u0646\u06cc\u200c\u0647\u0627\u060c \u06a9\u0627\u0641\u0647\u200c\u0647\u0627 \u0648 \u062d\u0627\u0644\u200c\u0648\u200c\u0647\u0648\u0627\",\"isPartOf\":{\"@id\":\"https:\\\/\\\/aloturkey.org\\\/#website\"},\"primaryImageOfPage\":{\"@id\":\"https:\\\/\\\/aloturkey.org\\\/2025\\\/12\\\/22\\\/%d8%b1%d8%a7%d9%87%d9%86%d9%85%d8%a7%db%8c-%da%a9%d8%a7%d9%85%d9%84-%da%af%d8%b4%d8%aa%d9%88%da%af%d8%b0%d8%a7%d8%b1-%d8%af%d8%b1-%d8%a8%d8%b4%db%8c%da%a9%d8%aa%d8%a7%d8%b4\\\/#primaryimage\"},\"image\":{\"@id\":\"https:\\\/\\\/aloturkey.org\\\/2025\\\/12\\\/22\\\/%d8%b1%d8%a7%d9%87%d9%86%d9%85%d8%a7%db%8c-%da%a9%d8%a7%d9%85%d9%84-%da%af%d8%b4%d8%aa%d9%88%da%af%d8%b0%d8%a7%d8%b1-%d8%af%d8%b1-%d8%a8%d8%b4%db%8c%da%a9%d8%aa%d8%a7%d8%b4\\\/#primaryimage\"},\"thumbnailUrl\":\"https:\\\/\\\/aloturkey.org\\\/wp-content\\\/uploads\\\/2025\\\/12\\\/Besiktas-\u2013-Feel-the-Real-Istanbul.jpg\",\"datePublished\":\"2025-12-22T20:49:45+00:00\",\"dateModified\":\"2025-12-22T20:49:46+00:00\",\"description\":\"\u0628\u0634\u06cc\u06a9\u062a\u0627\u0634 \u06cc\u06a9\u06cc \u0627\u0632 \u0632\u0646\u062f\u0647\u200c\u062a\u0631\u06cc\u0646 \u0645\u062d\u0644\u0647\u200c\u0647\u0627\u06cc \u0627\u0633\u062a\u0627\u0646\u0628\u0648\u0644 \u0627\u0633\u062a. \u062f\u0631 \u0627\u06cc\u0646 \u0631\u0627\u0647\u0646\u0645\u0627\u06cc \u06a9\u0627\u0645\u0644 \u0628\u0627 \u062c\u0627\u0647\u0627\u06cc \u062f\u06cc\u062f\u0646\u06cc\u060c \u06a9\u0627\u0641\u0647\u200c\u0647\u0627\u060c \u062a\u0641\u0631\u06cc\u062d\u0627\u062a \u0648 \u062d\u0627\u0644\u200c\u0648\u0647\u0648\u0627\u06cc \u0628\u0634\u06cc\u06a9\u062a\u0627\u0634 \u0622\u0634\u0646\u0627 \u0634\u0648\u06cc\u062f \u0648 \u0628\u0647\u062a\u0631\u06cc\u0646 \u0628\u0631\u0646\u0627\u0645\u0647 \u06af\u0634\u062a\u200c\u0648\u06af\u0630\u0627\u0631 \u0631\u0627 \u062f\u0627\u0634\u062a\u0647 \u0628\u0627\u0634\u06cc\u062f.\",\"breadcrumb\":{\"@id\":\"https:\\\/\\\/aloturkey.org\\\/2025\\\/12\\\/22\\\/%d8%b1%d8%a7%d9%87%d9%86%d9%85%d8%a7%db%8c-%da%a9%d8%a7%d9%85%d9%84-%da%af%d8%b4%d8%aa%d9%88%da%af%d8%b0%d8%a7%d8%b1-%d8%af%d8%b1-%d8%a8%d8%b4%db%8c%da%a9%d8%aa%d8%a7%d8%b4\\\/#breadcrumb\"},\"inLanguage\":\"tr\",\"potentialAction\":[{\"@type\":\"ReadAction\",\"target\":[\"https:\\\/\\\/aloturkey.org\\\/2025\\\/12\\\/22\\\/%d8%b1%d8%a7%d9%87%d9%86%d9%85%d8%a7%db%8c-%da%a9%d8%a7%d9%85%d9%84-%da%af%d8%b4%d8%aa%d9%88%da%af%d8%b0%d8%a7%d8%b1-%d8%af%d8%b1-%d8%a8%d8%b4%db%8c%da%a9%d8%aa%d8%a7%d8%b4\\\/\"]}]},{\"@type\":\"ImageObject\",\"inLanguage\":\"tr\",\"@id\":\"https:\\\/\\\/aloturkey.org\\\/2025\\\/12\\\/22\\\/%d8%b1%d8%a7%d9%87%d9%86%d9%85%d8%a7%db%8c-%da%a9%d8%a7%d9%85%d9%84-%da%af%d8%b4%d8%aa%d9%88%da%af%d8%b0%d8%a7%d8%b1-%d8%af%d8%b1-%d8%a8%d8%b4%db%8c%da%a9%d8%aa%d8%a7%d8%b4\\\/#primaryimage\",\"url\":\"https:\\\/\\\/aloturkey.org\\\/wp-content\\\/uploads\\\/2025\\\/12\\\/Besiktas-\u2013-Feel-the-Real-Istanbul.jpg\",\"contentUrl\":\"https:\\\/\\\/aloturkey.org\\\/wp-content\\\/uploads\\\/2025\\\/12\\\/Besiktas-\u2013-Feel-the-Real-Istanbul.jpg\",\"width\":1200,\"height\":630,\"caption\":\"\u062a\u0641\u0631\u06cc\u062d\u0627\u062a \u0628\u0634\u06cc\u06a9\u062a\u0627\u0634\"},{\"@type\":\"BreadcrumbList\",\"@id\":\"https:\\\/\\\/aloturkey.org\\\/2025\\\/12\\\/22\\\/%d8%b1%d8%a7%d9%87%d9%86%d9%85%d8%a7%db%8c-%da%a9%d8%a7%d9%85%d9%84-%da%af%d8%b4%d8%aa%d9%88%da%af%d8%b0%d8%a7%d8%b1-%d8%af%d8%b1-%d8%a8%d8%b4%db%8c%da%a9%d8%aa%d8%a7%d8%b4\\\/#breadcrumb\",\"itemListElement\":[{\"@type\":\"ListItem\",\"position\":1,\"name\":\"Home\",\"item\":\"https:\\\/\\\/aloturkey.org\\\/\"},{\"@type\":\"ListItem\",\"position\":2,\"name\":\"\u0631\u0627\u0647\u0646\u0645\u0627\u06cc \u06a9\u0627\u0645\u0644 \u06af\u0634\u062a\u200c\u0648\u06af\u0630\u0627\u0631 \u062f\u0631 \u0628\u0634\u06cc\u06a9\u062a\u0627\u0634 | \u0642\u0644\u0628 \u0632\u0646\u062f\u0647 \u0627\u0633\u062a\u0627\u0646\u0628\u0648\u0644\"}]},{\"@type\":\"WebSite\",\"@id\":\"https:\\\/\\\/aloturkey.org\\\/#website\",\"url\":\"https:\\\/\\\/aloturkey.org\\\/\",\"name\":\"ALO TURKEY\",\"description\":\"\u0641\u0631\u0648\u0634 \u0645\u0644\u06a9 \u062f\u0631 \u062a\u0631\u06a9\u06cc\u0647\",\"publisher\":{\"@id\":\"https:\\\/\\\/aloturkey.org\\\/#organization\"},\"alternateName\":\"\u0627\u0644\u0648 \u062a\u0631\u06a9\u06cc\u0647\",\"potentialAction\":[{\"@type\":\"SearchAction\",\"target\":{\"@type\":\"EntryPoint\",\"urlTemplate\":\"https:\\\/\\\/aloturkey.org\\\/?s={search_term_string}\"},\"query-input\":{\"@type\":\"PropertyValueSpecification\",\"valueRequired\":true,\"valueName\":\"search_term_string\"}}],\"inLanguage\":\"tr\"},{\"@type\":[\"Organization\",\"Place\",\"RealEstateAgent\"],\"@id\":\"https:\\\/\\\/aloturkey.org\\\/#organization\",\"name\":\"ALO TURKEY\",\"alternateName\":\"ALOTURKEY\",\"url\":\"https:\\\/\\\/aloturkey.org\\\/\",\"logo\":{\"@id\":\"https:\\\/\\\/aloturkey.org\\\/2025\\\/12\\\/22\\\/%d8%b1%d8%a7%d9%87%d9%86%d9%85%d8%a7%db%8c-%da%a9%d8%a7%d9%85%d9%84-%da%af%d8%b4%d8%aa%d9%88%da%af%d8%b0%d8%a7%d8%b1-%d8%af%d8%b1-%d8%a8%d8%b4%db%8c%da%a9%d8%aa%d8%a7%d8%b4\\\/#local-main-organization-logo\"},\"image\":{\"@id\":\"https:\\\/\\\/aloturkey.org\\\/2025\\\/12\\\/22\\\/%d8%b1%d8%a7%d9%87%d9%86%d9%85%d8%a7%db%8c-%da%a9%d8%a7%d9%85%d9%84-%da%af%d8%b4%d8%aa%d9%88%da%af%d8%b0%d8%a7%d8%b1-%d8%af%d8%b1-%d8%a8%d8%b4%db%8c%da%a9%d8%aa%d8%a7%d8%b4\\\/#local-main-organization-logo\"},\"description\":\"Aloturkey\u061b \u0647\u0645\u0631\u0627\u0647 \u0645\u0637\u0645\u0626\u0646 \u0634\u0645\u0627 \u062f\u0631 \u0645\u0633\u06cc\u0631 \u062e\u0631\u06cc\u062f \u0645\u0644\u06a9 \u0648 \u062f\u0631\u06cc\u0627\u0641\u062a \u0634\u0647\u0631\u0648\u0646\u062f\u06cc \u062a\u0631\u06a9\u06cc\u0647\",\"numberOfEmployees\":{\"@type\":\"QuantitativeValue\",\"minValue\":\"1\",\"maxValue\":\"10\"},\"publishingPrinciples\":\"https:\\\/\\\/aloturkey.org\\\/my-properties\\\/\",\"ownershipFundingInfo\":\"https:\\\/\\\/aloturkey.org\\\/disclaimer\\\/\",\"correctionsPolicy\":\"https:\\\/\\\/aloturkey.org\\\/disclaimer\\\/\",\"ethicsPolicy\":\"https:\\\/\\\/aloturkey.org\\\/investment-guide\\\/\",\"diversityPolicy\":\"https:\\\/\\\/aloturkey.org\\\/disclaimer\\\/\",\"diversityStaffingReport\":\"https:\\\/\\\/aloturkey.org\\\/investment-guide\\\/\",\"telephone\":[\"05395005000\"],\"contactPoint\":{\"@type\":\"ContactPoint\",\"telephone\":\"905395005000\"},\"openingHoursSpecification\":[{\"@type\":\"OpeningHoursSpecification\",\"dayOfWeek\":[\"Monday\",\"Tuesday\",\"Wednesday\",\"Thursday\",\"Friday\"],\"opens\":\"09:00\",\"closes\":\"17:00\"},{\"@type\":\"OpeningHoursSpecification\",\"dayOfWeek\":[\"Saturday\",\"Sunday\"],\"opens\":\"10:00\",\"closes\":\"14:00\"}],\"email\":\"info@aloturkey.org\",\"faxNumber\":\"Alo Turkey\"},{\"@type\":\"Person\",\"@id\":\"https:\\\/\\\/aloturkey.org\\\/#\\\/schema\\\/person\\\/57cbbcd68162166bf85312dc0f1cb58b\",\"name\":\"alo\",\"image\":{\"@type\":\"ImageObject\",\"inLanguage\":\"tr\",\"@id\":\"https:\\\/\\\/secure.gravatar.com\\\/avatar\\\/ca843a4690aaaa09d1a088ad0577c7395489e64dd8ef6fece1dfff346994400f?s=96&d=mm&r=g\",\"url\":\"https:\\\/\\\/secure.gravatar.com\\\/avatar\\\/ca843a4690aaaa09d1a088ad0577c7395489e64dd8ef6fece1dfff346994400f?s=96&d=mm&r=g\",\"contentUrl\":\"https:\\\/\\\/secure.gravatar.com\\\/avatar\\\/ca843a4690aaaa09d1a088ad0577c7395489e64dd8ef6fece1dfff346994400f?s=96&d=mm&r=g\",\"caption\":\"alo\"},\"sameAs\":[\"https:\\\/\\\/aloturkey.org\",\"https:\\\/\\\/www.instagram.com\\\/aloturkeye\"],\"url\":\"https:\\\/\\\/aloturkey.org\\\/tr\\\/author\\\/adminat\\\/\"},{\"@type\":\"ImageObject\",\"inLanguage\":\"tr\",\"@id\":\"https:\\\/\\\/aloturkey.org\\\/2025\\\/12\\\/22\\\/%d8%b1%d8%a7%d9%87%d9%86%d9%85%d8%a7%db%8c-%da%a9%d8%a7%d9%85%d9%84-%da%af%d8%b4%d8%aa%d9%88%da%af%d8%b0%d8%a7%d8%b1-%d8%af%d8%b1-%d8%a8%d8%b4%db%8c%da%a9%d8%aa%d8%a7%d8%b4\\\/#local-main-organization-logo\",\"url\":\"https:\\\/\\\/aloturkey.org\\\/wp-content\\\/uploads\\\/wp-realestate-uploads\\\/user_avatar\\\/2025\\\/08\\\/logo-icon.png\",\"contentUrl\":\"https:\\\/\\\/aloturkey.org\\\/wp-content\\\/uploads\\\/wp-realestate-uploads\\\/user_avatar\\\/2025\\\/08\\\/logo-icon.png\",\"width\":160,\"height\":160,\"caption\":\"ALO TURKEY\"}]}<\/script>\n<meta name=\"geo.placename\" content=\"ISTANBUL\" \/>\n<meta name=\"geo.region\" content=\"T\u00fcrkiye\" \/>\n<!-- \/ Yoast SEO Premium plugin. -->","yoast_head_json":{"title":"Be\u015fikta\u015f, \u0130stanbul&#039;u Ke\u015ffetmek \u0130\u00e7in Eksiksiz Rehber | Gezilecek Yerler, Kafeler ve Atmosfer","description":"Be\u015fikta\u015f, \u0130stanbul&#039;un en canl\u0131 semtlerinden biridir. Bu kapsaml\u0131 rehberde, Be\u015fikta\u015f&#039;\u0131n turistik yerlerini, kafelerini, e\u011flence mekanlar\u0131n\u0131 ve atmosferini tan\u0131y\u0131n ve en iyi gezi plan\u0131n\u0131 olu\u015fturun.","robots":{"index":"index","follow":"follow","max-snippet":"max-snippet:-1","max-image-preview":"max-image-preview:large","max-video-preview":"max-video-preview:-1"},"canonical":"https:\/\/aloturkey.org\/tr\/2025\/12\/22\/besiktasi-kesfetmek-icin-eksiksiz-kilavuz\/","og_locale":"tr_TR","og_type":"article","og_title":"\u0631\u0627\u0647\u0646\u0645\u0627\u06cc \u06a9\u0627\u0645\u0644 \u06af\u0634\u062a\u200c\u0648\u06af\u0630\u0627\u0631 \u062f\u0631 \u0628\u0634\u06cc\u06a9\u062a\u0627\u0634 | \u0642\u0644\u0628 \u0632\u0646\u062f\u0647 \u0627\u0633\u062a\u0627\u0646\u0628\u0648\u0644","og_description":"\u0628\u0634\u06cc\u06a9\u062a\u0627\u0634 \u06cc\u06a9\u06cc \u0627\u0632 \u0632\u0646\u062f\u0647\u200c\u062a\u0631\u06cc\u0646 \u0645\u062d\u0644\u0647\u200c\u0647\u0627\u06cc \u0627\u0633\u062a\u0627\u0646\u0628\u0648\u0644 \u0627\u0633\u062a. \u062f\u0631 \u0627\u06cc\u0646 \u0631\u0627\u0647\u0646\u0645\u0627\u06cc \u06a9\u0627\u0645\u0644 \u0628\u0627 \u062c\u0627\u0647\u0627\u06cc \u062f\u06cc\u062f\u0646\u06cc\u060c \u06a9\u0627\u0641\u0647\u200c\u0647\u0627\u060c \u062a\u0641\u0631\u06cc\u062d\u0627\u062a \u0648 \u062d\u0627\u0644\u200c\u0648\u0647\u0648\u0627\u06cc \u0628\u0634\u06cc\u06a9\u062a\u0627\u0634 \u0622\u0634\u0646\u0627 \u0634\u0648\u06cc\u062f \u0648 \u0628\u0647\u062a\u0631\u06cc\u0646 \u0628\u0631\u0646\u0627\u0645\u0647 \u06af\u0634\u062a\u200c\u0648\u06af\u0630\u0627\u0631 \u0631\u0627 \u062f\u0627\u0634\u062a\u0647 \u0628\u0627\u0634\u06cc\u062f.","og_url":"https:\/\/aloturkey.org\/tr\/2025\/12\/22\/besiktasi-kesfetmek-icin-eksiksiz-kilavuz\/","og_site_name":"ALO TURKEY","article_published_time":"2025-12-22T20:49:45+00:00","article_modified_time":"2025-12-22T20:49:46+00:00","og_image":[{"width":1200,"height":630,"url":"https:\/\/aloturkey.org\/wp-content\/uploads\/2025\/12\/Besiktas-\u2013-Feel-the-Real-Istanbul.jpg","type":"image\/jpeg"}],"author":"alo","twitter_card":"summary_large_image","twitter_misc":{"Yazan:":"alo","Tahmini okuma s\u00fcresi":"2 dakika"},"schema":{"@context":"https:\/\/schema.org","@graph":[{"@type":"Article","@id":"https:\/\/aloturkey.org\/2025\/12\/22\/%d8%b1%d8%a7%d9%87%d9%86%d9%85%d8%a7%db%8c-%da%a9%d8%a7%d9%85%d9%84-%da%af%d8%b4%d8%aa%d9%88%da%af%d8%b0%d8%a7%d8%b1-%d8%af%d8%b1-%d8%a8%d8%b4%db%8c%da%a9%d8%aa%d8%a7%d8%b4\/#article","isPartOf":{"@id":"https:\/\/aloturkey.org\/2025\/12\/22\/%d8%b1%d8%a7%d9%87%d9%86%d9%85%d8%a7%db%8c-%da%a9%d8%a7%d9%85%d9%84-%da%af%d8%b4%d8%aa%d9%88%da%af%d8%b0%d8%a7%d8%b1-%d8%af%d8%b1-%d8%a8%d8%b4%db%8c%da%a9%d8%aa%d8%a7%d8%b4\/"},"author":{"name":"alo","@id":"https:\/\/aloturkey.org\/#\/schema\/person\/57cbbcd68162166bf85312dc0f1cb58b"},"headline":"\u0631\u0627\u0647\u0646\u0645\u0627\u06cc \u06a9\u0627\u0645\u0644 \u06af\u0634\u062a\u200c\u0648\u06af\u0630\u0627\u0631 \u062f\u0631 \u0628\u0634\u06cc\u06a9\u062a\u0627\u0634 | \u0642\u0644\u0628 \u0632\u0646\u062f\u0647 \u0627\u0633\u062a\u0627\u0646\u0628\u0648\u0644","datePublished":"2025-12-22T20:49:45+00:00","dateModified":"2025-12-22T20:49:46+00:00","mainEntityOfPage":{"@id":"https:\/\/aloturkey.org\/2025\/12\/22\/%d8%b1%d8%a7%d9%87%d9%86%d9%85%d8%a7%db%8c-%da%a9%d8%a7%d9%85%d9%84-%da%af%d8%b4%d8%aa%d9%88%da%af%d8%b0%d8%a7%d8%b1-%d8%af%d8%b1-%d8%a8%d8%b4%db%8c%da%a9%d8%aa%d8%a7%d8%b4\/"},"wordCount":0,"commentCount":0,"publisher":{"@id":"https:\/\/aloturkey.org\/#organization"},"image":{"@id":"https:\/\/aloturkey.org\/2025\/12\/22\/%d8%b1%d8%a7%d9%87%d9%86%d9%85%d8%a7%db%8c-%da%a9%d8%a7%d9%85%d9%84-%da%af%d8%b4%d8%aa%d9%88%da%af%d8%b0%d8%a7%d8%b1-%d8%af%d8%b1-%d8%a8%d8%b4%db%8c%da%a9%d8%aa%d8%a7%d8%b4\/#primaryimage"},"thumbnailUrl":"https:\/\/aloturkey.org\/wp-content\/uploads\/2025\/12\/Besiktas-\u2013-Feel-the-Real-Istanbul.jpg","keywords":["\u0627\u0633\u062a\u0627\u0646\u0628\u0648\u0644\u200c\u06af\u0631\u062f\u06cc","\u0628\u0634\u06cc\u06a9\u062a\u0627\u0634","\u062c\u0627\u0647\u0627\u06cc \u062f\u06cc\u062f\u0646\u06cc \u0627\u0633\u062a\u0627\u0646\u0628\u0648\u0644","\u06a9\u0627\u0641\u0647\u200c\u0647\u0627\u06cc \u0627\u0633\u062a\u0627\u0646\u0628\u0648\u0644","\u0645\u062d\u0644\u0647\u200c\u0647\u0627\u06cc \u0627\u0633\u062a\u0627\u0646\u0628\u0648\u0644"],"articleSection":["\u0631\u0627\u0647\u0646\u0645\u0627\u06cc \u0645\u0646\u0627\u0637\u0642 \u0627\u0633\u062a\u0627\u0646\u0628\u0648\u0644"],"inLanguage":"tr","potentialAction":[{"@type":"CommentAction","name":"Comment","target":["https:\/\/aloturkey.org\/2025\/12\/22\/%d8%b1%d8%a7%d9%87%d9%86%d9%85%d8%a7%db%8c-%da%a9%d8%a7%d9%85%d9%84-%da%af%d8%b4%d8%aa%d9%88%da%af%d8%b0%d8%a7%d8%b1-%d8%af%d8%b1-%d8%a8%d8%b4%db%8c%da%a9%d8%aa%d8%a7%d8%b4\/#respond"]}]},{"@type":"WebPage","@id":"https:\/\/aloturkey.org\/2025\/12\/22\/%d8%b1%d8%a7%d9%87%d9%86%d9%85%d8%a7%db%8c-%da%a9%d8%a7%d9%85%d9%84-%da%af%d8%b4%d8%aa%d9%88%da%af%d8%b0%d8%a7%d8%b1-%d8%af%d8%b1-%d8%a8%d8%b4%db%8c%da%a9%d8%aa%d8%a7%d8%b4\/","url":"https:\/\/aloturkey.org\/2025\/12\/22\/%d8%b1%d8%a7%d9%87%d9%86%d9%85%d8%a7%db%8c-%da%a9%d8%a7%d9%85%d9%84-%da%af%d8%b4%d8%aa%d9%88%da%af%d8%b0%d8%a7%d8%b1-%d8%af%d8%b1-%d8%a8%d8%b4%db%8c%da%a9%d8%aa%d8%a7%d8%b4\/","name":"Be\u015fikta\u015f, \u0130stanbul&#039;u Ke\u015ffetmek \u0130\u00e7in Eksiksiz Rehber | Gezilecek Yerler, Kafeler ve Atmosfer","isPartOf":{"@id":"https:\/\/aloturkey.org\/#website"},"primaryImageOfPage":{"@id":"https:\/\/aloturkey.org\/2025\/12\/22\/%d8%b1%d8%a7%d9%87%d9%86%d9%85%d8%a7%db%8c-%da%a9%d8%a7%d9%85%d9%84-%da%af%d8%b4%d8%aa%d9%88%da%af%d8%b0%d8%a7%d8%b1-%d8%af%d8%b1-%d8%a8%d8%b4%db%8c%da%a9%d8%aa%d8%a7%d8%b4\/#primaryimage"},"image":{"@id":"https:\/\/aloturkey.org\/2025\/12\/22\/%d8%b1%d8%a7%d9%87%d9%86%d9%85%d8%a7%db%8c-%da%a9%d8%a7%d9%85%d9%84-%da%af%d8%b4%d8%aa%d9%88%da%af%d8%b0%d8%a7%d8%b1-%d8%af%d8%b1-%d8%a8%d8%b4%db%8c%da%a9%d8%aa%d8%a7%d8%b4\/#primaryimage"},"thumbnailUrl":"https:\/\/aloturkey.org\/wp-content\/uploads\/2025\/12\/Besiktas-\u2013-Feel-the-Real-Istanbul.jpg","datePublished":"2025-12-22T20:49:45+00:00","dateModified":"2025-12-22T20:49:46+00:00","description":"Be\u015fikta\u015f, \u0130stanbul&#039;un en canl\u0131 semtlerinden biridir. Bu kapsaml\u0131 rehberde, Be\u015fikta\u015f&#039;\u0131n turistik yerlerini, kafelerini, e\u011flence mekanlar\u0131n\u0131 ve atmosferini tan\u0131y\u0131n ve en iyi gezi plan\u0131n\u0131 olu\u015fturun.","breadcrumb":{"@id":"https:\/\/aloturkey.org\/2025\/12\/22\/%d8%b1%d8%a7%d9%87%d9%86%d9%85%d8%a7%db%8c-%da%a9%d8%a7%d9%85%d9%84-%da%af%d8%b4%d8%aa%d9%88%da%af%d8%b0%d8%a7%d8%b1-%d8%af%d8%b1-%d8%a8%d8%b4%db%8c%da%a9%d8%aa%d8%a7%d8%b4\/#breadcrumb"},"inLanguage":"tr","potentialAction":[{"@type":"ReadAction","target":["https:\/\/aloturkey.org\/2025\/12\/22\/%d8%b1%d8%a7%d9%87%d9%86%d9%85%d8%a7%db%8c-%da%a9%d8%a7%d9%85%d9%84-%da%af%d8%b4%d8%aa%d9%88%da%af%d8%b0%d8%a7%d8%b1-%d8%af%d8%b1-%d8%a8%d8%b4%db%8c%da%a9%d8%aa%d8%a7%d8%b4\/"]}]},{"@type":"ImageObject","inLanguage":"tr","@id":"https:\/\/aloturkey.org\/2025\/12\/22\/%d8%b1%d8%a7%d9%87%d9%86%d9%85%d8%a7%db%8c-%da%a9%d8%a7%d9%85%d9%84-%da%af%d8%b4%d8%aa%d9%88%da%af%d8%b0%d8%a7%d8%b1-%d8%af%d8%b1-%d8%a8%d8%b4%db%8c%da%a9%d8%aa%d8%a7%d8%b4\/#primaryimage","url":"https:\/\/aloturkey.org\/wp-content\/uploads\/2025\/12\/Besiktas-\u2013-Feel-the-Real-Istanbul.jpg","contentUrl":"https:\/\/aloturkey.org\/wp-content\/uploads\/2025\/12\/Besiktas-\u2013-Feel-the-Real-Istanbul.jpg","width":1200,"height":630,"caption":"\u062a\u0641\u0631\u06cc\u062d\u0627\u062a \u0628\u0634\u06cc\u06a9\u062a\u0627\u0634"},{"@type":"BreadcrumbList","@id":"https:\/\/aloturkey.org\/2025\/12\/22\/%d8%b1%d8%a7%d9%87%d9%86%d9%85%d8%a7%db%8c-%da%a9%d8%a7%d9%85%d9%84-%da%af%d8%b4%d8%aa%d9%88%da%af%d8%b0%d8%a7%d8%b1-%d8%af%d8%b1-%d8%a8%d8%b4%db%8c%da%a9%d8%aa%d8%a7%d8%b4\/#breadcrumb","itemListElement":[{"@type":"ListItem","position":1,"name":"Home","item":"https:\/\/aloturkey.org\/"},{"@type":"ListItem","position":2,"name":"\u0631\u0627\u0647\u0646\u0645\u0627\u06cc \u06a9\u0627\u0645\u0644 \u06af\u0634\u062a\u200c\u0648\u06af\u0630\u0627\u0631 \u062f\u0631 \u0628\u0634\u06cc\u06a9\u062a\u0627\u0634 | \u0642\u0644\u0628 \u0632\u0646\u062f\u0647 \u0627\u0633\u062a\u0627\u0646\u0628\u0648\u0644"}]},{"@type":"WebSite","@id":"https:\/\/aloturkey.org\/#website","url":"https:\/\/aloturkey.org\/","name":"ALO T\u00dcRK\u0130YE","description":"T\u00fcrkiye&#039;de m\u00fclk sat\u0131\u015f\u0131","publisher":{"@id":"https:\/\/aloturkey.org\/#organization"},"alternateName":"\u0627\u0644\u0648 \u062a\u0631\u06a9\u06cc\u0647","potentialAction":[{"@type":"SearchAction","target":{"@type":"EntryPoint","urlTemplate":"https:\/\/aloturkey.org\/?s={search_term_string}"},"query-input":{"@type":"PropertyValueSpecification","valueRequired":true,"valueName":"search_term_string"}}],"inLanguage":"tr"},{"@type":["Organization","Place","RealEstateAgent"],"@id":"https:\/\/aloturkey.org\/#organization","name":"ALO T\u00dcRK\u0130YE","alternateName":"ALOTURKEY","url":"https:\/\/aloturkey.org\/","logo":{"@id":"https:\/\/aloturkey.org\/2025\/12\/22\/%d8%b1%d8%a7%d9%87%d9%86%d9%85%d8%a7%db%8c-%da%a9%d8%a7%d9%85%d9%84-%da%af%d8%b4%d8%aa%d9%88%da%af%d8%b0%d8%a7%d8%b1-%d8%af%d8%b1-%d8%a8%d8%b4%db%8c%da%a9%d8%aa%d8%a7%d8%b4\/#local-main-organization-logo"},"image":{"@id":"https:\/\/aloturkey.org\/2025\/12\/22\/%d8%b1%d8%a7%d9%87%d9%86%d9%85%d8%a7%db%8c-%da%a9%d8%a7%d9%85%d9%84-%da%af%d8%b4%d8%aa%d9%88%da%af%d8%b0%d8%a7%d8%b1-%d8%af%d8%b1-%d8%a8%d8%b4%db%8c%da%a9%d8%aa%d8%a7%d8%b4\/#local-main-organization-logo"},"description":"Aloturkey; Gayrimenkul sat\u0131n alma ve T\u00fcrk vatanda\u015fl\u0131\u011f\u0131 alma yolunda g\u00fcvenilir yol arkada\u015f\u0131n\u0131z","numberOfEmployees":{"@type":"QuantitativeValue","minValue":"1","maxValue":"10"},"publishingPrinciples":"https:\/\/aloturkey.org\/my-properties\/","ownershipFundingInfo":"https:\/\/aloturkey.org\/disclaimer\/","correctionsPolicy":"https:\/\/aloturkey.org\/disclaimer\/","ethicsPolicy":"https:\/\/aloturkey.org\/investment-guide\/","diversityPolicy":"https:\/\/aloturkey.org\/disclaimer\/","diversityStaffingReport":"https:\/\/aloturkey.org\/investment-guide\/","telephone":["05395005000"],"contactPoint":{"@type":"ContactPoint","telephone":"905395005000"},"openingHoursSpecification":[{"@type":"OpeningHoursSpecification","dayOfWeek":["Monday","Tuesday","Wednesday","Thursday","Friday"],"opens":"09:00","closes":"17:00"},{"@type":"OpeningHoursSpecification","dayOfWeek":["Saturday","Sunday"],"opens":"10:00","closes":"14:00"}],"email":"info@aloturkey.org","faxNumber":"Alo Turkey"},{"@type":"Person","@id":"https:\/\/aloturkey.org\/#\/schema\/person\/57cbbcd68162166bf85312dc0f1cb58b","name":"Merhaba","image":{"@type":"ImageObject","inLanguage":"tr","@id":"https:\/\/secure.gravatar.com\/avatar\/ca843a4690aaaa09d1a088ad0577c7395489e64dd8ef6fece1dfff346994400f?s=96&d=mm&r=g","url":"https:\/\/secure.gravatar.com\/avatar\/ca843a4690aaaa09d1a088ad0577c7395489e64dd8ef6fece1dfff346994400f?s=96&d=mm&r=g","contentUrl":"https:\/\/secure.gravatar.com\/avatar\/ca843a4690aaaa09d1a088ad0577c7395489e64dd8ef6fece1dfff346994400f?s=96&d=mm&r=g","caption":"alo"},"sameAs":["https:\/\/aloturkey.org","https:\/\/www.instagram.com\/aloturkeye"],"url":"https:\/\/aloturkey.org\/tr\/author\/adminat\/"},{"@type":"ImageObject","inLanguage":"tr","@id":"https:\/\/aloturkey.org\/2025\/12\/22\/%d8%b1%d8%a7%d9%87%d9%86%d9%85%d8%a7%db%8c-%da%a9%d8%a7%d9%85%d9%84-%da%af%d8%b4%d8%aa%d9%88%da%af%d8%b0%d8%a7%d8%b1-%d8%af%d8%b1-%d8%a8%d8%b4%db%8c%da%a9%d8%aa%d8%a7%d8%b4\/#local-main-organization-logo","url":"https:\/\/aloturkey.org\/wp-content\/uploads\/wp-realestate-uploads\/user_avatar\/2025\/08\/logo-icon.png","contentUrl":"https:\/\/aloturkey.org\/wp-content\/uploads\/wp-realestate-uploads\/user_avatar\/2025\/08\/logo-icon.png","width":160,"height":160,"caption":"ALO TURKEY"}]},"geo.placename":"ISTANBUL","geo.region":"T\u00fcrkiye"},"_links":{"self":[{"href":"https:\/\/aloturkey.org\/tr\/wp-json\/wp\/v2\/posts\/6739","targetHints":{"allow":["GET"]}}],"collection":[{"href":"https:\/\/aloturkey.org\/tr\/wp-json\/wp\/v2\/posts"}],"about":[{"href":"https:\/\/aloturkey.org\/tr\/wp-json\/wp\/v2\/types\/post"}],"author":[{"embeddable":true,"href":"https:\/\/aloturkey.org\/tr\/wp-json\/wp\/v2\/users\/52"}],"replies":[{"embeddable":true,"href":"https:\/\/aloturkey.org\/tr\/wp-json\/wp\/v2\/comments?post=6739"}],"version-history":[{"count":0,"href":"https:\/\/aloturkey.org\/tr\/wp-json\/wp\/v2\/posts\/6739\/revisions"}],"wp:featuredmedia":[{"embeddable":true,"href":"https:\/\/aloturkey.org\/tr\/wp-json\/wp\/v2\/media\/6740"}],"wp:attachment":[{"href":"https:\/\/aloturkey.org\/tr\/wp-json\/wp\/v2\/media?parent=6739"}],"wp:term":[{"taxonomy":"category","embeddable":true,"href":"https:\/\/aloturkey.org\/tr\/wp-json\/wp\/v2\/categories?post=6739"},{"taxonomy":"post_tag","embeddable":true,"href":"https:\/\/aloturkey.org\/tr\/wp-json\/wp\/v2\/tags?post=6739"}],"curies":[{"name":"wp","href":"https:\/\/api.w.org\/{rel}","templated":true}]}}