{"id":6742,"date":"2025-12-22T23:59:29","date_gmt":"2025-12-22T20:59:29","guid":{"rendered":"https:\/\/aloturkey.org\/?p=6742"},"modified":"2025-12-22T23:59:31","modified_gmt":"2025-12-22T20:59:31","slug":"kadikoy-icin-eksiksiz-gezi-rehberi","status":"publish","type":"post","link":"https:\/\/aloturkey.org\/tr\/2025\/12\/22\/%d8%b1%d8%a7%d9%87%d9%86%d9%85%d8%a7%db%8c-%da%a9%d8%a7%d9%85%d9%84-%da%af%d8%b4%d8%aa-%d9%88-%da%af%d8%b0%d8%a7%d8%b1-%d8%af%d8%b1-%da%a9%d8%a7%d8%af%db%8c%da%a9%d9%88%db%8c\/","title":{"rendered":"Kad\u0131k\u00f6y&#039;\u00fc Ke\u015ffetmek \u0130\u00e7in Eksiksiz Rehber | \u0130stanbul&#039;un Asya Yakas\u0131n\u0131n Ya\u015fayan Kalbi"},"content":{"rendered":"<p>E\u011fer <a href=\"https:\/\/aloturkey.org\/2025\/12\/22\/%d8%b1%d8%a7%d9%87%d9%86%d9%85%d8%a7%db%8c-%da%a9%d8%a7%d9%85%d9%84-%da%af%d8%b4%d8%aa%d9%88%da%af%d8%b0%d8%a7%d8%b1-%d8%af%d8%b1-%d8%a8%d8%b4%db%8c%da%a9%d8%aa%d8%a7%d8%b4\/\">Be\u015fikta\u015f, \u0130stanbul&#039;un Avrupa yakas\u0131n\u0131n atan kalbi.<\/a> Olmak, <strong>Kad\u0131k\u00f6y, \u015f\u00fcphesiz Asya b\u00f6l\u00fcm\u00fcn\u00fcn canl\u0131 ve sanatsal kalbidir.<\/strong> \u00d6yledir.<br>Kad\u0131k\u00f6y, yerel halk\u0131n g\u00fcnl\u00fck al\u0131\u015fveri\u015finden kafelerine, sokak m\u00fczi\u011finden kitap\u00e7\u0131lara ve sahil y\u00fcr\u00fcy\u00fc\u015flerine kadar ger\u00e7ek hayatlar\u0131n\u0131 ya\u015fad\u0131\u011f\u0131 yerdir. Daha az turistik ve \u00e7ok sakin bir b\u00f6lgedir. <strong>Daha ger\u00e7ek\u00e7i<\/strong> \u0130stanbul&#039;un bir\u00e7ok yerinden.<\/p>\n\n\n\n<hr class=\"wp-block-separator has-alpha-channel-opacity\"\/>\n\n\n\n<h2 class=\"wp-block-heading\" id=\"h-\u06a9\u0627\u062f\u06cc\u06a9\u0648\u06cc-\u06a9\u062c\u0627\u0633\u062a-\u0648-\u0686\u0647-\u062d\u0627\u0644-\u0648\u0647\u0648\u0627\u06cc\u06cc-\u062f\u0627\u0631\u062f\">\ud83d\udccd Kad\u0131k\u00f6y nerede ve hava nas\u0131l?<\/h2>\n\n\n\n<p>Kad\u0131k\u00f6y, \u0130stanbul&#039;un Asya yakas\u0131nda yer almaktad\u0131r ve feribot, metro, metrob\u00fcs ve otob\u00fcsle kolayca ula\u015f\u0131labilir. Avrupa yakas\u0131nda ya\u015fayan bir\u00e7ok \u0130stanbullu bile hafta sonlar\u0131 e\u011flenmek i\u00e7in Kad\u0131k\u00f6y&#039;e gelir.<\/p>\n\n\n\n<p><strong>Kad\u0131k\u00f6y hava durumu:<\/strong><\/p>\n\n\n\n<ul class=\"wp-block-list\">\n<li>Sanatsal ve entelekt\u00fcel<\/li>\n\n\n\n<li>Gen\u00e7 ve enerjik<\/li>\n\n\n\n<li>Sosyal ve sevimli<\/li>\n\n\n\n<li>Uzun y\u00fcr\u00fcy\u00fc\u015fler i\u00e7in uygundur.<\/li>\n<\/ul>\n\n\n\n<hr class=\"wp-block-separator has-alpha-channel-opacity\"\/>\n\n\n\n<h2 class=\"wp-block-heading\" id=\"h-\u062c\u0627\u0647\u0627\u06cc-\u062f\u06cc\u062f\u0646\u06cc-\u0648-\u0645\u0647\u0645-\u06a9\u0627\u062f\u06cc\u06a9\u0648\u06cc\">\ud83c\udfdb\ufe0f Kad\u0131k\u00f6y&#039;de ziyaret edilecek \u00f6nemli yerler<\/h2>\n\n\n\n<h3 class=\"wp-block-heading\" id=\"h-1-\u0628\u0627\u0632\u0627\u0631-\u06a9\u0627\u062f\u06cc\u06a9\u0648\u06cc-kadikoy-carsi\">1\ufe0f\u20e3 Kad\u0131k\u00f6y \u00c7ar\u015f\u0131s\u0131 (Kad\u0131k\u00f6y \u00c7ar\u015f\u0131)<\/h3>\n\n\n\n<p>\u0130stanbul&#039;un geleneksel atmosferini hala koruyan en \u00fcnl\u00fc yerel pazarlar\u0131ndan biri.<br>Bu pazarda \u015funlar\u0131 yapabilirsiniz:<\/p>\n\n\n\n<ul class=\"wp-block-list\">\n<li>Taze bal\u0131k<\/li>\n\n\n\n<li>Meyve ve sebzeler<\/li>\n\n\n\n<li>Baharatlar, peynir ve zeytin<\/li>\n\n\n\n<li>Yerel ve sokak yemekleri<\/li>\n<\/ul>\n\n\n\n<p>Bulmak.<br>\ud83d\udccc Bu pazar\u0131 en az bir kez ziyaret edin <strong>1 ila 2 saat<\/strong> Zaman al\u0131r.<\/p>\n\n\n\n<hr class=\"wp-block-separator has-alpha-channel-opacity\"\/>\n\n\n\n<h3 class=\"wp-block-heading\" id=\"h-2-\u0645\u062d\u0644\u0647-\u0645\u0648\u062f\u0627-moda\">2\ufe0f\u20e3 Moda mahallesi<\/h3>\n\n\n\n<p>Moda, Kad\u0131k\u00f6y&#039;\u00fcn en g\u00fczel ve huzurlu semtlerinden biridir; \u015fu \u00f6zelliklere sahip bir mahalledir:<\/p>\n\n\n\n<ul class=\"wp-block-list\">\n<li>Rahat kafeler<\/li>\n\n\n\n<li>Plaj Park\u0131<\/li>\n\n\n\n<li>Deniz kenar\u0131ndaki y\u00fcr\u00fcy\u00fc\u015f parkurlar\u0131<\/li>\n<\/ul>\n\n\n\n<p>Moda, bunun i\u00e7in en iyi yerdir. <strong>\u0130stanbul&#039;un Asya yakas\u0131nda g\u00fcn bat\u0131m\u0131n\u0131 izlemek.<\/strong> \u00d6yledir.<\/p>\n\n\n\n<hr class=\"wp-block-separator has-alpha-channel-opacity\"\/>\n\n\n\n<h3 class=\"wp-block-heading\" id=\"h-3-\u0627\u0633\u06a9\u0644\u0647-\u06a9\u0627\u062f\u06cc\u06a9\u0648\u06cc\">3\ufe0f\u20e3 Kad\u0131k\u00f6y \u0130skelesi<\/h3>\n\n\n\n<p>Kad\u0131k\u00f6y \u0130skelesi, \u0130stanbul&#039;un en i\u015flek gemi ge\u00e7i\u015f rotalar\u0131ndan biridir. Buradan feribotla \u015fu noktalara ula\u015fabilirsiniz:<\/p>\n\n\n\n<ul class=\"wp-block-list\">\n<li>Be\u015fikta\u015f<\/li>\n\n\n\n<li>Aminuno<\/li>\n\n\n\n<li>Karak\u00f6y<\/li>\n<\/ul>\n\n\n\n<p>Gidip yelken rotas\u0131n\u0131n kendisini de deneyimleyin, bu da e\u011flencenin bir par\u00e7as\u0131.<\/p>\n\n\n\n<hr class=\"wp-block-separator has-alpha-channel-opacity\"\/>\n\n\n\n<h2 class=\"wp-block-heading\" id=\"h-\u06a9\u0627\u0641\u0647-\u06af\u0631\u062f\u06cc-\u0648-\u0631\u0633\u062a\u0648\u0631\u0627\u0646-\u06af\u0631\u062f\u06cc-\u062f\u0631-\u06a9\u0627\u062f\u06cc\u06a9\u0648\u06cc\">\u2615 Kad\u0131k\u00f6y&#039;de kafe ve restoran turlar\u0131<\/h2>\n\n\n\n<p>Kad\u0131k\u00f6y, kafe severler i\u00e7in bir cennet \u2615<\/p>\n\n\n\n<p><strong>Kad\u0131k\u00f6y kafelerinin \u00f6zellikleri:<\/strong><\/p>\n\n\n\n<ul class=\"wp-block-list\">\n<li>\u00c7e\u015fitli (minimalist, sanatsal, kitap kafe)<\/li>\n\n\n\n<li>Avrupa k\u0131sm\u0131na g\u00f6re daha uygun fiyatl\u0131<\/li>\n\n\n\n<li>Samimi ve rahat bir atmosfer<\/li>\n<\/ul>\n\n\n\n<p><strong>Mutlaka denemeniz gereken yiyecekler:<\/strong><\/p>\n\n\n\n<ul class=\"wp-block-list\">\n<li>T\u00fcrk kahvalt\u0131s\u0131<\/li>\n\n\n\n<li>Deniz \u00fcr\u00fcnleri<\/li>\n\n\n\n<li>Hamburgerler ve modern mutfak<\/li>\n\n\n\n<li>Tatl\u0131lar ve \u00f6zel kahveler<\/li>\n<\/ul>\n\n\n\n<hr class=\"wp-block-separator has-alpha-channel-opacity\"\/>\n\n\n\n<h2 class=\"wp-block-heading\" id=\"h-\u0641\u0631\u0647\u0646\u06af-\u0645\u0648\u0633\u06cc\u0642\u06cc-\u0648-\u0632\u0646\u062f\u06af\u06cc-\u0634\u0628\u0627\u0646\u0647\">\ud83c\udfb6 K\u00fclt\u00fcr, m\u00fczik ve gece hayat\u0131<\/h2>\n\n\n\n<p>Kad\u0131k\u00f6y, \u0130stanbul&#039;da canl\u0131 m\u00fczik konusunda \u00f6ne \u00e7\u0131kan merkezlerden biridir.<br>\u00c7evredeki sokaklarda:<\/p>\n\n\n\n<ul class=\"wp-block-list\">\n<li>Sokak g\u00f6sterileri<\/li>\n\n\n\n<li>K\u00fc\u00e7\u00fck y\u00fckler<\/li>\n\n\n\n<li>M\u00fczik salonlar\u0131<\/li>\n<\/ul>\n\n\n\n<p>Var ama bulundu\u011fu alan hen\u00fcz belirsiz. <strong>G\u00fcvenli ve aile dostu<\/strong> \u00d6yle kalmaya devam ediyor.<\/p>\n\n\n\n<hr class=\"wp-block-separator has-alpha-channel-opacity\"\/>\n\n\n\n<h2 class=\"wp-block-heading\" id=\"h-\u0628\u0631\u0646\u0627\u0645\u0647-\u067e\u06cc\u0634\u0646\u0647\u0627\u062f\u06cc-\u06af\u0634\u062a-\u0648\u06af\u0630\u0627\u0631-\u062f\u0631-\u06a9\u0627\u062f\u06cc\u06a9\u0648\u06cc-\u06cc\u06a9-\u0631\u0648\u0632-\u06a9\u0627\u0645\u0644\">\ud83d\udeb6 Kad\u0131k\u00f6y&#039;de \u00f6nerilen gezi program\u0131 (tam g\u00fcn)<\/h2>\n\n\n\n<p><strong>Sabah:<\/strong><\/p>\n\n\n\n<ul class=\"wp-block-list\">\n<li>Kad\u0131k\u00f6y \u00c7ar\u015f\u0131s\u0131&#039;ndaki kafelerden birinde kahvalt\u0131.<\/li>\n<\/ul>\n\n\n\n<p><strong>\u00d6\u011flen:<\/strong><\/p>\n\n\n\n<ul class=\"wp-block-list\">\n<li>Pazar turu ve yerel al\u0131\u015fveri\u015f<\/li>\n\n\n\n<li>Hafif \u00f6\u011fle yeme\u011fi veya sokak yeme\u011fi<\/li>\n<\/ul>\n\n\n\n<p><strong>Ak\u015fam:<\/strong><\/p>\n\n\n\n<ul class=\"wp-block-list\">\n<li>Moda&#039;ya y\u00fcr\u00fcy\u00fc\u015f<\/li>\n\n\n\n<li>Deniz kenar\u0131nda kahve ve dinlenme.<\/li>\n<\/ul>\n\n\n\n<p><strong>G\u00fcn bat\u0131m\u0131:<\/strong><\/p>\n\n\n\n<ul class=\"wp-block-list\">\n<li>Moda Park&#039;ta g\u00fcn bat\u0131m\u0131n\u0131 izlemek \ud83c\udf05<\/li>\n<\/ul>\n\n\n\n<p><strong>Gece:<\/strong><\/p>\n\n\n\n<ul class=\"wp-block-list\">\n<li>Yak\u0131ndaki bir restoranda veya kafede ak\u015fam yeme\u011fi<\/li>\n\n\n\n<li>canl\u0131 m\u00fczik veya gece y\u00fcr\u00fcy\u00fc\u015fleri<\/li>\n<\/ul>\n\n\n\n<hr class=\"wp-block-separator has-alpha-channel-opacity\"\/>\n\n\n\n<h2 class=\"wp-block-heading\" id=\"h-\u06a9\u0627\u062f\u06cc\u06a9\u0648\u06cc-\u0645\u0646\u0627\u0633\u0628-\u0686\u0647-\u06a9\u0633\u0627\u0646\u06cc-\u0627\u0633\u062a\">\ud83d\udc68\u200d\ud83d\udc69\u200d\ud83d\udc67 Kadiko kimler i\u00e7in uygundur?<\/h2>\n\n\n\n<p>\u2714\ufe0f Yerel ya\u015fam severler<br>\u2714\ufe0f Gen\u00e7ler ve sanatseverler<br>\u2714\ufe0f Turist kalabal\u0131\u011f\u0131ndan ka\u00e7anlar<br>\u2714\ufe0f &quot;Ger\u00e7ek&quot; \u0130stanbul&#039;u g\u00f6rmek isteyenler i\u00e7in<\/p>\n\n\n\n<hr class=\"wp-block-separator has-alpha-channel-opacity\"\/>\n\n\n\n<h2 class=\"wp-block-heading\" id=\"h-\u0686\u0642\u062f\u0631-\u0632\u0645\u0627\u0646-\u0628\u0631\u0627\u06cc-\u06a9\u0627\u062f\u06cc\u06a9\u0648\u06cc-\u0644\u0627\u0632\u0645-\u0627\u0633\u062a\">\u23f1\ufe0f Kad\u0131k\u00f6y&#039;e ula\u015fmak ne kadar zaman al\u0131r?<\/h2>\n\n\n\n<ul class=\"wp-block-list\">\n<li>Minimum: <strong>4 ila 5 saat<\/strong><\/li>\n\n\n\n<li>\u00d6nerilen: <strong>Tam bir g\u00fcn<\/strong><\/li>\n\n\n\n<li>Kafe ve y\u00fcr\u00fcy\u00fc\u015f severler i\u00e7in: <strong>Hatta daha da fazla<\/strong><\/li>\n<\/ul>\n\n\n\n<hr class=\"wp-block-separator has-alpha-channel-opacity\"\/>\n\n\n\n<h2 class=\"wp-block-heading\" id=\"h-\u062c\u0645\u0639-\u0628\u0646\u062f\u06cc\">\u2705 Sonu\u00e7<\/h2>\n\n\n\n<p>Kad\u0131k\u00f6y, \u0130stanbul&#039;un nefes ald\u0131\u011f\u0131 yerdir.<br>E\u011fer istersen:<\/p>\n\n\n\n<ul class=\"wp-block-list\">\n<li>Yerliler aras\u0131nda olun.<\/li>\n\n\n\n<li>Zaman\u0131n\u0131z\u0131 sakin, sanatsal ve canl\u0131 bir \u015fekilde ge\u00e7irin.<\/li>\n\n\n\n<li>Ve \u0130stanbul&#039;u farkl\u0131 bir \u015fekilde g\u00f6r\u00fcn.<\/li>\n<\/ul>\n\n\n\n<p>Kad\u0131k\u00f6y <strong>Kesinlikle.<\/strong> Seyahat plan\u0131n\u0131za ekleyin.<\/p>","protected":false},"excerpt":{"rendered":"<p>\u0627\u06af\u0631 \u0628\u0634\u06cc\u06a9\u062a\u0627\u0634 \u0642\u0644\u0628 \u062a\u067e\u0646\u062f\u0647 \u0628\u062e\u0634 \u0627\u0631\u0648\u067e\u0627\u06cc\u06cc \u0627\u0633\u062a\u0627\u0646\u0628\u0648\u0644 \u0628\u0627\u0634\u062f\u060c \u06a9\u0627\u062f\u06cc\u06a9\u0648\u06cc \u0628\u062f\u0648\u0646 \u0634\u06a9 \u0642\u0644\u0628 \u0632\u0646\u062f\u0647 \u0648 \u0647\u0646\u0631\u06cc \u0628\u062e\u0634 \u0622\u0633\u06cc\u0627\u06cc\u06cc \u0627\u0633\u062a.\u06a9\u0627\u062f\u06cc\u06a9\u0648\u06cc \u062c\u0627\u06cc\u06cc \u0627\u0633\u062a \u06a9\u0647 \u0645\u0631\u062f\u0645 \u0645\u062d\u0644\u06cc \u0632\u0646\u062f\u06af\u06cc \u0648\u0627\u0642\u0639\u06cc \u062e\u0648\u062f \u0631\u0627 \u0645\u06cc\u200c\u06af\u0630\u0631\u0627\u0646\u0646\u062f\u061b \u0627\u0632 \u062e\u0631\u06cc\u062f \u0631\u0648\u0632\u0627\u0646\u0647 \u0648 \u06a9\u0627\u0641\u0647\u200c\u0646\u0634\u06cc\u0646\u06cc \u06af\u0631\u0641\u062a\u0647 \u062a\u0627 \u0645\u0648\u0633\u06cc\u0642\u06cc \u062e\u06cc\u0627\u0628\u0627\u0646\u06cc\u060c \u06a9\u062a\u0627\u0628\u200c\u0641\u0631\u0648\u0634\u06cc\u200c\u0647\u0627 \u0648 \u067e\u06cc\u0627\u062f\u0647\u200c\u0631\u0648\u06cc \u06a9\u0646\u0627\u0631 \u062f\u0631\u06cc\u0627. \u0627\u06cc\u0646 \u0645\u0646\u0637\u0642\u0647 \u06a9\u0645\u062a\u0631 \u062a\u0648\u0631\u06cc\u0633\u062a\u06cc \u0648 \u0628\u0633\u06cc\u0627\u0631 \u0648\u0627\u0642\u0639\u06cc\u200c\u062a\u0631 \u0627\u0632 \u0628\u0633\u06cc\u0627\u0631\u06cc \u0627\u0632 \u0646\u0642\u0627\u0637 \u0627\u0633\u062a\u0627\u0646\u0628\u0648\u0644 \u0627\u0633\u062a. [&hellip;]<\/p>\n","protected":false},"author":52,"featured_media":6743,"comment_status":"open","ping_status":"open","sticky":false,"template":"","format":"standard","meta":{"googlesitekit_rrm_CAow34nBDA:productID":"","footnotes":""},"categories":[19],"tags":[379,384,383,382,380],"class_list":["post-6742","post","type-post","status-publish","format-standard","has-post-thumbnail","hentry","category-istanbul-neighborhoods-guide","tag-379","tag-384","tag-383","tag-382","tag-380"],"yoast_head":"<!-- This site is optimized with the Yoast SEO Premium plugin v26.9 (Yoast SEO v27.5) - https:\/\/yoast.com\/product\/yoast-seo-premium-wordpress\/ -->\n<title>\u0631\u0627\u0647\u0646\u0645\u0627\u06cc \u06a9\u0627\u0645\u0644 \u06af\u0634\u062a\u200c\u0648\u06af\u0630\u0627\u0631 \u062f\u0631 \u06a9\u0627\u062f\u06cc\u06a9\u0648\u06cc \u0627\u0633\u062a\u0627\u0646\u0628\u0648\u0644 | \u0632\u0646\u062f\u06af\u06cc \u0645\u062d\u0644\u06cc\u060c \u06a9\u0627\u0641\u0647\u200c\u0647\u0627 \u0648 \u062a\u0641\u0631\u06cc\u062d\u0627\u062a<\/title>\n<meta name=\"description\" content=\"\u06a9\u0627\u062f\u06cc\u06a9\u0648\u06cc \u06cc\u06a9\u06cc \u0627\u0632 \u0632\u0646\u062f\u0647\u200c\u062a\u0631\u06cc\u0646 \u0648 \u0645\u062d\u0628\u0648\u0628\u200c\u062a\u0631\u06cc\u0646 \u0645\u0646\u0627\u0637\u0642 \u0628\u062e\u0634 \u0622\u0633\u06cc\u0627\u06cc\u06cc \u0627\u0633\u062a\u0627\u0646\u0628\u0648\u0644 \u0627\u0633\u062a. \u062f\u0631 \u0627\u06cc\u0646 \u0631\u0627\u0647\u0646\u0645\u0627\u06cc \u062c\u0627\u0645\u0639 \u0628\u0627 \u062c\u0627\u0647\u0627\u06cc \u062f\u06cc\u062f\u0646\u06cc\u060c \u06a9\u0627\u0641\u0647\u200c\u0647\u0627\u060c \u0628\u0627\u0632\u0627\u0631\u0647\u0627 \u0648 \u0628\u0631\u0646\u0627\u0645\u0647 \u06af\u0634\u062a\u200c\u0648\u06af\u0630\u0627\u0631 \u06a9\u0627\u0645\u0644 \u062f\u0631 \u06a9\u0627\u062f\u06cc\u06a9\u0648\u06cc \u0622\u0634\u0646\u0627 \u0634\u0648\u06cc\u062f.\" \/>\n<meta name=\"robots\" content=\"index, follow, max-snippet:-1, max-image-preview:large, max-video-preview:-1\" \/>\n<link rel=\"canonical\" href=\"https:\/\/aloturkey.org\/tr\/2025\/12\/22\/kadikoy-icin-eksiksiz-gezi-rehberi\/\" \/>\n<meta property=\"og:locale\" content=\"tr_TR\" \/>\n<meta property=\"og:type\" content=\"article\" \/>\n<meta property=\"og:title\" content=\"\u0631\u0627\u0647\u0646\u0645\u0627\u06cc \u06a9\u0627\u0645\u0644 \u06af\u0634\u062a\u200c\u0648\u06af\u0630\u0627\u0631 \u062f\u0631 \u06a9\u0627\u062f\u06cc\u06a9\u0648\u06cc | \u0642\u0644\u0628 \u0632\u0646\u062f\u0647 \u0628\u062e\u0634 \u0622\u0633\u06cc\u0627\u06cc\u06cc \u0627\u0633\u062a\u0627\u0646\u0628\u0648\u0644\" \/>\n<meta property=\"og:description\" content=\"\u06a9\u0627\u062f\u06cc\u06a9\u0648\u06cc \u06cc\u06a9\u06cc \u0627\u0632 \u0632\u0646\u062f\u0647\u200c\u062a\u0631\u06cc\u0646 \u0648 \u0645\u062d\u0628\u0648\u0628\u200c\u062a\u0631\u06cc\u0646 \u0645\u0646\u0627\u0637\u0642 \u0628\u062e\u0634 \u0622\u0633\u06cc\u0627\u06cc\u06cc \u0627\u0633\u062a\u0627\u0646\u0628\u0648\u0644 \u0627\u0633\u062a. \u062f\u0631 \u0627\u06cc\u0646 \u0631\u0627\u0647\u0646\u0645\u0627\u06cc \u062c\u0627\u0645\u0639 \u0628\u0627 \u062c\u0627\u0647\u0627\u06cc \u062f\u06cc\u062f\u0646\u06cc\u060c \u06a9\u0627\u0641\u0647\u200c\u0647\u0627\u060c \u0628\u0627\u0632\u0627\u0631\u0647\u0627 \u0648 \u0628\u0631\u0646\u0627\u0645\u0647 \u06af\u0634\u062a\u200c\u0648\u06af\u0630\u0627\u0631 \u06a9\u0627\u0645\u0644 \u062f\u0631 \u06a9\u0627\u062f\u06cc\u06a9\u0648\u06cc \u0622\u0634\u0646\u0627 \u0634\u0648\u06cc\u062f.\" \/>\n<meta property=\"og:url\" content=\"https:\/\/aloturkey.org\/tr\/2025\/12\/22\/kadikoy-icin-eksiksiz-gezi-rehberi\/\" \/>\n<meta property=\"og:site_name\" content=\"ALO TURKEY\" \/>\n<meta property=\"article:published_time\" content=\"2025-12-22T20:59:29+00:00\" \/>\n<meta property=\"article:modified_time\" content=\"2025-12-22T20:59:31+00:00\" \/>\n<meta property=\"og:image\" content=\"https:\/\/aloturkey.org\/wp-content\/uploads\/2025\/12\/Kadikoy-\u2013-Feel-the-Asian-Side-of-Istanbul.jpg\" \/>\n\t<meta property=\"og:image:width\" content=\"1200\" \/>\n\t<meta property=\"og:image:height\" content=\"630\" \/>\n\t<meta property=\"og:image:type\" content=\"image\/jpeg\" \/>\n<meta name=\"author\" content=\"alo\" \/>\n<meta name=\"twitter:card\" content=\"summary_large_image\" \/>\n<meta name=\"twitter:label1\" content=\"Yazan:\" \/>\n\t<meta name=\"twitter:data1\" content=\"alo\" \/>\n\t<meta name=\"twitter:label2\" content=\"Tahmini okuma s\u00fcresi\" \/>\n\t<meta name=\"twitter:data2\" content=\"3 dakika\" \/>\n<script type=\"application\/ld+json\" class=\"yoast-schema-graph\">{\"@context\":\"https:\\\/\\\/schema.org\",\"@graph\":[{\"@type\":\"Article\",\"@id\":\"https:\\\/\\\/aloturkey.org\\\/2025\\\/12\\\/22\\\/%d8%b1%d8%a7%d9%87%d9%86%d9%85%d8%a7%db%8c-%da%a9%d8%a7%d9%85%d9%84-%da%af%d8%b4%d8%aa-%d9%88-%da%af%d8%b0%d8%a7%d8%b1-%d8%af%d8%b1-%da%a9%d8%a7%d8%af%db%8c%da%a9%d9%88%db%8c\\\/#article\",\"isPartOf\":{\"@id\":\"https:\\\/\\\/aloturkey.org\\\/2025\\\/12\\\/22\\\/%d8%b1%d8%a7%d9%87%d9%86%d9%85%d8%a7%db%8c-%da%a9%d8%a7%d9%85%d9%84-%da%af%d8%b4%d8%aa-%d9%88-%da%af%d8%b0%d8%a7%d8%b1-%d8%af%d8%b1-%da%a9%d8%a7%d8%af%db%8c%da%a9%d9%88%db%8c\\\/\"},\"author\":{\"name\":\"alo\",\"@id\":\"https:\\\/\\\/aloturkey.org\\\/#\\\/schema\\\/person\\\/57cbbcd68162166bf85312dc0f1cb58b\"},\"headline\":\"\u0631\u0627\u0647\u0646\u0645\u0627\u06cc \u06a9\u0627\u0645\u0644 \u06af\u0634\u062a\u200c\u0648\u06af\u0630\u0627\u0631 \u062f\u0631 \u06a9\u0627\u062f\u06cc\u06a9\u0648\u06cc | \u0642\u0644\u0628 \u0632\u0646\u062f\u0647 \u0628\u062e\u0634 \u0622\u0633\u06cc\u0627\u06cc\u06cc \u0627\u0633\u062a\u0627\u0646\u0628\u0648\u0644\",\"datePublished\":\"2025-12-22T20:59:29+00:00\",\"dateModified\":\"2025-12-22T20:59:31+00:00\",\"mainEntityOfPage\":{\"@id\":\"https:\\\/\\\/aloturkey.org\\\/2025\\\/12\\\/22\\\/%d8%b1%d8%a7%d9%87%d9%86%d9%85%d8%a7%db%8c-%da%a9%d8%a7%d9%85%d9%84-%da%af%d8%b4%d8%aa-%d9%88-%da%af%d8%b0%d8%a7%d8%b1-%d8%af%d8%b1-%da%a9%d8%a7%d8%af%db%8c%da%a9%d9%88%db%8c\\\/\"},\"wordCount\":5,\"commentCount\":0,\"publisher\":{\"@id\":\"https:\\\/\\\/aloturkey.org\\\/#organization\"},\"image\":{\"@id\":\"https:\\\/\\\/aloturkey.org\\\/2025\\\/12\\\/22\\\/%d8%b1%d8%a7%d9%87%d9%86%d9%85%d8%a7%db%8c-%da%a9%d8%a7%d9%85%d9%84-%da%af%d8%b4%d8%aa-%d9%88-%da%af%d8%b0%d8%a7%d8%b1-%d8%af%d8%b1-%da%a9%d8%a7%d8%af%db%8c%da%a9%d9%88%db%8c\\\/#primaryimage\"},\"thumbnailUrl\":\"https:\\\/\\\/aloturkey.org\\\/wp-content\\\/uploads\\\/2025\\\/12\\\/Kadikoy-\u2013-Feel-the-Asian-Side-of-Istanbul.jpg\",\"keywords\":[\"\u0627\u0633\u062a\u0627\u0646\u0628\u0648\u0644\u200c\u06af\u0631\u062f\u06cc\",\"\u0628\u062e\u0634 \u0622\u0633\u06cc\u0627\u06cc\u06cc \u0627\u0633\u062a\u0627\u0646\u0628\u0648\u0644\",\"\u06a9\u0627\u062f\u06cc\u06a9\u0648\u06cc\",\"\u06a9\u0627\u0641\u0647\u200c\u0647\u0627\u06cc \u0627\u0633\u062a\u0627\u0646\u0628\u0648\u0644\",\"\u0645\u062d\u0644\u0647\u200c\u0647\u0627\u06cc \u0627\u0633\u062a\u0627\u0646\u0628\u0648\u0644\"],\"articleSection\":[\"\u0631\u0627\u0647\u0646\u0645\u0627\u06cc \u0645\u0646\u0627\u0637\u0642 \u0627\u0633\u062a\u0627\u0646\u0628\u0648\u0644\"],\"inLanguage\":\"tr\",\"potentialAction\":[{\"@type\":\"CommentAction\",\"name\":\"Comment\",\"target\":[\"https:\\\/\\\/aloturkey.org\\\/2025\\\/12\\\/22\\\/%d8%b1%d8%a7%d9%87%d9%86%d9%85%d8%a7%db%8c-%da%a9%d8%a7%d9%85%d9%84-%da%af%d8%b4%d8%aa-%d9%88-%da%af%d8%b0%d8%a7%d8%b1-%d8%af%d8%b1-%da%a9%d8%a7%d8%af%db%8c%da%a9%d9%88%db%8c\\\/#respond\"]}]},{\"@type\":\"WebPage\",\"@id\":\"https:\\\/\\\/aloturkey.org\\\/2025\\\/12\\\/22\\\/%d8%b1%d8%a7%d9%87%d9%86%d9%85%d8%a7%db%8c-%da%a9%d8%a7%d9%85%d9%84-%da%af%d8%b4%d8%aa-%d9%88-%da%af%d8%b0%d8%a7%d8%b1-%d8%af%d8%b1-%da%a9%d8%a7%d8%af%db%8c%da%a9%d9%88%db%8c\\\/\",\"url\":\"https:\\\/\\\/aloturkey.org\\\/2025\\\/12\\\/22\\\/%d8%b1%d8%a7%d9%87%d9%86%d9%85%d8%a7%db%8c-%da%a9%d8%a7%d9%85%d9%84-%da%af%d8%b4%d8%aa-%d9%88-%da%af%d8%b0%d8%a7%d8%b1-%d8%af%d8%b1-%da%a9%d8%a7%d8%af%db%8c%da%a9%d9%88%db%8c\\\/\",\"name\":\"\u0631\u0627\u0647\u0646\u0645\u0627\u06cc \u06a9\u0627\u0645\u0644 \u06af\u0634\u062a\u200c\u0648\u06af\u0630\u0627\u0631 \u062f\u0631 \u06a9\u0627\u062f\u06cc\u06a9\u0648\u06cc \u0627\u0633\u062a\u0627\u0646\u0628\u0648\u0644 | \u0632\u0646\u062f\u06af\u06cc \u0645\u062d\u0644\u06cc\u060c \u06a9\u0627\u0641\u0647\u200c\u0647\u0627 \u0648 \u062a\u0641\u0631\u06cc\u062d\u0627\u062a\",\"isPartOf\":{\"@id\":\"https:\\\/\\\/aloturkey.org\\\/#website\"},\"primaryImageOfPage\":{\"@id\":\"https:\\\/\\\/aloturkey.org\\\/2025\\\/12\\\/22\\\/%d8%b1%d8%a7%d9%87%d9%86%d9%85%d8%a7%db%8c-%da%a9%d8%a7%d9%85%d9%84-%da%af%d8%b4%d8%aa-%d9%88-%da%af%d8%b0%d8%a7%d8%b1-%d8%af%d8%b1-%da%a9%d8%a7%d8%af%db%8c%da%a9%d9%88%db%8c\\\/#primaryimage\"},\"image\":{\"@id\":\"https:\\\/\\\/aloturkey.org\\\/2025\\\/12\\\/22\\\/%d8%b1%d8%a7%d9%87%d9%86%d9%85%d8%a7%db%8c-%da%a9%d8%a7%d9%85%d9%84-%da%af%d8%b4%d8%aa-%d9%88-%da%af%d8%b0%d8%a7%d8%b1-%d8%af%d8%b1-%da%a9%d8%a7%d8%af%db%8c%da%a9%d9%88%db%8c\\\/#primaryimage\"},\"thumbnailUrl\":\"https:\\\/\\\/aloturkey.org\\\/wp-content\\\/uploads\\\/2025\\\/12\\\/Kadikoy-\u2013-Feel-the-Asian-Side-of-Istanbul.jpg\",\"datePublished\":\"2025-12-22T20:59:29+00:00\",\"dateModified\":\"2025-12-22T20:59:31+00:00\",\"description\":\"\u06a9\u0627\u062f\u06cc\u06a9\u0648\u06cc \u06cc\u06a9\u06cc \u0627\u0632 \u0632\u0646\u062f\u0647\u200c\u062a\u0631\u06cc\u0646 \u0648 \u0645\u062d\u0628\u0648\u0628\u200c\u062a\u0631\u06cc\u0646 \u0645\u0646\u0627\u0637\u0642 \u0628\u062e\u0634 \u0622\u0633\u06cc\u0627\u06cc\u06cc \u0627\u0633\u062a\u0627\u0646\u0628\u0648\u0644 \u0627\u0633\u062a. \u062f\u0631 \u0627\u06cc\u0646 \u0631\u0627\u0647\u0646\u0645\u0627\u06cc \u062c\u0627\u0645\u0639 \u0628\u0627 \u062c\u0627\u0647\u0627\u06cc \u062f\u06cc\u062f\u0646\u06cc\u060c \u06a9\u0627\u0641\u0647\u200c\u0647\u0627\u060c \u0628\u0627\u0632\u0627\u0631\u0647\u0627 \u0648 \u0628\u0631\u0646\u0627\u0645\u0647 \u06af\u0634\u062a\u200c\u0648\u06af\u0630\u0627\u0631 \u06a9\u0627\u0645\u0644 \u062f\u0631 \u06a9\u0627\u062f\u06cc\u06a9\u0648\u06cc \u0622\u0634\u0646\u0627 \u0634\u0648\u06cc\u062f.\",\"breadcrumb\":{\"@id\":\"https:\\\/\\\/aloturkey.org\\\/2025\\\/12\\\/22\\\/%d8%b1%d8%a7%d9%87%d9%86%d9%85%d8%a7%db%8c-%da%a9%d8%a7%d9%85%d9%84-%da%af%d8%b4%d8%aa-%d9%88-%da%af%d8%b0%d8%a7%d8%b1-%d8%af%d8%b1-%da%a9%d8%a7%d8%af%db%8c%da%a9%d9%88%db%8c\\\/#breadcrumb\"},\"inLanguage\":\"tr\",\"potentialAction\":[{\"@type\":\"ReadAction\",\"target\":[\"https:\\\/\\\/aloturkey.org\\\/2025\\\/12\\\/22\\\/%d8%b1%d8%a7%d9%87%d9%86%d9%85%d8%a7%db%8c-%da%a9%d8%a7%d9%85%d9%84-%da%af%d8%b4%d8%aa-%d9%88-%da%af%d8%b0%d8%a7%d8%b1-%d8%af%d8%b1-%da%a9%d8%a7%d8%af%db%8c%da%a9%d9%88%db%8c\\\/\"]}]},{\"@type\":\"ImageObject\",\"inLanguage\":\"tr\",\"@id\":\"https:\\\/\\\/aloturkey.org\\\/2025\\\/12\\\/22\\\/%d8%b1%d8%a7%d9%87%d9%86%d9%85%d8%a7%db%8c-%da%a9%d8%a7%d9%85%d9%84-%da%af%d8%b4%d8%aa-%d9%88-%da%af%d8%b0%d8%a7%d8%b1-%d8%af%d8%b1-%da%a9%d8%a7%d8%af%db%8c%da%a9%d9%88%db%8c\\\/#primaryimage\",\"url\":\"https:\\\/\\\/aloturkey.org\\\/wp-content\\\/uploads\\\/2025\\\/12\\\/Kadikoy-\u2013-Feel-the-Asian-Side-of-Istanbul.jpg\",\"contentUrl\":\"https:\\\/\\\/aloturkey.org\\\/wp-content\\\/uploads\\\/2025\\\/12\\\/Kadikoy-\u2013-Feel-the-Asian-Side-of-Istanbul.jpg\",\"width\":1200,\"height\":630,\"caption\":\"\u062a\u0641\u0631\u06cc\u062d\u0627\u062a \u06a9\u0627\u062f\u06cc\u06a9\u0648\u06cc\"},{\"@type\":\"BreadcrumbList\",\"@id\":\"https:\\\/\\\/aloturkey.org\\\/2025\\\/12\\\/22\\\/%d8%b1%d8%a7%d9%87%d9%86%d9%85%d8%a7%db%8c-%da%a9%d8%a7%d9%85%d9%84-%da%af%d8%b4%d8%aa-%d9%88-%da%af%d8%b0%d8%a7%d8%b1-%d8%af%d8%b1-%da%a9%d8%a7%d8%af%db%8c%da%a9%d9%88%db%8c\\\/#breadcrumb\",\"itemListElement\":[{\"@type\":\"ListItem\",\"position\":1,\"name\":\"Home\",\"item\":\"https:\\\/\\\/aloturkey.org\\\/\"},{\"@type\":\"ListItem\",\"position\":2,\"name\":\"\u0631\u0627\u0647\u0646\u0645\u0627\u06cc \u06a9\u0627\u0645\u0644 \u06af\u0634\u062a\u200c\u0648\u06af\u0630\u0627\u0631 \u062f\u0631 \u06a9\u0627\u062f\u06cc\u06a9\u0648\u06cc | \u0642\u0644\u0628 \u0632\u0646\u062f\u0647 \u0628\u062e\u0634 \u0622\u0633\u06cc\u0627\u06cc\u06cc \u0627\u0633\u062a\u0627\u0646\u0628\u0648\u0644\"}]},{\"@type\":\"WebSite\",\"@id\":\"https:\\\/\\\/aloturkey.org\\\/#website\",\"url\":\"https:\\\/\\\/aloturkey.org\\\/\",\"name\":\"ALO TURKEY\",\"description\":\"\u0641\u0631\u0648\u0634 \u0645\u0644\u06a9 \u062f\u0631 \u062a\u0631\u06a9\u06cc\u0647\",\"publisher\":{\"@id\":\"https:\\\/\\\/aloturkey.org\\\/#organization\"},\"alternateName\":\"\u0627\u0644\u0648 \u062a\u0631\u06a9\u06cc\u0647\",\"potentialAction\":[{\"@type\":\"SearchAction\",\"target\":{\"@type\":\"EntryPoint\",\"urlTemplate\":\"https:\\\/\\\/aloturkey.org\\\/?s={search_term_string}\"},\"query-input\":{\"@type\":\"PropertyValueSpecification\",\"valueRequired\":true,\"valueName\":\"search_term_string\"}}],\"inLanguage\":\"tr\"},{\"@type\":[\"Organization\",\"Place\",\"RealEstateAgent\"],\"@id\":\"https:\\\/\\\/aloturkey.org\\\/#organization\",\"name\":\"ALO TURKEY\",\"alternateName\":\"ALOTURKEY\",\"url\":\"https:\\\/\\\/aloturkey.org\\\/\",\"logo\":{\"@id\":\"https:\\\/\\\/aloturkey.org\\\/2025\\\/12\\\/22\\\/%d8%b1%d8%a7%d9%87%d9%86%d9%85%d8%a7%db%8c-%da%a9%d8%a7%d9%85%d9%84-%da%af%d8%b4%d8%aa-%d9%88-%da%af%d8%b0%d8%a7%d8%b1-%d8%af%d8%b1-%da%a9%d8%a7%d8%af%db%8c%da%a9%d9%88%db%8c\\\/#local-main-organization-logo\"},\"image\":{\"@id\":\"https:\\\/\\\/aloturkey.org\\\/2025\\\/12\\\/22\\\/%d8%b1%d8%a7%d9%87%d9%86%d9%85%d8%a7%db%8c-%da%a9%d8%a7%d9%85%d9%84-%da%af%d8%b4%d8%aa-%d9%88-%da%af%d8%b0%d8%a7%d8%b1-%d8%af%d8%b1-%da%a9%d8%a7%d8%af%db%8c%da%a9%d9%88%db%8c\\\/#local-main-organization-logo\"},\"description\":\"Aloturkey\u061b \u0647\u0645\u0631\u0627\u0647 \u0645\u0637\u0645\u0626\u0646 \u0634\u0645\u0627 \u062f\u0631 \u0645\u0633\u06cc\u0631 \u062e\u0631\u06cc\u062f \u0645\u0644\u06a9 \u0648 \u062f\u0631\u06cc\u0627\u0641\u062a \u0634\u0647\u0631\u0648\u0646\u062f\u06cc \u062a\u0631\u06a9\u06cc\u0647\",\"numberOfEmployees\":{\"@type\":\"QuantitativeValue\",\"minValue\":\"1\",\"maxValue\":\"10\"},\"publishingPrinciples\":\"https:\\\/\\\/aloturkey.org\\\/my-properties\\\/\",\"ownershipFundingInfo\":\"https:\\\/\\\/aloturkey.org\\\/disclaimer\\\/\",\"correctionsPolicy\":\"https:\\\/\\\/aloturkey.org\\\/disclaimer\\\/\",\"ethicsPolicy\":\"https:\\\/\\\/aloturkey.org\\\/investment-guide\\\/\",\"diversityPolicy\":\"https:\\\/\\\/aloturkey.org\\\/disclaimer\\\/\",\"diversityStaffingReport\":\"https:\\\/\\\/aloturkey.org\\\/investment-guide\\\/\",\"telephone\":[\"05395005000\"],\"contactPoint\":{\"@type\":\"ContactPoint\",\"telephone\":\"905395005000\"},\"openingHoursSpecification\":[{\"@type\":\"OpeningHoursSpecification\",\"dayOfWeek\":[\"Monday\",\"Tuesday\",\"Wednesday\",\"Thursday\",\"Friday\"],\"opens\":\"09:00\",\"closes\":\"17:00\"},{\"@type\":\"OpeningHoursSpecification\",\"dayOfWeek\":[\"Saturday\",\"Sunday\"],\"opens\":\"10:00\",\"closes\":\"14:00\"}],\"email\":\"info@aloturkey.org\",\"faxNumber\":\"Alo Turkey\"},{\"@type\":\"Person\",\"@id\":\"https:\\\/\\\/aloturkey.org\\\/#\\\/schema\\\/person\\\/57cbbcd68162166bf85312dc0f1cb58b\",\"name\":\"alo\",\"image\":{\"@type\":\"ImageObject\",\"inLanguage\":\"tr\",\"@id\":\"https:\\\/\\\/secure.gravatar.com\\\/avatar\\\/ca843a4690aaaa09d1a088ad0577c7395489e64dd8ef6fece1dfff346994400f?s=96&d=mm&r=g\",\"url\":\"https:\\\/\\\/secure.gravatar.com\\\/avatar\\\/ca843a4690aaaa09d1a088ad0577c7395489e64dd8ef6fece1dfff346994400f?s=96&d=mm&r=g\",\"contentUrl\":\"https:\\\/\\\/secure.gravatar.com\\\/avatar\\\/ca843a4690aaaa09d1a088ad0577c7395489e64dd8ef6fece1dfff346994400f?s=96&d=mm&r=g\",\"caption\":\"alo\"},\"sameAs\":[\"https:\\\/\\\/aloturkey.org\",\"https:\\\/\\\/www.instagram.com\\\/aloturkeye\"],\"url\":\"https:\\\/\\\/aloturkey.org\\\/tr\\\/author\\\/adminat\\\/\"},{\"@type\":\"ImageObject\",\"inLanguage\":\"tr\",\"@id\":\"https:\\\/\\\/aloturkey.org\\\/2025\\\/12\\\/22\\\/%d8%b1%d8%a7%d9%87%d9%86%d9%85%d8%a7%db%8c-%da%a9%d8%a7%d9%85%d9%84-%da%af%d8%b4%d8%aa-%d9%88-%da%af%d8%b0%d8%a7%d8%b1-%d8%af%d8%b1-%da%a9%d8%a7%d8%af%db%8c%da%a9%d9%88%db%8c\\\/#local-main-organization-logo\",\"url\":\"https:\\\/\\\/aloturkey.org\\\/wp-content\\\/uploads\\\/wp-realestate-uploads\\\/user_avatar\\\/2025\\\/08\\\/logo-icon.png\",\"contentUrl\":\"https:\\\/\\\/aloturkey.org\\\/wp-content\\\/uploads\\\/wp-realestate-uploads\\\/user_avatar\\\/2025\\\/08\\\/logo-icon.png\",\"width\":160,\"height\":160,\"caption\":\"ALO TURKEY\"}]}<\/script>\n<meta name=\"geo.placename\" content=\"ISTANBUL\" \/>\n<meta name=\"geo.region\" content=\"T\u00fcrkiye\" \/>\n<!-- \/ Yoast SEO Premium plugin. -->","yoast_head_json":{"title":"\u0130stanbul Kad\u0131k\u00f6y&#039;\u00fc Ke\u015ffetmek \u0130\u00e7in Eksiksiz Rehber | Yerel Ya\u015fam, Kafeler ve E\u011flence","description":"Kad\u0131k\u00f6y, \u0130stanbul&#039;un Asya yakas\u0131n\u0131n en canl\u0131 ve pop\u00fcler b\u00f6lgelerinden biridir. Bu kapsaml\u0131 rehberde Kad\u0131k\u00f6y&#039;\u00fcn turistik yerlerini, kafelerini, pazarlar\u0131n\u0131 ve eksiksiz bir gezi program\u0131n\u0131 ke\u015ffedin.","robots":{"index":"index","follow":"follow","max-snippet":"max-snippet:-1","max-image-preview":"max-image-preview:large","max-video-preview":"max-video-preview:-1"},"canonical":"https:\/\/aloturkey.org\/tr\/2025\/12\/22\/kadikoy-icin-eksiksiz-gezi-rehberi\/","og_locale":"tr_TR","og_type":"article","og_title":"\u0631\u0627\u0647\u0646\u0645\u0627\u06cc \u06a9\u0627\u0645\u0644 \u06af\u0634\u062a\u200c\u0648\u06af\u0630\u0627\u0631 \u062f\u0631 \u06a9\u0627\u062f\u06cc\u06a9\u0648\u06cc | \u0642\u0644\u0628 \u0632\u0646\u062f\u0647 \u0628\u062e\u0634 \u0622\u0633\u06cc\u0627\u06cc\u06cc \u0627\u0633\u062a\u0627\u0646\u0628\u0648\u0644","og_description":"\u06a9\u0627\u062f\u06cc\u06a9\u0648\u06cc \u06cc\u06a9\u06cc \u0627\u0632 \u0632\u0646\u062f\u0647\u200c\u062a\u0631\u06cc\u0646 \u0648 \u0645\u062d\u0628\u0648\u0628\u200c\u062a\u0631\u06cc\u0646 \u0645\u0646\u0627\u0637\u0642 \u0628\u062e\u0634 \u0622\u0633\u06cc\u0627\u06cc\u06cc \u0627\u0633\u062a\u0627\u0646\u0628\u0648\u0644 \u0627\u0633\u062a. \u062f\u0631 \u0627\u06cc\u0646 \u0631\u0627\u0647\u0646\u0645\u0627\u06cc \u062c\u0627\u0645\u0639 \u0628\u0627 \u062c\u0627\u0647\u0627\u06cc \u062f\u06cc\u062f\u0646\u06cc\u060c \u06a9\u0627\u0641\u0647\u200c\u0647\u0627\u060c \u0628\u0627\u0632\u0627\u0631\u0647\u0627 \u0648 \u0628\u0631\u0646\u0627\u0645\u0647 \u06af\u0634\u062a\u200c\u0648\u06af\u0630\u0627\u0631 \u06a9\u0627\u0645\u0644 \u062f\u0631 \u06a9\u0627\u062f\u06cc\u06a9\u0648\u06cc \u0622\u0634\u0646\u0627 \u0634\u0648\u06cc\u062f.","og_url":"https:\/\/aloturkey.org\/tr\/2025\/12\/22\/kadikoy-icin-eksiksiz-gezi-rehberi\/","og_site_name":"ALO TURKEY","article_published_time":"2025-12-22T20:59:29+00:00","article_modified_time":"2025-12-22T20:59:31+00:00","og_image":[{"width":1200,"height":630,"url":"https:\/\/aloturkey.org\/wp-content\/uploads\/2025\/12\/Kadikoy-\u2013-Feel-the-Asian-Side-of-Istanbul.jpg","type":"image\/jpeg"}],"author":"alo","twitter_card":"summary_large_image","twitter_misc":{"Yazan:":"alo","Tahmini okuma s\u00fcresi":"3 dakika"},"schema":{"@context":"https:\/\/schema.org","@graph":[{"@type":"Article","@id":"https:\/\/aloturkey.org\/2025\/12\/22\/%d8%b1%d8%a7%d9%87%d9%86%d9%85%d8%a7%db%8c-%da%a9%d8%a7%d9%85%d9%84-%da%af%d8%b4%d8%aa-%d9%88-%da%af%d8%b0%d8%a7%d8%b1-%d8%af%d8%b1-%da%a9%d8%a7%d8%af%db%8c%da%a9%d9%88%db%8c\/#article","isPartOf":{"@id":"https:\/\/aloturkey.org\/2025\/12\/22\/%d8%b1%d8%a7%d9%87%d9%86%d9%85%d8%a7%db%8c-%da%a9%d8%a7%d9%85%d9%84-%da%af%d8%b4%d8%aa-%d9%88-%da%af%d8%b0%d8%a7%d8%b1-%d8%af%d8%b1-%da%a9%d8%a7%d8%af%db%8c%da%a9%d9%88%db%8c\/"},"author":{"name":"alo","@id":"https:\/\/aloturkey.org\/#\/schema\/person\/57cbbcd68162166bf85312dc0f1cb58b"},"headline":"\u0631\u0627\u0647\u0646\u0645\u0627\u06cc \u06a9\u0627\u0645\u0644 \u06af\u0634\u062a\u200c\u0648\u06af\u0630\u0627\u0631 \u062f\u0631 \u06a9\u0627\u062f\u06cc\u06a9\u0648\u06cc | \u0642\u0644\u0628 \u0632\u0646\u062f\u0647 \u0628\u062e\u0634 \u0622\u0633\u06cc\u0627\u06cc\u06cc \u0627\u0633\u062a\u0627\u0646\u0628\u0648\u0644","datePublished":"2025-12-22T20:59:29+00:00","dateModified":"2025-12-22T20:59:31+00:00","mainEntityOfPage":{"@id":"https:\/\/aloturkey.org\/2025\/12\/22\/%d8%b1%d8%a7%d9%87%d9%86%d9%85%d8%a7%db%8c-%da%a9%d8%a7%d9%85%d9%84-%da%af%d8%b4%d8%aa-%d9%88-%da%af%d8%b0%d8%a7%d8%b1-%d8%af%d8%b1-%da%a9%d8%a7%d8%af%db%8c%da%a9%d9%88%db%8c\/"},"wordCount":5,"commentCount":0,"publisher":{"@id":"https:\/\/aloturkey.org\/#organization"},"image":{"@id":"https:\/\/aloturkey.org\/2025\/12\/22\/%d8%b1%d8%a7%d9%87%d9%86%d9%85%d8%a7%db%8c-%da%a9%d8%a7%d9%85%d9%84-%da%af%d8%b4%d8%aa-%d9%88-%da%af%d8%b0%d8%a7%d8%b1-%d8%af%d8%b1-%da%a9%d8%a7%d8%af%db%8c%da%a9%d9%88%db%8c\/#primaryimage"},"thumbnailUrl":"https:\/\/aloturkey.org\/wp-content\/uploads\/2025\/12\/Kadikoy-\u2013-Feel-the-Asian-Side-of-Istanbul.jpg","keywords":["\u0627\u0633\u062a\u0627\u0646\u0628\u0648\u0644\u200c\u06af\u0631\u062f\u06cc","\u0628\u062e\u0634 \u0622\u0633\u06cc\u0627\u06cc\u06cc \u0627\u0633\u062a\u0627\u0646\u0628\u0648\u0644","\u06a9\u0627\u062f\u06cc\u06a9\u0648\u06cc","\u06a9\u0627\u0641\u0647\u200c\u0647\u0627\u06cc \u0627\u0633\u062a\u0627\u0646\u0628\u0648\u0644","\u0645\u062d\u0644\u0647\u200c\u0647\u0627\u06cc \u0627\u0633\u062a\u0627\u0646\u0628\u0648\u0644"],"articleSection":["\u0631\u0627\u0647\u0646\u0645\u0627\u06cc \u0645\u0646\u0627\u0637\u0642 \u0627\u0633\u062a\u0627\u0646\u0628\u0648\u0644"],"inLanguage":"tr","potentialAction":[{"@type":"CommentAction","name":"Comment","target":["https:\/\/aloturkey.org\/2025\/12\/22\/%d8%b1%d8%a7%d9%87%d9%86%d9%85%d8%a7%db%8c-%da%a9%d8%a7%d9%85%d9%84-%da%af%d8%b4%d8%aa-%d9%88-%da%af%d8%b0%d8%a7%d8%b1-%d8%af%d8%b1-%da%a9%d8%a7%d8%af%db%8c%da%a9%d9%88%db%8c\/#respond"]}]},{"@type":"WebPage","@id":"https:\/\/aloturkey.org\/2025\/12\/22\/%d8%b1%d8%a7%d9%87%d9%86%d9%85%d8%a7%db%8c-%da%a9%d8%a7%d9%85%d9%84-%da%af%d8%b4%d8%aa-%d9%88-%da%af%d8%b0%d8%a7%d8%b1-%d8%af%d8%b1-%da%a9%d8%a7%d8%af%db%8c%da%a9%d9%88%db%8c\/","url":"https:\/\/aloturkey.org\/2025\/12\/22\/%d8%b1%d8%a7%d9%87%d9%86%d9%85%d8%a7%db%8c-%da%a9%d8%a7%d9%85%d9%84-%da%af%d8%b4%d8%aa-%d9%88-%da%af%d8%b0%d8%a7%d8%b1-%d8%af%d8%b1-%da%a9%d8%a7%d8%af%db%8c%da%a9%d9%88%db%8c\/","name":"\u0130stanbul Kad\u0131k\u00f6y&#039;\u00fc Ke\u015ffetmek \u0130\u00e7in Eksiksiz Rehber | Yerel Ya\u015fam, Kafeler ve E\u011flence","isPartOf":{"@id":"https:\/\/aloturkey.org\/#website"},"primaryImageOfPage":{"@id":"https:\/\/aloturkey.org\/2025\/12\/22\/%d8%b1%d8%a7%d9%87%d9%86%d9%85%d8%a7%db%8c-%da%a9%d8%a7%d9%85%d9%84-%da%af%d8%b4%d8%aa-%d9%88-%da%af%d8%b0%d8%a7%d8%b1-%d8%af%d8%b1-%da%a9%d8%a7%d8%af%db%8c%da%a9%d9%88%db%8c\/#primaryimage"},"image":{"@id":"https:\/\/aloturkey.org\/2025\/12\/22\/%d8%b1%d8%a7%d9%87%d9%86%d9%85%d8%a7%db%8c-%da%a9%d8%a7%d9%85%d9%84-%da%af%d8%b4%d8%aa-%d9%88-%da%af%d8%b0%d8%a7%d8%b1-%d8%af%d8%b1-%da%a9%d8%a7%d8%af%db%8c%da%a9%d9%88%db%8c\/#primaryimage"},"thumbnailUrl":"https:\/\/aloturkey.org\/wp-content\/uploads\/2025\/12\/Kadikoy-\u2013-Feel-the-Asian-Side-of-Istanbul.jpg","datePublished":"2025-12-22T20:59:29+00:00","dateModified":"2025-12-22T20:59:31+00:00","description":"Kad\u0131k\u00f6y, \u0130stanbul&#039;un Asya yakas\u0131n\u0131n en canl\u0131 ve pop\u00fcler b\u00f6lgelerinden biridir. Bu kapsaml\u0131 rehberde Kad\u0131k\u00f6y&#039;\u00fcn turistik yerlerini, kafelerini, pazarlar\u0131n\u0131 ve eksiksiz bir gezi program\u0131n\u0131 ke\u015ffedin.","breadcrumb":{"@id":"https:\/\/aloturkey.org\/2025\/12\/22\/%d8%b1%d8%a7%d9%87%d9%86%d9%85%d8%a7%db%8c-%da%a9%d8%a7%d9%85%d9%84-%da%af%d8%b4%d8%aa-%d9%88-%da%af%d8%b0%d8%a7%d8%b1-%d8%af%d8%b1-%da%a9%d8%a7%d8%af%db%8c%da%a9%d9%88%db%8c\/#breadcrumb"},"inLanguage":"tr","potentialAction":[{"@type":"ReadAction","target":["https:\/\/aloturkey.org\/2025\/12\/22\/%d8%b1%d8%a7%d9%87%d9%86%d9%85%d8%a7%db%8c-%da%a9%d8%a7%d9%85%d9%84-%da%af%d8%b4%d8%aa-%d9%88-%da%af%d8%b0%d8%a7%d8%b1-%d8%af%d8%b1-%da%a9%d8%a7%d8%af%db%8c%da%a9%d9%88%db%8c\/"]}]},{"@type":"ImageObject","inLanguage":"tr","@id":"https:\/\/aloturkey.org\/2025\/12\/22\/%d8%b1%d8%a7%d9%87%d9%86%d9%85%d8%a7%db%8c-%da%a9%d8%a7%d9%85%d9%84-%da%af%d8%b4%d8%aa-%d9%88-%da%af%d8%b0%d8%a7%d8%b1-%d8%af%d8%b1-%da%a9%d8%a7%d8%af%db%8c%da%a9%d9%88%db%8c\/#primaryimage","url":"https:\/\/aloturkey.org\/wp-content\/uploads\/2025\/12\/Kadikoy-\u2013-Feel-the-Asian-Side-of-Istanbul.jpg","contentUrl":"https:\/\/aloturkey.org\/wp-content\/uploads\/2025\/12\/Kadikoy-\u2013-Feel-the-Asian-Side-of-Istanbul.jpg","width":1200,"height":630,"caption":"\u062a\u0641\u0631\u06cc\u062d\u0627\u062a \u06a9\u0627\u062f\u06cc\u06a9\u0648\u06cc"},{"@type":"BreadcrumbList","@id":"https:\/\/aloturkey.org\/2025\/12\/22\/%d8%b1%d8%a7%d9%87%d9%86%d9%85%d8%a7%db%8c-%da%a9%d8%a7%d9%85%d9%84-%da%af%d8%b4%d8%aa-%d9%88-%da%af%d8%b0%d8%a7%d8%b1-%d8%af%d8%b1-%da%a9%d8%a7%d8%af%db%8c%da%a9%d9%88%db%8c\/#breadcrumb","itemListElement":[{"@type":"ListItem","position":1,"name":"Home","item":"https:\/\/aloturkey.org\/"},{"@type":"ListItem","position":2,"name":"\u0631\u0627\u0647\u0646\u0645\u0627\u06cc \u06a9\u0627\u0645\u0644 \u06af\u0634\u062a\u200c\u0648\u06af\u0630\u0627\u0631 \u062f\u0631 \u06a9\u0627\u062f\u06cc\u06a9\u0648\u06cc | \u0642\u0644\u0628 \u0632\u0646\u062f\u0647 \u0628\u062e\u0634 \u0622\u0633\u06cc\u0627\u06cc\u06cc \u0627\u0633\u062a\u0627\u0646\u0628\u0648\u0644"}]},{"@type":"WebSite","@id":"https:\/\/aloturkey.org\/#website","url":"https:\/\/aloturkey.org\/","name":"ALO T\u00dcRK\u0130YE","description":"T\u00fcrkiye&#039;de m\u00fclk sat\u0131\u015f\u0131","publisher":{"@id":"https:\/\/aloturkey.org\/#organization"},"alternateName":"\u0627\u0644\u0648 \u062a\u0631\u06a9\u06cc\u0647","potentialAction":[{"@type":"SearchAction","target":{"@type":"EntryPoint","urlTemplate":"https:\/\/aloturkey.org\/?s={search_term_string}"},"query-input":{"@type":"PropertyValueSpecification","valueRequired":true,"valueName":"search_term_string"}}],"inLanguage":"tr"},{"@type":["Organization","Place","RealEstateAgent"],"@id":"https:\/\/aloturkey.org\/#organization","name":"ALO T\u00dcRK\u0130YE","alternateName":"ALOTURKEY","url":"https:\/\/aloturkey.org\/","logo":{"@id":"https:\/\/aloturkey.org\/2025\/12\/22\/%d8%b1%d8%a7%d9%87%d9%86%d9%85%d8%a7%db%8c-%da%a9%d8%a7%d9%85%d9%84-%da%af%d8%b4%d8%aa-%d9%88-%da%af%d8%b0%d8%a7%d8%b1-%d8%af%d8%b1-%da%a9%d8%a7%d8%af%db%8c%da%a9%d9%88%db%8c\/#local-main-organization-logo"},"image":{"@id":"https:\/\/aloturkey.org\/2025\/12\/22\/%d8%b1%d8%a7%d9%87%d9%86%d9%85%d8%a7%db%8c-%da%a9%d8%a7%d9%85%d9%84-%da%af%d8%b4%d8%aa-%d9%88-%da%af%d8%b0%d8%a7%d8%b1-%d8%af%d8%b1-%da%a9%d8%a7%d8%af%db%8c%da%a9%d9%88%db%8c\/#local-main-organization-logo"},"description":"Aloturkey; Gayrimenkul sat\u0131n alma ve T\u00fcrk vatanda\u015fl\u0131\u011f\u0131 alma yolunda g\u00fcvenilir yol arkada\u015f\u0131n\u0131z","numberOfEmployees":{"@type":"QuantitativeValue","minValue":"1","maxValue":"10"},"publishingPrinciples":"https:\/\/aloturkey.org\/my-properties\/","ownershipFundingInfo":"https:\/\/aloturkey.org\/disclaimer\/","correctionsPolicy":"https:\/\/aloturkey.org\/disclaimer\/","ethicsPolicy":"https:\/\/aloturkey.org\/investment-guide\/","diversityPolicy":"https:\/\/aloturkey.org\/disclaimer\/","diversityStaffingReport":"https:\/\/aloturkey.org\/investment-guide\/","telephone":["05395005000"],"contactPoint":{"@type":"ContactPoint","telephone":"905395005000"},"openingHoursSpecification":[{"@type":"OpeningHoursSpecification","dayOfWeek":["Monday","Tuesday","Wednesday","Thursday","Friday"],"opens":"09:00","closes":"17:00"},{"@type":"OpeningHoursSpecification","dayOfWeek":["Saturday","Sunday"],"opens":"10:00","closes":"14:00"}],"email":"info@aloturkey.org","faxNumber":"Alo Turkey"},{"@type":"Person","@id":"https:\/\/aloturkey.org\/#\/schema\/person\/57cbbcd68162166bf85312dc0f1cb58b","name":"Merhaba","image":{"@type":"ImageObject","inLanguage":"tr","@id":"https:\/\/secure.gravatar.com\/avatar\/ca843a4690aaaa09d1a088ad0577c7395489e64dd8ef6fece1dfff346994400f?s=96&d=mm&r=g","url":"https:\/\/secure.gravatar.com\/avatar\/ca843a4690aaaa09d1a088ad0577c7395489e64dd8ef6fece1dfff346994400f?s=96&d=mm&r=g","contentUrl":"https:\/\/secure.gravatar.com\/avatar\/ca843a4690aaaa09d1a088ad0577c7395489e64dd8ef6fece1dfff346994400f?s=96&d=mm&r=g","caption":"alo"},"sameAs":["https:\/\/aloturkey.org","https:\/\/www.instagram.com\/aloturkeye"],"url":"https:\/\/aloturkey.org\/tr\/author\/adminat\/"},{"@type":"ImageObject","inLanguage":"tr","@id":"https:\/\/aloturkey.org\/2025\/12\/22\/%d8%b1%d8%a7%d9%87%d9%86%d9%85%d8%a7%db%8c-%da%a9%d8%a7%d9%85%d9%84-%da%af%d8%b4%d8%aa-%d9%88-%da%af%d8%b0%d8%a7%d8%b1-%d8%af%d8%b1-%da%a9%d8%a7%d8%af%db%8c%da%a9%d9%88%db%8c\/#local-main-organization-logo","url":"https:\/\/aloturkey.org\/wp-content\/uploads\/wp-realestate-uploads\/user_avatar\/2025\/08\/logo-icon.png","contentUrl":"https:\/\/aloturkey.org\/wp-content\/uploads\/wp-realestate-uploads\/user_avatar\/2025\/08\/logo-icon.png","width":160,"height":160,"caption":"ALO TURKEY"}]},"geo.placename":"ISTANBUL","geo.region":"T\u00fcrkiye"},"_links":{"self":[{"href":"https:\/\/aloturkey.org\/tr\/wp-json\/wp\/v2\/posts\/6742","targetHints":{"allow":["GET"]}}],"collection":[{"href":"https:\/\/aloturkey.org\/tr\/wp-json\/wp\/v2\/posts"}],"about":[{"href":"https:\/\/aloturkey.org\/tr\/wp-json\/wp\/v2\/types\/post"}],"author":[{"embeddable":true,"href":"https:\/\/aloturkey.org\/tr\/wp-json\/wp\/v2\/users\/52"}],"replies":[{"embeddable":true,"href":"https:\/\/aloturkey.org\/tr\/wp-json\/wp\/v2\/comments?post=6742"}],"version-history":[{"count":0,"href":"https:\/\/aloturkey.org\/tr\/wp-json\/wp\/v2\/posts\/6742\/revisions"}],"wp:featuredmedia":[{"embeddable":true,"href":"https:\/\/aloturkey.org\/tr\/wp-json\/wp\/v2\/media\/6743"}],"wp:attachment":[{"href":"https:\/\/aloturkey.org\/tr\/wp-json\/wp\/v2\/media?parent=6742"}],"wp:term":[{"taxonomy":"category","embeddable":true,"href":"https:\/\/aloturkey.org\/tr\/wp-json\/wp\/v2\/categories?post=6742"},{"taxonomy":"post_tag","embeddable":true,"href":"https:\/\/aloturkey.org\/tr\/wp-json\/wp\/v2\/tags?post=6742"}],"curies":[{"name":"wp","href":"https:\/\/api.w.org\/{rel}","templated":true}]}}