{"id":6745,"date":"2025-12-23T22:27:42","date_gmt":"2025-12-23T19:27:42","guid":{"rendered":"https:\/\/aloturkey.org\/?p=6745"},"modified":"2025-12-23T22:27:43","modified_gmt":"2025-12-23T19:27:43","slug":"eskisehiri-kesfetmek-icin-eksiksiz-rehber","status":"publish","type":"post","link":"https:\/\/aloturkey.org\/tr\/2025\/12\/23\/%d8%b1%d8%a7%d9%87%d9%86%d9%85%d8%a7%db%8c-%da%a9%d8%a7%d9%85%d9%84-%da%af%d8%b4%d8%aa%d9%88%da%af%d8%b0%d8%a7%d8%b1-%d8%af%d8%b1-%d8%a7%d8%b3%da%a9%d9%88%d8%af%d8%a7%d8%b1\/","title":{"rendered":"Osmanbey&#039;de Gezilecek Yerler \u0130\u00e7in Eksiksiz Rehber | Huzur, Tarih ve Bo\u011faz"},"content":{"rendered":"<p>Kad\u0131k\u00f6y enerjik ve sanatsal bir ki\u015fili\u011fe sahipse, <strong>Escudar, bar\u0131\u015f\u0131n, tarihin ve maneviyat\u0131n sembol\u00fc.<\/strong> \u0130stanbul&#039;un Asya yakas\u0131nda yer almaktad\u0131r.<br>Tarihi camileri, muhte\u015fem Bo\u011faz k\u0131y\u0131 \u015feridi ve eski mahalleleriyle U\u015fkudar, \u0130stanbul&#039;u deneyimlemek isteyenler i\u00e7in harika bir se\u00e7enek. <strong>Daha sakin, daha \u00f6zg\u00fcn ve daha derin<\/strong> Deneyim.<\/p>\n\n\n\n<hr class=\"wp-block-separator has-alpha-channel-opacity\"\/>\n\n\n\n<h2 class=\"wp-block-heading\" id=\"h-\u0627\u0633\u06a9\u0648\u062f\u0627\u0631-\u06a9\u062c\u0627\u0633\u062a-\u0648-\u0686\u0647-\u062d\u0627\u0644-\u0648\u0647\u0648\u0627\u06cc\u06cc-\u062f\u0627\u0631\u062f\">\ud83d\udccd Eskodar nerede ve hava nas\u0131l?<\/h2>\n\n\n\n<p>\u00dcsk\u00fcp, Bo\u011faz&#039;\u0131n Asya yakas\u0131nda yer alan ve \u0130stanbul&#039;un en eski semtlerinden biridir.<br>Bu b\u00f6lge, feribot, metro ve otob\u00fcsle Avrupa k\u0131sm\u0131na kolayca ba\u011flanmaktad\u0131r.<\/p>\n\n\n\n<p><strong>\u0130skender&#039;deki hava durumu:<\/strong><\/p>\n\n\n\n<ul class=\"wp-block-list\">\n<li>Sessiz ve aile dostu<\/li>\n\n\n\n<li>Tarihi ve manevi<\/li>\n\n\n\n<li>Deniz kenar\u0131nda y\u00fcr\u00fcy\u00fc\u015f i\u00e7in uygundur.<\/li>\n\n\n\n<li>Daha az turistik ve \u00e7ok otantik<\/li>\n<\/ul>\n\n\n\n<hr class=\"wp-block-separator has-alpha-channel-opacity\"\/>\n\n\n\n<h2 class=\"wp-block-heading\" id=\"h-\u062c\u0627\u0647\u0627\u06cc-\u062f\u06cc\u062f\u0646\u06cc-\u0645\u0647\u0645-\u0627\u0633\u06a9\u0648\u062f\u0627\u0631\">\ud83c\udfdb\ufe0f Oskudar&#039;da ziyaret edilecek \u00f6nemli yerler<\/h2>\n\n\n\n<h3 class=\"wp-block-heading\" id=\"h-1-\u0628\u0631\u062c-\u062f\u062e\u062a\u0631-kiz-kulesi\">1\ufe0f\u20e3 K\u0131z Kulesi (K\u0131z Kulesi)<\/h3>\n\n\n\n<p>\u0130stanbul&#039;un romantik sembol\u00fc, \u00dcsk\u00fcdar Plaj\u0131&#039;n\u0131n hemen \u00f6n\u00fcnde yer al\u0131yor.<br>\u0130stanbul&#039;da g\u00fcn bat\u0131m\u0131nda K\u0131z Kulesi&#039;ni izlemek, en g\u00fczel manzaralardan biridir.<\/p>\n\n\n\n<p>\ud83d\udccc Kuleye girmeseniz bile, Eski\u015fehir Plaj\u0131&#039;ndan kuleyi g\u00f6rmek bile yeterli ve keyifli.<\/p>\n\n\n\n<hr class=\"wp-block-separator has-alpha-channel-opacity\"\/>\n\n\n\n<h3 class=\"wp-block-heading\" id=\"h-2-\u0645\u0633\u062c\u062f-\u0645\u0647\u0631\u0645\u0627\u0647-\u0633\u0644\u0637\u0627\u0646\">2\ufe0f\u20e3 Mehrmah Sultan Camii<\/h3>\n\n\n\n<p>B\u00fcy\u00fck mimar\u0131n ba\u015fyap\u0131tlar\u0131ndan biri. <strong>Sinan<\/strong>Zarif mimarisi ve g\u00fczel do\u011fal \u0131\u015f\u0131\u011f\u0131yla.<br>Bu cami Osmanl\u0131&#039;n\u0131n merkezinde yer almaktad\u0131r ve ziyaret etmek fazla zaman almaz.<\/p>\n\n\n\n<hr class=\"wp-block-separator has-alpha-channel-opacity\"\/>\n\n\n\n<h3 class=\"wp-block-heading\" id=\"h-3-\u062a\u067e\u0647-\u0686\u0627\u0645\u0644\u06cc\u062c\u0627-camlica-tepesi\">3\ufe0f\u20e3 \u00c7aml\u0131ca Tepesi<\/h3>\n\n\n\n<p>\u0130stanbul&#039;un en y\u00fcksek noktas\u0131ndan panoramik manzara:<\/p>\n\n\n\n<ul class=\"wp-block-list\">\n<li>Bo\u011faz<\/li>\n\n\n\n<li>Avrupa ve Asya k\u0131s\u0131mlar\u0131<\/li>\n\n\n\n<li>\u0130stanbul K\u00f6pr\u00fcleri<\/li>\n<\/ul>\n\n\n\n<p>\ud83d\udccc Foto\u011fraf \u00e7ekmek ve g\u00fcn bat\u0131m\u0131n\u0131 izlemek i\u00e7in en iyi yer \ud83c\udf05<\/p>\n\n\n\n<hr class=\"wp-block-separator has-alpha-channel-opacity\"\/>\n\n\n\n<h2 class=\"wp-block-heading\" id=\"h-\u0633\u0627\u062d\u0644-\u0627\u0633\u06a9\u0648\u062f\u0627\u0631-\u0648-\u067e\u06cc\u0627\u062f\u0647-\u0631\u0648\u06cc-\u0628\u0633\u0641\u0631\">\ud83c\udf0a Oskudar Plaj\u0131 ve Bo\u011faz Gezinti Yolu<\/h2>\n\n\n\n<p>\u00dcsk\u00fcda Plaj\u0131, \u0130stanbul&#039;daki en iyi y\u00fcr\u00fcy\u00fc\u015f parkurlar\u0131ndan biridir.<br>Banklar, ye\u015fillikler ve gemi manzaras\u0131, yorulmadan saatlerce y\u00fcr\u00fcmenizi sa\u011flayacak.<\/p>\n\n\n\n<p>\ud83d\udccc Bu plaj \u015funlar i\u00e7in uygundur:<\/p>\n\n\n\n<ul class=\"wp-block-list\">\n<li>Aileler<\/li>\n\n\n\n<li>\u00c7iftler<\/li>\n\n\n\n<li>Foto\u011fraf\u00e7\u0131l\u0131k<\/li>\n\n\n\n<li>\u00d6\u011fleden sonra molas\u0131<\/li>\n<\/ul>\n\n\n\n<p>\u00c7ok kullan\u0131\u015fl\u0131.<\/p>\n\n\n\n<hr class=\"wp-block-separator has-alpha-channel-opacity\"\/>\n\n\n\n<h2 class=\"wp-block-heading\" id=\"h-\u06a9\u0627\u0641\u0647-\u0647\u0627-\u0648-\u0631\u0633\u062a\u0648\u0631\u0627\u0646-\u0647\u0627\u06cc-\u0627\u0633\u06a9\u0648\u062f\u0627\u0631\">\u2615 Manzaral\u0131 kafeler ve restoranlar<\/h2>\n\n\n\n<p>Daha \u00e7ok escodar gibi <strong>Geleneksel ve aile i\u015fletmesi kafeler ve restoranlar<\/strong> \u00dcnl\u00fcd\u00fcr:<\/p>\n\n\n\n<ul class=\"wp-block-list\">\n<li>Deniz kenar\u0131nda T\u00fcrk kahvalt\u0131s\u0131<\/li>\n\n\n\n<li>Bo\u011faz manzaras\u0131 e\u015fli\u011finde \u00e7ay ve kahve.<\/li>\n\n\n\n<li>Ev yap\u0131m\u0131 ve yerel yiyecekler<\/li>\n<\/ul>\n\n\n\n<p>Turistik b\u00f6lgelere k\u0131yasla fiyatlar <strong>Daha uygun<\/strong> Bunlar.<\/p>\n\n\n\n<hr class=\"wp-block-separator has-alpha-channel-opacity\"\/>\n\n\n\n<h2 class=\"wp-block-heading\" id=\"h-\u0641\u0636\u0627\u06cc-\u0641\u0631\u0647\u0646\u06af\u06cc-\u0648-\u0645\u0630\u0647\u0628\u06cc\">\ud83d\udd4c K\u00fclt\u00fcrel ve dini atmosfer<\/h2>\n\n\n\n<p>\u00dcsk\u00fcda\u011f, \u0130stanbul&#039;un en dindar b\u00f6lgelerinden biri olarak kabul edilir, ancak:<\/p>\n\n\n\n<ul class=\"wp-block-list\">\n<li>Sakin ve sayg\u0131l\u0131 bir atmosfere sahip.<\/li>\n\n\n\n<li>Turistler i\u00e7in tamamen eri\u015filebilir.<\/li>\n\n\n\n<li>Y\u00fcksek bir g\u00fcvenlik ve huzur duygusuna sahip.<\/li>\n<\/ul>\n\n\n\n<p>\ud83d\udccc Camileri ziyaret ederken k\u0131yafet kurallar\u0131na uyulmas\u0131 tavsiye edilir.<\/p>\n\n\n\n<hr class=\"wp-block-separator has-alpha-channel-opacity\"\/>\n\n\n\n<h2 class=\"wp-block-heading\" id=\"h-\u0628\u0631\u0646\u0627\u0645\u0647-\u067e\u06cc\u0634\u0646\u0647\u0627\u062f\u06cc-\u06af\u0634\u062a-\u0648\u06af\u0630\u0627\u0631-\u062f\u0631-\u0627\u0633\u06a9\u0648\u062f\u0627\u0631-\u0646\u06cc\u0645-\u0631\u0648\u0632-\u062a\u0627-\u06cc\u06a9-\u0631\u0648\u0632\">\ud83d\udeb6 Oskudar&#039;da \u00f6nerilen gezi program\u0131 (yar\u0131m g\u00fcn ila bir g\u00fcn)<\/h2>\n\n\n\n<p><strong>Sabah:<\/strong><\/p>\n\n\n\n<ul class=\"wp-block-list\">\n<li>Sahil kafelerinde kahvalt\u0131<\/li>\n<\/ul>\n\n\n\n<p><strong>\u00d6\u011fle vakti:<\/strong><\/p>\n\n\n\n<ul class=\"wp-block-list\">\n<li>Mehrmah Sultan Camii&#039;ni ziyaret etmek<\/li>\n\n\n\n<li>Sahilde y\u00fcr\u00fcy\u00fc\u015f<\/li>\n<\/ul>\n\n\n\n<p><strong>Ak\u015fam:<\/strong><\/p>\n\n\n\n<ul class=\"wp-block-list\">\n<li>\u00c7aml\u0131ca Tepesi&#039;ne do\u011fru ilerliyoruz.<\/li>\n\n\n\n<li>Foto\u011fraf \u00e7ekmek ve \u015fehir manzaras\u0131n\u0131 izlemek<\/li>\n<\/ul>\n\n\n\n<p><strong>G\u00fcn bat\u0131m\u0131:<\/strong><\/p>\n\n\n\n<ul class=\"wp-block-list\">\n<li>Sahile geri d\u00f6n\u00fcn ve K\u0131z Kulesi&#039;ni izleyin.<\/li>\n<\/ul>\n\n\n\n<hr class=\"wp-block-separator has-alpha-channel-opacity\"\/>\n\n\n\n<h2 class=\"wp-block-heading\" id=\"h-\u0627\u0633\u06a9\u0648\u062f\u0627\u0631-\u0645\u0646\u0627\u0633\u0628-\u0686\u0647-\u06a9\u0633\u0627\u0646\u06cc-\u0627\u0633\u062a\">\ud83d\udc68\u200d\ud83d\udc69\u200d\ud83d\udc67 Escudar kimler i\u00e7in uygundur?<\/h2>\n\n\n\n<p>\u2714\ufe0f Aileler<br>\u2714\ufe0f Tarih ve mimari merakl\u0131lar\u0131<br>\u2714\ufe0f Huzur ve sessizli\u011fi tercih edenler<br>\u2714\ufe0f Foto\u011fraf\u00e7\u0131lar ve kentsel do\u011fa severler<\/p>\n\n\n\n<hr class=\"wp-block-separator has-alpha-channel-opacity\"\/>\n\n\n\n<h2 class=\"wp-block-heading\" id=\"h-\u0686\u0642\u062f\u0631-\u0632\u0645\u0627\u0646-\u0628\u0631\u0627\u06cc-\u0627\u0633\u06a9\u0648\u062f\u0627\u0631-\u0644\u0627\u0632\u0645-\u0627\u0633\u062a\">\u23f1\ufe0f Escudodar olmak ne kadar zaman al\u0131r?<\/h2>\n\n\n\n<ul class=\"wp-block-list\">\n<li>Minimum: <strong>3 ila 4 saat<\/strong><\/li>\n\n\n\n<li>\u0130deal: <strong>Yar\u0131m g\u00fcnden tam g\u00fcne kadar<\/strong><\/li>\n<\/ul>\n\n\n\n<hr class=\"wp-block-separator has-alpha-channel-opacity\"\/>\n\n\n\n<h2 class=\"wp-block-heading\" id=\"h-\u062c\u0645\u0639-\u0628\u0646\u062f\u06cc\">\u2705 Sonu\u00e7<\/h2>\n\n\n\n<p>\u00dcsk\u00fcpdere, \u0130stanbul&#039;un bulundu\u011fu yerdir. <strong>Daha sakin nefes al\u0131yor.<\/strong>.<br>\u015eehrin g\u00fcr\u00fclt\u00fcs\u00fcnden ve karma\u015fas\u0131ndan uzakla\u015fmak, Bo\u011faz k\u0131y\u0131s\u0131nda y\u00fcr\u00fcy\u00fc\u015f yapmak ve Osmanl\u0131 tarihini deneyimlemek istiyorsan\u0131z, Eski\u015fehir harika bir se\u00e7imdir.<\/p>","protected":false},"excerpt":{"rendered":"<p>\u0627\u06af\u0631 \u06a9\u0627\u062f\u06cc\u06a9\u0648\u06cc \u067e\u0631\u0627\u0646\u0631\u0698\u06cc \u0648 \u0647\u0646\u0631\u06cc \u0627\u0633\u062a\u060c \u0627\u0633\u06a9\u0648\u062f\u0627\u0631 \u0646\u0645\u0627\u062f \u0622\u0631\u0627\u0645\u0634\u060c \u062a\u0627\u0631\u06cc\u062e \u0648 \u0645\u0639\u0646\u0648\u06cc\u062a \u062f\u0631 \u0628\u062e\u0634 \u0622\u0633\u06cc\u0627\u06cc\u06cc \u0627\u0633\u062a\u0627\u0646\u0628\u0648\u0644 \u0628\u0647\u200c\u0634\u0645\u0627\u0631 \u0645\u06cc\u200c\u0631\u0648\u062f.\u0627\u0633\u06a9\u0648\u062f\u0627\u0631 \u0628\u0627 \u0645\u0633\u0627\u062c\u062f \u062a\u0627\u0631\u06cc\u062e\u06cc\u060c \u0633\u0627\u062d\u0644 \u0632\u06cc\u0628\u0627\u06cc \u0628\u0633\u0641\u0631 \u0648 \u0645\u062d\u0644\u0647\u200c\u0647\u0627\u06cc \u0642\u062f\u06cc\u0645\u06cc\u060c \u0627\u0646\u062a\u062e\u0627\u0628\u06cc \u0639\u0627\u0644\u06cc \u0628\u0631\u0627\u06cc \u06a9\u0633\u0627\u0646\u06cc \u0627\u0633\u062a \u06a9\u0647 \u0645\u06cc\u200c\u062e\u0648\u0627\u0647\u0646\u062f \u0627\u0633\u062a\u0627\u0646\u0628\u0648\u0644 \u0631\u0627 \u0622\u0631\u0627\u0645\u200c\u062a\u0631\u060c \u0627\u0635\u06cc\u0644\u200c\u062a\u0631 \u0648 \u0639\u0645\u06cc\u0642\u200c\u062a\u0631 \u062a\u062c\u0631\u0628\u0647 \u06a9\u0646\u0646\u062f. \ud83d\udccd \u0627\u0633\u06a9\u0648\u062f\u0627\u0631 \u06a9\u062c\u0627\u0633\u062a \u0648 \u0686\u0647 \u062d\u0627\u0644\u200c\u0648\u0647\u0648\u0627\u06cc\u06cc \u062f\u0627\u0631\u062f\u061f \u0627\u0633\u06a9\u0648\u062f\u0627\u0631 \u062f\u0631 \u0633\u0627\u062d\u0644 \u0622\u0633\u06cc\u0627\u06cc\u06cc \u062a\u0646\u06af\u0647 \u0628\u0633\u0641\u0631 [&hellip;]<\/p>\n","protected":false},"author":52,"featured_media":6746,"comment_status":"open","ping_status":"open","sticky":false,"template":"","format":"standard","meta":{"googlesitekit_rrm_CAow34nBDA:productID":"","footnotes":""},"categories":[19],"tags":[379,385,384,387,388],"class_list":["post-6745","post","type-post","status-publish","format-standard","has-post-thumbnail","hentry","category-istanbul-neighborhoods-guide","tag-379","tag-385","tag-384","tag-387","tag-388"],"yoast_head":"<!-- This site is optimized with the Yoast SEO Premium plugin v26.9 (Yoast SEO v27.4) - https:\/\/yoast.com\/product\/yoast-seo-premium-wordpress\/ -->\n<title>\u0631\u0627\u0647\u0646\u0645\u0627\u06cc \u06a9\u0627\u0645\u0644 \u06af\u0634\u062a\u200c\u0648\u06af\u0630\u0627\u0631 \u062f\u0631 \u0627\u0633\u06a9\u0648\u062f\u0627\u0631 \u0627\u0633\u062a\u0627\u0646\u0628\u0648\u0644 | \u062a\u0627\u0631\u06cc\u062e\u060c \u0622\u0631\u0627\u0645\u0634 \u0648 \u0645\u0646\u0638\u0631\u0647 \u0628\u0633\u0641\u0631<\/title>\n<meta name=\"description\" content=\"\u0627\u0633\u06a9\u0648\u062f\u0627\u0631 \u06cc\u06a9\u06cc \u0627\u0632 \u0622\u0631\u0627\u0645\u200c\u062a\u0631\u06cc\u0646 \u0648 \u062a\u0627\u0631\u06cc\u062e\u06cc\u200c\u062a\u0631\u06cc\u0646 \u0645\u0646\u0627\u0637\u0642 \u0628\u062e\u0634 \u0622\u0633\u06cc\u0627\u06cc\u06cc \u0627\u0633\u062a\u0627\u0646\u0628\u0648\u0644 \u0627\u0633\u062a. \u062f\u0631 \u0627\u06cc\u0646 \u0631\u0627\u0647\u0646\u0645\u0627\u06cc \u062c\u0627\u0645\u0639 \u0628\u0627 \u062c\u0627\u0647\u0627\u06cc \u062f\u06cc\u062f\u0646\u06cc\u060c \u0645\u0633\u0627\u062c\u062f \u062a\u0627\u0631\u06cc\u062e\u06cc\u060c \u0633\u0627\u062d\u0644 \u0628\u0633\u0641\u0631 \u0648 \u0628\u0631\u0646\u0627\u0645\u0647 \u06a9\u0627\u0645\u0644 \u06af\u0634\u062a\u200c\u0648\u06af\u0630\u0627\u0631 \u062f\u0631 \u0627\u0633\u06a9\u0648\u062f\u0627\u0631 \u0622\u0634\u0646\u0627 \u0634\u0648\u06cc\u062f.\" \/>\n<meta name=\"robots\" content=\"index, follow, max-snippet:-1, max-image-preview:large, max-video-preview:-1\" \/>\n<link rel=\"canonical\" href=\"https:\/\/aloturkey.org\/tr\/2025\/12\/23\/eskisehiri-kesfetmek-icin-eksiksiz-rehber\/\" \/>\n<meta property=\"og:locale\" content=\"tr_TR\" \/>\n<meta property=\"og:type\" content=\"article\" \/>\n<meta property=\"og:title\" content=\"\u0631\u0627\u0647\u0646\u0645\u0627\u06cc \u06a9\u0627\u0645\u0644 \u06af\u0634\u062a\u200c\u0648\u06af\u0630\u0627\u0631 \u062f\u0631 \u0627\u0633\u06a9\u0648\u062f\u0627\u0631 | \u0622\u0631\u0627\u0645\u0634\u060c \u062a\u0627\u0631\u06cc\u062e \u0648 \u0628\u0633\u0641\u0631\" \/>\n<meta property=\"og:description\" content=\"\u0627\u0633\u06a9\u0648\u062f\u0627\u0631 \u06cc\u06a9\u06cc \u0627\u0632 \u0622\u0631\u0627\u0645\u200c\u062a\u0631\u06cc\u0646 \u0648 \u062a\u0627\u0631\u06cc\u062e\u06cc\u200c\u062a\u0631\u06cc\u0646 \u0645\u0646\u0627\u0637\u0642 \u0628\u062e\u0634 \u0622\u0633\u06cc\u0627\u06cc\u06cc \u0627\u0633\u062a\u0627\u0646\u0628\u0648\u0644 \u0627\u0633\u062a. \u062f\u0631 \u0627\u06cc\u0646 \u0631\u0627\u0647\u0646\u0645\u0627\u06cc \u062c\u0627\u0645\u0639 \u0628\u0627 \u062c\u0627\u0647\u0627\u06cc \u062f\u06cc\u062f\u0646\u06cc\u060c \u0645\u0633\u0627\u062c\u062f \u062a\u0627\u0631\u06cc\u062e\u06cc\u060c \u0633\u0627\u062d\u0644 \u0628\u0633\u0641\u0631 \u0648 \u0628\u0631\u0646\u0627\u0645\u0647 \u06a9\u0627\u0645\u0644 \u06af\u0634\u062a\u200c\u0648\u06af\u0630\u0627\u0631 \u062f\u0631 \u0627\u0633\u06a9\u0648\u062f\u0627\u0631 \u0622\u0634\u0646\u0627 \u0634\u0648\u06cc\u062f.\" \/>\n<meta property=\"og:url\" content=\"https:\/\/aloturkey.org\/tr\/2025\/12\/23\/eskisehiri-kesfetmek-icin-eksiksiz-rehber\/\" \/>\n<meta property=\"og:site_name\" content=\"ALO TURKEY\" \/>\n<meta property=\"article:published_time\" content=\"2025-12-23T19:27:42+00:00\" \/>\n<meta property=\"article:modified_time\" content=\"2025-12-23T19:27:43+00:00\" \/>\n<meta property=\"og:image\" content=\"https:\/\/aloturkey.org\/wp-content\/uploads\/2025\/12\/Uskudar-\u2013-Calm-Side-of-Istanbul.jpg\" \/>\n\t<meta property=\"og:image:width\" content=\"1200\" \/>\n\t<meta property=\"og:image:height\" content=\"630\" \/>\n\t<meta property=\"og:image:type\" content=\"image\/jpeg\" \/>\n<meta name=\"author\" content=\"alo\" \/>\n<meta name=\"twitter:card\" content=\"summary_large_image\" \/>\n<meta name=\"twitter:label1\" content=\"Yazan:\" \/>\n\t<meta name=\"twitter:data1\" content=\"alo\" \/>\n\t<meta name=\"twitter:label2\" content=\"Tahmini okuma s\u00fcresi\" \/>\n\t<meta name=\"twitter:data2\" content=\"3 dakika\" \/>\n<script type=\"application\/ld+json\" class=\"yoast-schema-graph\">{\"@context\":\"https:\\\/\\\/schema.org\",\"@graph\":[{\"@type\":\"Article\",\"@id\":\"https:\\\/\\\/aloturkey.org\\\/2025\\\/12\\\/23\\\/%d8%b1%d8%a7%d9%87%d9%86%d9%85%d8%a7%db%8c-%da%a9%d8%a7%d9%85%d9%84-%da%af%d8%b4%d8%aa%d9%88%da%af%d8%b0%d8%a7%d8%b1-%d8%af%d8%b1-%d8%a7%d8%b3%da%a9%d9%88%d8%af%d8%a7%d8%b1\\\/#article\",\"isPartOf\":{\"@id\":\"https:\\\/\\\/aloturkey.org\\\/2025\\\/12\\\/23\\\/%d8%b1%d8%a7%d9%87%d9%86%d9%85%d8%a7%db%8c-%da%a9%d8%a7%d9%85%d9%84-%da%af%d8%b4%d8%aa%d9%88%da%af%d8%b0%d8%a7%d8%b1-%d8%af%d8%b1-%d8%a7%d8%b3%da%a9%d9%88%d8%af%d8%a7%d8%b1\\\/\"},\"author\":{\"name\":\"alo\",\"@id\":\"https:\\\/\\\/aloturkey.org\\\/#\\\/schema\\\/person\\\/57cbbcd68162166bf85312dc0f1cb58b\"},\"headline\":\"\u0631\u0627\u0647\u0646\u0645\u0627\u06cc \u06a9\u0627\u0645\u0644 \u06af\u0634\u062a\u200c\u0648\u06af\u0630\u0627\u0631 \u062f\u0631 \u0627\u0633\u06a9\u0648\u062f\u0627\u0631 | \u0622\u0631\u0627\u0645\u0634\u060c \u062a\u0627\u0631\u06cc\u062e \u0648 \u0628\u0633\u0641\u0631\",\"datePublished\":\"2025-12-23T19:27:42+00:00\",\"dateModified\":\"2025-12-23T19:27:43+00:00\",\"mainEntityOfPage\":{\"@id\":\"https:\\\/\\\/aloturkey.org\\\/2025\\\/12\\\/23\\\/%d8%b1%d8%a7%d9%87%d9%86%d9%85%d8%a7%db%8c-%da%a9%d8%a7%d9%85%d9%84-%da%af%d8%b4%d8%aa%d9%88%da%af%d8%b0%d8%a7%d8%b1-%d8%af%d8%b1-%d8%a7%d8%b3%da%a9%d9%88%d8%af%d8%a7%d8%b1\\\/\"},\"wordCount\":6,\"commentCount\":0,\"publisher\":{\"@id\":\"https:\\\/\\\/aloturkey.org\\\/#organization\"},\"image\":{\"@id\":\"https:\\\/\\\/aloturkey.org\\\/2025\\\/12\\\/23\\\/%d8%b1%d8%a7%d9%87%d9%86%d9%85%d8%a7%db%8c-%da%a9%d8%a7%d9%85%d9%84-%da%af%d8%b4%d8%aa%d9%88%da%af%d8%b0%d8%a7%d8%b1-%d8%af%d8%b1-%d8%a7%d8%b3%da%a9%d9%88%d8%af%d8%a7%d8%b1\\\/#primaryimage\"},\"thumbnailUrl\":\"https:\\\/\\\/aloturkey.org\\\/wp-content\\\/uploads\\\/2025\\\/12\\\/Uskudar-\u2013-Calm-Side-of-Istanbul.jpg\",\"keywords\":[\"\u0627\u0633\u062a\u0627\u0646\u0628\u0648\u0644\u200c\u06af\u0631\u062f\u06cc\",\"\u0627\u0633\u06a9\u0648\u062f\u0627\u0631\",\"\u0628\u062e\u0634 \u0622\u0633\u06cc\u0627\u06cc\u06cc \u0627\u0633\u062a\u0627\u0646\u0628\u0648\u0644\",\"\u0628\u0633\u0641\u0631\",\"\u0645\u062d\u0644\u0647\u200c\u0647\u0627\u06cc \u062a\u0627\u0631\u06cc\u062e\u06cc \u0627\u0633\u062a\u0627\u0646\u0628\u0648\u0644\"],\"articleSection\":[\"\u0631\u0627\u0647\u0646\u0645\u0627\u06cc \u0645\u0646\u0627\u0637\u0642 \u0627\u0633\u062a\u0627\u0646\u0628\u0648\u0644\"],\"inLanguage\":\"tr\",\"potentialAction\":[{\"@type\":\"CommentAction\",\"name\":\"Comment\",\"target\":[\"https:\\\/\\\/aloturkey.org\\\/2025\\\/12\\\/23\\\/%d8%b1%d8%a7%d9%87%d9%86%d9%85%d8%a7%db%8c-%da%a9%d8%a7%d9%85%d9%84-%da%af%d8%b4%d8%aa%d9%88%da%af%d8%b0%d8%a7%d8%b1-%d8%af%d8%b1-%d8%a7%d8%b3%da%a9%d9%88%d8%af%d8%a7%d8%b1\\\/#respond\"]}]},{\"@type\":\"WebPage\",\"@id\":\"https:\\\/\\\/aloturkey.org\\\/2025\\\/12\\\/23\\\/%d8%b1%d8%a7%d9%87%d9%86%d9%85%d8%a7%db%8c-%da%a9%d8%a7%d9%85%d9%84-%da%af%d8%b4%d8%aa%d9%88%da%af%d8%b0%d8%a7%d8%b1-%d8%af%d8%b1-%d8%a7%d8%b3%da%a9%d9%88%d8%af%d8%a7%d8%b1\\\/\",\"url\":\"https:\\\/\\\/aloturkey.org\\\/2025\\\/12\\\/23\\\/%d8%b1%d8%a7%d9%87%d9%86%d9%85%d8%a7%db%8c-%da%a9%d8%a7%d9%85%d9%84-%da%af%d8%b4%d8%aa%d9%88%da%af%d8%b0%d8%a7%d8%b1-%d8%af%d8%b1-%d8%a7%d8%b3%da%a9%d9%88%d8%af%d8%a7%d8%b1\\\/\",\"name\":\"\u0631\u0627\u0647\u0646\u0645\u0627\u06cc \u06a9\u0627\u0645\u0644 \u06af\u0634\u062a\u200c\u0648\u06af\u0630\u0627\u0631 \u062f\u0631 \u0627\u0633\u06a9\u0648\u062f\u0627\u0631 \u0627\u0633\u062a\u0627\u0646\u0628\u0648\u0644 | \u062a\u0627\u0631\u06cc\u062e\u060c \u0622\u0631\u0627\u0645\u0634 \u0648 \u0645\u0646\u0638\u0631\u0647 \u0628\u0633\u0641\u0631\",\"isPartOf\":{\"@id\":\"https:\\\/\\\/aloturkey.org\\\/#website\"},\"primaryImageOfPage\":{\"@id\":\"https:\\\/\\\/aloturkey.org\\\/2025\\\/12\\\/23\\\/%d8%b1%d8%a7%d9%87%d9%86%d9%85%d8%a7%db%8c-%da%a9%d8%a7%d9%85%d9%84-%da%af%d8%b4%d8%aa%d9%88%da%af%d8%b0%d8%a7%d8%b1-%d8%af%d8%b1-%d8%a7%d8%b3%da%a9%d9%88%d8%af%d8%a7%d8%b1\\\/#primaryimage\"},\"image\":{\"@id\":\"https:\\\/\\\/aloturkey.org\\\/2025\\\/12\\\/23\\\/%d8%b1%d8%a7%d9%87%d9%86%d9%85%d8%a7%db%8c-%da%a9%d8%a7%d9%85%d9%84-%da%af%d8%b4%d8%aa%d9%88%da%af%d8%b0%d8%a7%d8%b1-%d8%af%d8%b1-%d8%a7%d8%b3%da%a9%d9%88%d8%af%d8%a7%d8%b1\\\/#primaryimage\"},\"thumbnailUrl\":\"https:\\\/\\\/aloturkey.org\\\/wp-content\\\/uploads\\\/2025\\\/12\\\/Uskudar-\u2013-Calm-Side-of-Istanbul.jpg\",\"datePublished\":\"2025-12-23T19:27:42+00:00\",\"dateModified\":\"2025-12-23T19:27:43+00:00\",\"description\":\"\u0627\u0633\u06a9\u0648\u062f\u0627\u0631 \u06cc\u06a9\u06cc \u0627\u0632 \u0622\u0631\u0627\u0645\u200c\u062a\u0631\u06cc\u0646 \u0648 \u062a\u0627\u0631\u06cc\u062e\u06cc\u200c\u062a\u0631\u06cc\u0646 \u0645\u0646\u0627\u0637\u0642 \u0628\u062e\u0634 \u0622\u0633\u06cc\u0627\u06cc\u06cc \u0627\u0633\u062a\u0627\u0646\u0628\u0648\u0644 \u0627\u0633\u062a. \u062f\u0631 \u0627\u06cc\u0646 \u0631\u0627\u0647\u0646\u0645\u0627\u06cc \u062c\u0627\u0645\u0639 \u0628\u0627 \u062c\u0627\u0647\u0627\u06cc \u062f\u06cc\u062f\u0646\u06cc\u060c \u0645\u0633\u0627\u062c\u062f \u062a\u0627\u0631\u06cc\u062e\u06cc\u060c \u0633\u0627\u062d\u0644 \u0628\u0633\u0641\u0631 \u0648 \u0628\u0631\u0646\u0627\u0645\u0647 \u06a9\u0627\u0645\u0644 \u06af\u0634\u062a\u200c\u0648\u06af\u0630\u0627\u0631 \u062f\u0631 \u0627\u0633\u06a9\u0648\u062f\u0627\u0631 \u0622\u0634\u0646\u0627 \u0634\u0648\u06cc\u062f.\",\"breadcrumb\":{\"@id\":\"https:\\\/\\\/aloturkey.org\\\/2025\\\/12\\\/23\\\/%d8%b1%d8%a7%d9%87%d9%86%d9%85%d8%a7%db%8c-%da%a9%d8%a7%d9%85%d9%84-%da%af%d8%b4%d8%aa%d9%88%da%af%d8%b0%d8%a7%d8%b1-%d8%af%d8%b1-%d8%a7%d8%b3%da%a9%d9%88%d8%af%d8%a7%d8%b1\\\/#breadcrumb\"},\"inLanguage\":\"tr\",\"potentialAction\":[{\"@type\":\"ReadAction\",\"target\":[\"https:\\\/\\\/aloturkey.org\\\/2025\\\/12\\\/23\\\/%d8%b1%d8%a7%d9%87%d9%86%d9%85%d8%a7%db%8c-%da%a9%d8%a7%d9%85%d9%84-%da%af%d8%b4%d8%aa%d9%88%da%af%d8%b0%d8%a7%d8%b1-%d8%af%d8%b1-%d8%a7%d8%b3%da%a9%d9%88%d8%af%d8%a7%d8%b1\\\/\"]}]},{\"@type\":\"ImageObject\",\"inLanguage\":\"tr\",\"@id\":\"https:\\\/\\\/aloturkey.org\\\/2025\\\/12\\\/23\\\/%d8%b1%d8%a7%d9%87%d9%86%d9%85%d8%a7%db%8c-%da%a9%d8%a7%d9%85%d9%84-%da%af%d8%b4%d8%aa%d9%88%da%af%d8%b0%d8%a7%d8%b1-%d8%af%d8%b1-%d8%a7%d8%b3%da%a9%d9%88%d8%af%d8%a7%d8%b1\\\/#primaryimage\",\"url\":\"https:\\\/\\\/aloturkey.org\\\/wp-content\\\/uploads\\\/2025\\\/12\\\/Uskudar-\u2013-Calm-Side-of-Istanbul.jpg\",\"contentUrl\":\"https:\\\/\\\/aloturkey.org\\\/wp-content\\\/uploads\\\/2025\\\/12\\\/Uskudar-\u2013-Calm-Side-of-Istanbul.jpg\",\"width\":1200,\"height\":630,\"caption\":\"\u0645\u062d\u0644\u0647\u200c\u0647\u0627\u06cc \u062a\u0627\u0631\u06cc\u062e\u06cc \u0627\u0633\u062a\u0627\u0646\u0628\u0648\u0644\"},{\"@type\":\"BreadcrumbList\",\"@id\":\"https:\\\/\\\/aloturkey.org\\\/2025\\\/12\\\/23\\\/%d8%b1%d8%a7%d9%87%d9%86%d9%85%d8%a7%db%8c-%da%a9%d8%a7%d9%85%d9%84-%da%af%d8%b4%d8%aa%d9%88%da%af%d8%b0%d8%a7%d8%b1-%d8%af%d8%b1-%d8%a7%d8%b3%da%a9%d9%88%d8%af%d8%a7%d8%b1\\\/#breadcrumb\",\"itemListElement\":[{\"@type\":\"ListItem\",\"position\":1,\"name\":\"Home\",\"item\":\"https:\\\/\\\/aloturkey.org\\\/\"},{\"@type\":\"ListItem\",\"position\":2,\"name\":\"\u0631\u0627\u0647\u0646\u0645\u0627\u06cc \u06a9\u0627\u0645\u0644 \u06af\u0634\u062a\u200c\u0648\u06af\u0630\u0627\u0631 \u062f\u0631 \u0627\u0633\u06a9\u0648\u062f\u0627\u0631 | \u0622\u0631\u0627\u0645\u0634\u060c \u062a\u0627\u0631\u06cc\u062e \u0648 \u0628\u0633\u0641\u0631\"}]},{\"@type\":\"WebSite\",\"@id\":\"https:\\\/\\\/aloturkey.org\\\/#website\",\"url\":\"https:\\\/\\\/aloturkey.org\\\/\",\"name\":\"ALO TURKEY\",\"description\":\"\u0641\u0631\u0648\u0634 \u0645\u0644\u06a9 \u062f\u0631 \u062a\u0631\u06a9\u06cc\u0647\",\"publisher\":{\"@id\":\"https:\\\/\\\/aloturkey.org\\\/#organization\"},\"alternateName\":\"\u0627\u0644\u0648 \u062a\u0631\u06a9\u06cc\u0647\",\"potentialAction\":[{\"@type\":\"SearchAction\",\"target\":{\"@type\":\"EntryPoint\",\"urlTemplate\":\"https:\\\/\\\/aloturkey.org\\\/?s={search_term_string}\"},\"query-input\":{\"@type\":\"PropertyValueSpecification\",\"valueRequired\":true,\"valueName\":\"search_term_string\"}}],\"inLanguage\":\"tr\"},{\"@type\":[\"Organization\",\"Place\",\"RealEstateAgent\"],\"@id\":\"https:\\\/\\\/aloturkey.org\\\/#organization\",\"name\":\"ALO TURKEY\",\"alternateName\":\"ALOTURKEY\",\"url\":\"https:\\\/\\\/aloturkey.org\\\/\",\"logo\":{\"@id\":\"https:\\\/\\\/aloturkey.org\\\/2025\\\/12\\\/23\\\/%d8%b1%d8%a7%d9%87%d9%86%d9%85%d8%a7%db%8c-%da%a9%d8%a7%d9%85%d9%84-%da%af%d8%b4%d8%aa%d9%88%da%af%d8%b0%d8%a7%d8%b1-%d8%af%d8%b1-%d8%a7%d8%b3%da%a9%d9%88%d8%af%d8%a7%d8%b1\\\/#local-main-organization-logo\"},\"image\":{\"@id\":\"https:\\\/\\\/aloturkey.org\\\/2025\\\/12\\\/23\\\/%d8%b1%d8%a7%d9%87%d9%86%d9%85%d8%a7%db%8c-%da%a9%d8%a7%d9%85%d9%84-%da%af%d8%b4%d8%aa%d9%88%da%af%d8%b0%d8%a7%d8%b1-%d8%af%d8%b1-%d8%a7%d8%b3%da%a9%d9%88%d8%af%d8%a7%d8%b1\\\/#local-main-organization-logo\"},\"description\":\"Aloturkey\u061b \u0647\u0645\u0631\u0627\u0647 \u0645\u0637\u0645\u0626\u0646 \u0634\u0645\u0627 \u062f\u0631 \u0645\u0633\u06cc\u0631 \u062e\u0631\u06cc\u062f \u0645\u0644\u06a9 \u0648 \u062f\u0631\u06cc\u0627\u0641\u062a \u0634\u0647\u0631\u0648\u0646\u062f\u06cc \u062a\u0631\u06a9\u06cc\u0647\",\"numberOfEmployees\":{\"@type\":\"QuantitativeValue\",\"minValue\":\"1\",\"maxValue\":\"10\"},\"publishingPrinciples\":\"https:\\\/\\\/aloturkey.org\\\/my-properties\\\/\",\"ownershipFundingInfo\":\"https:\\\/\\\/aloturkey.org\\\/disclaimer\\\/\",\"correctionsPolicy\":\"https:\\\/\\\/aloturkey.org\\\/disclaimer\\\/\",\"ethicsPolicy\":\"https:\\\/\\\/aloturkey.org\\\/investment-guide\\\/\",\"diversityPolicy\":\"https:\\\/\\\/aloturkey.org\\\/disclaimer\\\/\",\"diversityStaffingReport\":\"https:\\\/\\\/aloturkey.org\\\/investment-guide\\\/\",\"telephone\":[\"05395005000\"],\"contactPoint\":{\"@type\":\"ContactPoint\",\"telephone\":\"905395005000\"},\"openingHoursSpecification\":[{\"@type\":\"OpeningHoursSpecification\",\"dayOfWeek\":[\"Monday\",\"Tuesday\",\"Wednesday\",\"Thursday\",\"Friday\"],\"opens\":\"09:00\",\"closes\":\"17:00\"},{\"@type\":\"OpeningHoursSpecification\",\"dayOfWeek\":[\"Saturday\",\"Sunday\"],\"opens\":\"10:00\",\"closes\":\"14:00\"}],\"email\":\"info@aloturkey.org\",\"faxNumber\":\"Alo Turkey\"},{\"@type\":\"Person\",\"@id\":\"https:\\\/\\\/aloturkey.org\\\/#\\\/schema\\\/person\\\/57cbbcd68162166bf85312dc0f1cb58b\",\"name\":\"alo\",\"image\":{\"@type\":\"ImageObject\",\"inLanguage\":\"tr\",\"@id\":\"https:\\\/\\\/secure.gravatar.com\\\/avatar\\\/ca843a4690aaaa09d1a088ad0577c7395489e64dd8ef6fece1dfff346994400f?s=96&d=mm&r=g\",\"url\":\"https:\\\/\\\/secure.gravatar.com\\\/avatar\\\/ca843a4690aaaa09d1a088ad0577c7395489e64dd8ef6fece1dfff346994400f?s=96&d=mm&r=g\",\"contentUrl\":\"https:\\\/\\\/secure.gravatar.com\\\/avatar\\\/ca843a4690aaaa09d1a088ad0577c7395489e64dd8ef6fece1dfff346994400f?s=96&d=mm&r=g\",\"caption\":\"alo\"},\"sameAs\":[\"https:\\\/\\\/aloturkey.org\",\"https:\\\/\\\/www.instagram.com\\\/aloturkeye\"],\"url\":\"https:\\\/\\\/aloturkey.org\\\/tr\\\/author\\\/adminat\\\/\"},{\"@type\":\"ImageObject\",\"inLanguage\":\"tr\",\"@id\":\"https:\\\/\\\/aloturkey.org\\\/2025\\\/12\\\/23\\\/%d8%b1%d8%a7%d9%87%d9%86%d9%85%d8%a7%db%8c-%da%a9%d8%a7%d9%85%d9%84-%da%af%d8%b4%d8%aa%d9%88%da%af%d8%b0%d8%a7%d8%b1-%d8%af%d8%b1-%d8%a7%d8%b3%da%a9%d9%88%d8%af%d8%a7%d8%b1\\\/#local-main-organization-logo\",\"url\":\"https:\\\/\\\/aloturkey.org\\\/wp-content\\\/uploads\\\/wp-realestate-uploads\\\/user_avatar\\\/2025\\\/08\\\/logo-icon.png\",\"contentUrl\":\"https:\\\/\\\/aloturkey.org\\\/wp-content\\\/uploads\\\/wp-realestate-uploads\\\/user_avatar\\\/2025\\\/08\\\/logo-icon.png\",\"width\":160,\"height\":160,\"caption\":\"ALO TURKEY\"}]}<\/script>\n<meta name=\"geo.placename\" content=\"ISTANBUL\" \/>\n<meta name=\"geo.region\" content=\"T\u00fcrkiye\" \/>\n<!-- \/ Yoast SEO Premium plugin. -->","yoast_head_json":{"title":"\u0130stanbul \u00dcsk\u00fcd&#039;\u00fc Ke\u015ffetmek \u0130\u00e7in Eksiksiz Rehber | Tarih, Huzur ve Bo\u011faz Manzaras\u0131","description":"U\u015fkudar, \u0130stanbul&#039;un Asya yakas\u0131ndaki en huzurlu ve tarihi b\u00f6lgelerinden biridir. Bu kapsaml\u0131 rehberde U\u015fkudar&#039;\u0131n turistik yerlerini, tarihi camilerini, Bo\u011faz k\u0131y\u0131lar\u0131n\u0131 ve eksiksiz bir gezi program\u0131n\u0131 ke\u015ffedin.","robots":{"index":"index","follow":"follow","max-snippet":"max-snippet:-1","max-image-preview":"max-image-preview:large","max-video-preview":"max-video-preview:-1"},"canonical":"https:\/\/aloturkey.org\/tr\/2025\/12\/23\/eskisehiri-kesfetmek-icin-eksiksiz-rehber\/","og_locale":"tr_TR","og_type":"article","og_title":"\u0631\u0627\u0647\u0646\u0645\u0627\u06cc \u06a9\u0627\u0645\u0644 \u06af\u0634\u062a\u200c\u0648\u06af\u0630\u0627\u0631 \u062f\u0631 \u0627\u0633\u06a9\u0648\u062f\u0627\u0631 | \u0622\u0631\u0627\u0645\u0634\u060c \u062a\u0627\u0631\u06cc\u062e \u0648 \u0628\u0633\u0641\u0631","og_description":"\u0627\u0633\u06a9\u0648\u062f\u0627\u0631 \u06cc\u06a9\u06cc \u0627\u0632 \u0622\u0631\u0627\u0645\u200c\u062a\u0631\u06cc\u0646 \u0648 \u062a\u0627\u0631\u06cc\u062e\u06cc\u200c\u062a\u0631\u06cc\u0646 \u0645\u0646\u0627\u0637\u0642 \u0628\u062e\u0634 \u0622\u0633\u06cc\u0627\u06cc\u06cc \u0627\u0633\u062a\u0627\u0646\u0628\u0648\u0644 \u0627\u0633\u062a. \u062f\u0631 \u0627\u06cc\u0646 \u0631\u0627\u0647\u0646\u0645\u0627\u06cc \u062c\u0627\u0645\u0639 \u0628\u0627 \u062c\u0627\u0647\u0627\u06cc \u062f\u06cc\u062f\u0646\u06cc\u060c \u0645\u0633\u0627\u062c\u062f \u062a\u0627\u0631\u06cc\u062e\u06cc\u060c \u0633\u0627\u062d\u0644 \u0628\u0633\u0641\u0631 \u0648 \u0628\u0631\u0646\u0627\u0645\u0647 \u06a9\u0627\u0645\u0644 \u06af\u0634\u062a\u200c\u0648\u06af\u0630\u0627\u0631 \u062f\u0631 \u0627\u0633\u06a9\u0648\u062f\u0627\u0631 \u0622\u0634\u0646\u0627 \u0634\u0648\u06cc\u062f.","og_url":"https:\/\/aloturkey.org\/tr\/2025\/12\/23\/eskisehiri-kesfetmek-icin-eksiksiz-rehber\/","og_site_name":"ALO TURKEY","article_published_time":"2025-12-23T19:27:42+00:00","article_modified_time":"2025-12-23T19:27:43+00:00","og_image":[{"width":1200,"height":630,"url":"https:\/\/aloturkey.org\/wp-content\/uploads\/2025\/12\/Uskudar-\u2013-Calm-Side-of-Istanbul.jpg","type":"image\/jpeg"}],"author":"alo","twitter_card":"summary_large_image","twitter_misc":{"Yazan:":"alo","Tahmini okuma s\u00fcresi":"3 dakika"},"schema":{"@context":"https:\/\/schema.org","@graph":[{"@type":"Article","@id":"https:\/\/aloturkey.org\/2025\/12\/23\/%d8%b1%d8%a7%d9%87%d9%86%d9%85%d8%a7%db%8c-%da%a9%d8%a7%d9%85%d9%84-%da%af%d8%b4%d8%aa%d9%88%da%af%d8%b0%d8%a7%d8%b1-%d8%af%d8%b1-%d8%a7%d8%b3%da%a9%d9%88%d8%af%d8%a7%d8%b1\/#article","isPartOf":{"@id":"https:\/\/aloturkey.org\/2025\/12\/23\/%d8%b1%d8%a7%d9%87%d9%86%d9%85%d8%a7%db%8c-%da%a9%d8%a7%d9%85%d9%84-%da%af%d8%b4%d8%aa%d9%88%da%af%d8%b0%d8%a7%d8%b1-%d8%af%d8%b1-%d8%a7%d8%b3%da%a9%d9%88%d8%af%d8%a7%d8%b1\/"},"author":{"name":"alo","@id":"https:\/\/aloturkey.org\/#\/schema\/person\/57cbbcd68162166bf85312dc0f1cb58b"},"headline":"\u0631\u0627\u0647\u0646\u0645\u0627\u06cc \u06a9\u0627\u0645\u0644 \u06af\u0634\u062a\u200c\u0648\u06af\u0630\u0627\u0631 \u062f\u0631 \u0627\u0633\u06a9\u0648\u062f\u0627\u0631 | \u0622\u0631\u0627\u0645\u0634\u060c \u062a\u0627\u0631\u06cc\u062e \u0648 \u0628\u0633\u0641\u0631","datePublished":"2025-12-23T19:27:42+00:00","dateModified":"2025-12-23T19:27:43+00:00","mainEntityOfPage":{"@id":"https:\/\/aloturkey.org\/2025\/12\/23\/%d8%b1%d8%a7%d9%87%d9%86%d9%85%d8%a7%db%8c-%da%a9%d8%a7%d9%85%d9%84-%da%af%d8%b4%d8%aa%d9%88%da%af%d8%b0%d8%a7%d8%b1-%d8%af%d8%b1-%d8%a7%d8%b3%da%a9%d9%88%d8%af%d8%a7%d8%b1\/"},"wordCount":6,"commentCount":0,"publisher":{"@id":"https:\/\/aloturkey.org\/#organization"},"image":{"@id":"https:\/\/aloturkey.org\/2025\/12\/23\/%d8%b1%d8%a7%d9%87%d9%86%d9%85%d8%a7%db%8c-%da%a9%d8%a7%d9%85%d9%84-%da%af%d8%b4%d8%aa%d9%88%da%af%d8%b0%d8%a7%d8%b1-%d8%af%d8%b1-%d8%a7%d8%b3%da%a9%d9%88%d8%af%d8%a7%d8%b1\/#primaryimage"},"thumbnailUrl":"https:\/\/aloturkey.org\/wp-content\/uploads\/2025\/12\/Uskudar-\u2013-Calm-Side-of-Istanbul.jpg","keywords":["\u0627\u0633\u062a\u0627\u0646\u0628\u0648\u0644\u200c\u06af\u0631\u062f\u06cc","\u0627\u0633\u06a9\u0648\u062f\u0627\u0631","\u0628\u062e\u0634 \u0622\u0633\u06cc\u0627\u06cc\u06cc \u0627\u0633\u062a\u0627\u0646\u0628\u0648\u0644","\u0628\u0633\u0641\u0631","\u0645\u062d\u0644\u0647\u200c\u0647\u0627\u06cc \u062a\u0627\u0631\u06cc\u062e\u06cc \u0627\u0633\u062a\u0627\u0646\u0628\u0648\u0644"],"articleSection":["\u0631\u0627\u0647\u0646\u0645\u0627\u06cc \u0645\u0646\u0627\u0637\u0642 \u0627\u0633\u062a\u0627\u0646\u0628\u0648\u0644"],"inLanguage":"tr","potentialAction":[{"@type":"CommentAction","name":"Comment","target":["https:\/\/aloturkey.org\/2025\/12\/23\/%d8%b1%d8%a7%d9%87%d9%86%d9%85%d8%a7%db%8c-%da%a9%d8%a7%d9%85%d9%84-%da%af%d8%b4%d8%aa%d9%88%da%af%d8%b0%d8%a7%d8%b1-%d8%af%d8%b1-%d8%a7%d8%b3%da%a9%d9%88%d8%af%d8%a7%d8%b1\/#respond"]}]},{"@type":"WebPage","@id":"https:\/\/aloturkey.org\/2025\/12\/23\/%d8%b1%d8%a7%d9%87%d9%86%d9%85%d8%a7%db%8c-%da%a9%d8%a7%d9%85%d9%84-%da%af%d8%b4%d8%aa%d9%88%da%af%d8%b0%d8%a7%d8%b1-%d8%af%d8%b1-%d8%a7%d8%b3%da%a9%d9%88%d8%af%d8%a7%d8%b1\/","url":"https:\/\/aloturkey.org\/2025\/12\/23\/%d8%b1%d8%a7%d9%87%d9%86%d9%85%d8%a7%db%8c-%da%a9%d8%a7%d9%85%d9%84-%da%af%d8%b4%d8%aa%d9%88%da%af%d8%b0%d8%a7%d8%b1-%d8%af%d8%b1-%d8%a7%d8%b3%da%a9%d9%88%d8%af%d8%a7%d8%b1\/","name":"\u0130stanbul \u00dcsk\u00fcd&#039;\u00fc Ke\u015ffetmek \u0130\u00e7in Eksiksiz Rehber | Tarih, Huzur ve Bo\u011faz Manzaras\u0131","isPartOf":{"@id":"https:\/\/aloturkey.org\/#website"},"primaryImageOfPage":{"@id":"https:\/\/aloturkey.org\/2025\/12\/23\/%d8%b1%d8%a7%d9%87%d9%86%d9%85%d8%a7%db%8c-%da%a9%d8%a7%d9%85%d9%84-%da%af%d8%b4%d8%aa%d9%88%da%af%d8%b0%d8%a7%d8%b1-%d8%af%d8%b1-%d8%a7%d8%b3%da%a9%d9%88%d8%af%d8%a7%d8%b1\/#primaryimage"},"image":{"@id":"https:\/\/aloturkey.org\/2025\/12\/23\/%d8%b1%d8%a7%d9%87%d9%86%d9%85%d8%a7%db%8c-%da%a9%d8%a7%d9%85%d9%84-%da%af%d8%b4%d8%aa%d9%88%da%af%d8%b0%d8%a7%d8%b1-%d8%af%d8%b1-%d8%a7%d8%b3%da%a9%d9%88%d8%af%d8%a7%d8%b1\/#primaryimage"},"thumbnailUrl":"https:\/\/aloturkey.org\/wp-content\/uploads\/2025\/12\/Uskudar-\u2013-Calm-Side-of-Istanbul.jpg","datePublished":"2025-12-23T19:27:42+00:00","dateModified":"2025-12-23T19:27:43+00:00","description":"U\u015fkudar, \u0130stanbul&#039;un Asya yakas\u0131ndaki en huzurlu ve tarihi b\u00f6lgelerinden biridir. Bu kapsaml\u0131 rehberde U\u015fkudar&#039;\u0131n turistik yerlerini, tarihi camilerini, Bo\u011faz k\u0131y\u0131lar\u0131n\u0131 ve eksiksiz bir gezi program\u0131n\u0131 ke\u015ffedin.","breadcrumb":{"@id":"https:\/\/aloturkey.org\/2025\/12\/23\/%d8%b1%d8%a7%d9%87%d9%86%d9%85%d8%a7%db%8c-%da%a9%d8%a7%d9%85%d9%84-%da%af%d8%b4%d8%aa%d9%88%da%af%d8%b0%d8%a7%d8%b1-%d8%af%d8%b1-%d8%a7%d8%b3%da%a9%d9%88%d8%af%d8%a7%d8%b1\/#breadcrumb"},"inLanguage":"tr","potentialAction":[{"@type":"ReadAction","target":["https:\/\/aloturkey.org\/2025\/12\/23\/%d8%b1%d8%a7%d9%87%d9%86%d9%85%d8%a7%db%8c-%da%a9%d8%a7%d9%85%d9%84-%da%af%d8%b4%d8%aa%d9%88%da%af%d8%b0%d8%a7%d8%b1-%d8%af%d8%b1-%d8%a7%d8%b3%da%a9%d9%88%d8%af%d8%a7%d8%b1\/"]}]},{"@type":"ImageObject","inLanguage":"tr","@id":"https:\/\/aloturkey.org\/2025\/12\/23\/%d8%b1%d8%a7%d9%87%d9%86%d9%85%d8%a7%db%8c-%da%a9%d8%a7%d9%85%d9%84-%da%af%d8%b4%d8%aa%d9%88%da%af%d8%b0%d8%a7%d8%b1-%d8%af%d8%b1-%d8%a7%d8%b3%da%a9%d9%88%d8%af%d8%a7%d8%b1\/#primaryimage","url":"https:\/\/aloturkey.org\/wp-content\/uploads\/2025\/12\/Uskudar-\u2013-Calm-Side-of-Istanbul.jpg","contentUrl":"https:\/\/aloturkey.org\/wp-content\/uploads\/2025\/12\/Uskudar-\u2013-Calm-Side-of-Istanbul.jpg","width":1200,"height":630,"caption":"\u0645\u062d\u0644\u0647\u200c\u0647\u0627\u06cc \u062a\u0627\u0631\u06cc\u062e\u06cc \u0627\u0633\u062a\u0627\u0646\u0628\u0648\u0644"},{"@type":"BreadcrumbList","@id":"https:\/\/aloturkey.org\/2025\/12\/23\/%d8%b1%d8%a7%d9%87%d9%86%d9%85%d8%a7%db%8c-%da%a9%d8%a7%d9%85%d9%84-%da%af%d8%b4%d8%aa%d9%88%da%af%d8%b0%d8%a7%d8%b1-%d8%af%d8%b1-%d8%a7%d8%b3%da%a9%d9%88%d8%af%d8%a7%d8%b1\/#breadcrumb","itemListElement":[{"@type":"ListItem","position":1,"name":"Home","item":"https:\/\/aloturkey.org\/"},{"@type":"ListItem","position":2,"name":"\u0631\u0627\u0647\u0646\u0645\u0627\u06cc \u06a9\u0627\u0645\u0644 \u06af\u0634\u062a\u200c\u0648\u06af\u0630\u0627\u0631 \u062f\u0631 \u0627\u0633\u06a9\u0648\u062f\u0627\u0631 | \u0622\u0631\u0627\u0645\u0634\u060c \u062a\u0627\u0631\u06cc\u062e \u0648 \u0628\u0633\u0641\u0631"}]},{"@type":"WebSite","@id":"https:\/\/aloturkey.org\/#website","url":"https:\/\/aloturkey.org\/","name":"ALO T\u00dcRK\u0130YE","description":"T\u00fcrkiye&#039;de m\u00fclk sat\u0131\u015f\u0131","publisher":{"@id":"https:\/\/aloturkey.org\/#organization"},"alternateName":"\u0627\u0644\u0648 \u062a\u0631\u06a9\u06cc\u0647","potentialAction":[{"@type":"SearchAction","target":{"@type":"EntryPoint","urlTemplate":"https:\/\/aloturkey.org\/?s={search_term_string}"},"query-input":{"@type":"PropertyValueSpecification","valueRequired":true,"valueName":"search_term_string"}}],"inLanguage":"tr"},{"@type":["Organization","Place","RealEstateAgent"],"@id":"https:\/\/aloturkey.org\/#organization","name":"ALO T\u00dcRK\u0130YE","alternateName":"ALOTURKEY","url":"https:\/\/aloturkey.org\/","logo":{"@id":"https:\/\/aloturkey.org\/2025\/12\/23\/%d8%b1%d8%a7%d9%87%d9%86%d9%85%d8%a7%db%8c-%da%a9%d8%a7%d9%85%d9%84-%da%af%d8%b4%d8%aa%d9%88%da%af%d8%b0%d8%a7%d8%b1-%d8%af%d8%b1-%d8%a7%d8%b3%da%a9%d9%88%d8%af%d8%a7%d8%b1\/#local-main-organization-logo"},"image":{"@id":"https:\/\/aloturkey.org\/2025\/12\/23\/%d8%b1%d8%a7%d9%87%d9%86%d9%85%d8%a7%db%8c-%da%a9%d8%a7%d9%85%d9%84-%da%af%d8%b4%d8%aa%d9%88%da%af%d8%b0%d8%a7%d8%b1-%d8%af%d8%b1-%d8%a7%d8%b3%da%a9%d9%88%d8%af%d8%a7%d8%b1\/#local-main-organization-logo"},"description":"Aloturkey; Gayrimenkul sat\u0131n alma ve T\u00fcrk vatanda\u015fl\u0131\u011f\u0131 alma yolunda g\u00fcvenilir yol arkada\u015f\u0131n\u0131z","numberOfEmployees":{"@type":"QuantitativeValue","minValue":"1","maxValue":"10"},"publishingPrinciples":"https:\/\/aloturkey.org\/my-properties\/","ownershipFundingInfo":"https:\/\/aloturkey.org\/disclaimer\/","correctionsPolicy":"https:\/\/aloturkey.org\/disclaimer\/","ethicsPolicy":"https:\/\/aloturkey.org\/investment-guide\/","diversityPolicy":"https:\/\/aloturkey.org\/disclaimer\/","diversityStaffingReport":"https:\/\/aloturkey.org\/investment-guide\/","telephone":["05395005000"],"contactPoint":{"@type":"ContactPoint","telephone":"905395005000"},"openingHoursSpecification":[{"@type":"OpeningHoursSpecification","dayOfWeek":["Monday","Tuesday","Wednesday","Thursday","Friday"],"opens":"09:00","closes":"17:00"},{"@type":"OpeningHoursSpecification","dayOfWeek":["Saturday","Sunday"],"opens":"10:00","closes":"14:00"}],"email":"info@aloturkey.org","faxNumber":"Alo Turkey"},{"@type":"Person","@id":"https:\/\/aloturkey.org\/#\/schema\/person\/57cbbcd68162166bf85312dc0f1cb58b","name":"Merhaba","image":{"@type":"ImageObject","inLanguage":"tr","@id":"https:\/\/secure.gravatar.com\/avatar\/ca843a4690aaaa09d1a088ad0577c7395489e64dd8ef6fece1dfff346994400f?s=96&d=mm&r=g","url":"https:\/\/secure.gravatar.com\/avatar\/ca843a4690aaaa09d1a088ad0577c7395489e64dd8ef6fece1dfff346994400f?s=96&d=mm&r=g","contentUrl":"https:\/\/secure.gravatar.com\/avatar\/ca843a4690aaaa09d1a088ad0577c7395489e64dd8ef6fece1dfff346994400f?s=96&d=mm&r=g","caption":"alo"},"sameAs":["https:\/\/aloturkey.org","https:\/\/www.instagram.com\/aloturkeye"],"url":"https:\/\/aloturkey.org\/tr\/author\/adminat\/"},{"@type":"ImageObject","inLanguage":"tr","@id":"https:\/\/aloturkey.org\/2025\/12\/23\/%d8%b1%d8%a7%d9%87%d9%86%d9%85%d8%a7%db%8c-%da%a9%d8%a7%d9%85%d9%84-%da%af%d8%b4%d8%aa%d9%88%da%af%d8%b0%d8%a7%d8%b1-%d8%af%d8%b1-%d8%a7%d8%b3%da%a9%d9%88%d8%af%d8%a7%d8%b1\/#local-main-organization-logo","url":"https:\/\/aloturkey.org\/wp-content\/uploads\/wp-realestate-uploads\/user_avatar\/2025\/08\/logo-icon.png","contentUrl":"https:\/\/aloturkey.org\/wp-content\/uploads\/wp-realestate-uploads\/user_avatar\/2025\/08\/logo-icon.png","width":160,"height":160,"caption":"ALO TURKEY"}]},"geo.placename":"ISTANBUL","geo.region":"T\u00fcrkiye"},"_links":{"self":[{"href":"https:\/\/aloturkey.org\/tr\/wp-json\/wp\/v2\/posts\/6745","targetHints":{"allow":["GET"]}}],"collection":[{"href":"https:\/\/aloturkey.org\/tr\/wp-json\/wp\/v2\/posts"}],"about":[{"href":"https:\/\/aloturkey.org\/tr\/wp-json\/wp\/v2\/types\/post"}],"author":[{"embeddable":true,"href":"https:\/\/aloturkey.org\/tr\/wp-json\/wp\/v2\/users\/52"}],"replies":[{"embeddable":true,"href":"https:\/\/aloturkey.org\/tr\/wp-json\/wp\/v2\/comments?post=6745"}],"version-history":[{"count":0,"href":"https:\/\/aloturkey.org\/tr\/wp-json\/wp\/v2\/posts\/6745\/revisions"}],"wp:featuredmedia":[{"embeddable":true,"href":"https:\/\/aloturkey.org\/tr\/wp-json\/wp\/v2\/media\/6746"}],"wp:attachment":[{"href":"https:\/\/aloturkey.org\/tr\/wp-json\/wp\/v2\/media?parent=6745"}],"wp:term":[{"taxonomy":"category","embeddable":true,"href":"https:\/\/aloturkey.org\/tr\/wp-json\/wp\/v2\/categories?post=6745"},{"taxonomy":"post_tag","embeddable":true,"href":"https:\/\/aloturkey.org\/tr\/wp-json\/wp\/v2\/tags?post=6745"}],"curies":[{"name":"wp","href":"https:\/\/api.w.org\/{rel}","templated":true}]}}