{"id":6748,"date":"2025-12-23T22:36:30","date_gmt":"2025-12-23T19:36:30","guid":{"rendered":"https:\/\/aloturkey.org\/?p=6748"},"modified":"2025-12-23T22:36:31","modified_gmt":"2025-12-23T19:36:31","slug":"karakoyu-kesfetmek-icin-eksiksiz-kilavuz","status":"publish","type":"post","link":"https:\/\/aloturkey.org\/tr\/2025\/12\/23\/%d8%b1%d8%a7%d9%87%d9%86%d9%85%d8%a7%db%8c-%da%a9%d8%a7%d9%85%d9%84-%da%af%d8%b4%d8%aa%d9%88%da%af%d8%b0%d8%a7%d8%b1-%d8%af%d8%b1-%da%a9%d8%a7%d8%b1%d8%a7%da%a9%d9%88%db%8c\/","title":{"rendered":"Karak\u00f6y&#039;\u00fc Ke\u015ffetmek \u0130\u00e7in Eksiksiz Rehber | \u0130stanbul&#039;da Kafeler, Sanat ve Modern Ya\u015fam"},"content":{"rendered":"<p>Karak\u00f6y, bunun m\u00fckemmel bir \u00f6rne\u011fi. <strong>G\u00fcn\u00fcm\u00fcz \u0130stanbul&#039;u<\/strong> Buras\u0131, tarih, \u00e7a\u011fda\u015f sanat, e\u015fsiz kafeler ve modern \u015fehir hayat\u0131n\u0131n b\u00fcy\u00fcleyici bir \u015fekilde i\u00e7 i\u00e7e ge\u00e7ti\u011fi bir semt.<br>Saatlerce y\u00fcr\u00fcy\u00fc\u015f yapabilece\u011finiz, kahve i\u00e7ebilece\u011finiz, foto\u011fraf \u00e7ekebilece\u011finiz ve \u0130stanbul&#039;un yeni atmosferini hissedebilece\u011finiz bir yer ar\u0131yorsan\u0131z, Karak\u00f6y en iyi se\u00e7eneklerden biridir.<\/p>\n\n\n\n<hr class=\"wp-block-separator has-alpha-channel-opacity\"\/>\n\n\n\n<h2 class=\"wp-block-heading\" id=\"h-\u06a9\u0627\u0631\u0627\u06a9\u0648\u06cc-\u06a9\u062c\u0627\u0633\u062a-\u0648-\u0686\u0631\u0627-\u0627\u06cc\u0646-\u0642\u062f\u0631-\u0645\u062d\u0628\u0648\u0628-\u0627\u0633\u062a\">\ud83d\udccd Karak\u00f6y nerede ve neden bu kadar pop\u00fcler?<\/h2>\n\n\n\n<p>Karak\u00f6y, \u0130stanbul&#039;un Avrupa yakas\u0131nda ve Bo\u011faz&#039;\u0131n hemen yan\u0131nda yer almaktad\u0131r. <strong>Galata, Emin\u00f6n\u00fc ve Galata K\u00f6pr\u00fcs\u00fc<\/strong> Bulundu\u011fu yer.<br>Bu konum, Karak\u00f6y&#039;\u00fc en \u00f6nemli turistik, sanatsal ve kentsel ba\u011flant\u0131 noktalar\u0131ndan biri haline getirmi\u015ftir.<\/p>\n\n\n\n<p><strong>Karak\u00f6y hava durumu:<\/strong><\/p>\n\n\n\n<ul class=\"wp-block-list\">\n<li>Modern ve sanatsal<\/li>\n\n\n\n<li>Enerjik ve gen\u00e7<\/li>\n\n\n\n<li>Y\u00fcr\u00fcy\u00fc\u015f yapmak ve kafeleri ziyaret etmek i\u00e7in uygundur.<\/li>\n\n\n\n<li>Tarihi binalar\u0131 \u00e7a\u011fda\u015f tasar\u0131mla birle\u015ftirmek<\/li>\n<\/ul>\n\n\n\n<hr class=\"wp-block-separator has-alpha-channel-opacity\"\/>\n\n\n\n<h2 class=\"wp-block-heading\" id=\"h-\u0647\u0646\u0631-\u06af\u0627\u0644\u0631\u06cc-\u0647\u0627-\u0648-\u0627\u0633\u062a\u0631\u06cc\u062a-\u0622\u0631\u062a\">\ud83c\udfa8 Sanat, Galeriler ve Sokak Sanat\u0131<\/h2>\n\n\n\n<p>Karak\u00f6y&#039;\u00fcn en \u00f6nemli \u00f6zelliklerinden biri \u015fudur: <strong>\u00c7a\u011fda\u015f sanat\u0131n g\u00fc\u00e7l\u00fc varl\u0131\u011f\u0131<\/strong> \u00d6yledir.<br>Bu mahallenin sokaklar\u0131nda \u015funlar\u0131 yapabilirsiniz:<\/p>\n\n\n\n<ul class=\"wp-block-list\">\n<li>K\u00fc\u00e7\u00fck sanat galerileri<\/li>\n\n\n\n<li>Tasar\u0131m ve el sanatlar\u0131 ma\u011fazalar\u0131<\/li>\n\n\n\n<li>Sokak Sanat\u0131<\/li>\n<\/ul>\n\n\n\n<p>B\u00f6lgeyi nas\u0131l canl\u0131 ve yarat\u0131c\u0131 hale getirdiklerine bak\u0131n.<\/p>\n\n\n\n<p>\ud83d\udccc Galeri merakl\u0131s\u0131 olmasan\u0131z bile, Karak\u00f6y sokaklar\u0131nda y\u00fcr\u00fcmek ba\u015fl\u0131 ba\u015f\u0131na sanatsal bir deneyimdir.<\/p>\n\n\n\n<hr class=\"wp-block-separator has-alpha-channel-opacity\"\/>\n\n\n\n<h2 class=\"wp-block-heading\" id=\"h-\u06a9\u0627\u0641\u0647-\u06af\u0631\u062f\u06cc-\u062f\u0631-\u06a9\u0627\u0631\u0627\u06a9\u0648\u06cc-\u0628\u0647\u0634\u062a-\u0642\u0647\u0648\u0647-\u062f\u0648\u0633\u062a\u0627\u0646\">\u2615 Karak\u00f6y&#039;de kafe turu (kahve severlerin cenneti)<\/h2>\n\n\n\n<p>Karak\u00f6y, \u0130stanbul&#039;da kafe gezintisi i\u00e7in hakl\u0131 olarak en iyi b\u00f6lgelerden biri.<\/p>\n\n\n\n<p><strong>Karak\u00f6y kafelerinin \u00f6zellikleri:<\/strong><\/p>\n\n\n\n<ul class=\"wp-block-list\">\n<li>Minimalist ve \u00f6zel tasar\u0131m<\/li>\n\n\n\n<li>\u00d6zel kahveler<\/li>\n\n\n\n<li>\u00c7e\u015fitli tatl\u0131lar ve kahvalt\u0131l\u0131klar<\/li>\n<\/ul>\n\n\n\n<p>Kafeler genellikle sabah erken saatlerden gece ge\u00e7 saatlere kadar a\u00e7\u0131kt\u0131r ve diz\u00fcst\u00fc bilgisayarda \u00e7al\u0131\u015fmak, arkada\u015flarla bulu\u015fmak veya y\u00fcr\u00fcy\u00fc\u015ften sonra dinlenmek i\u00e7in harika yerlerdir.<\/p>\n\n\n\n<hr class=\"wp-block-separator has-alpha-channel-opacity\"\/>\n\n\n\n<h2 class=\"wp-block-heading\" id=\"h-\u062c\u0627\u0647\u0627\u06cc-\u062f\u06cc\u062f\u0646\u06cc-\u0627\u0637\u0631\u0627\u0641-\u06a9\u0627\u0631\u0627\u06a9\u0648\u06cc\">\ud83c\udfdb\ufe0f Karak\u00f6y \u00e7evresinde gezilecek yerler<\/h2>\n\n\n\n<h3 class=\"wp-block-heading\" id=\"h-1-\u067e\u0644-\u06af\u0627\u0644\u0627\u062a\u0627\">1\ufe0f\u20e3 Galata K\u00f6pr\u00fcs\u00fc<\/h3>\n\n\n\n<p>\u0130stanbul&#039;un sembollerinden biri olan bu yap\u0131, Karak\u00f6y&#039;\u00fcn hemen yan\u0131nda yer almaktad\u0131r.<br>K\u00f6pr\u00fcn\u00fcn alt\u0131ndan bal\u0131k\u00e7\u0131lar\u0131n ve gemilerin ge\u00e7i\u015fini izlemek, \u0130stanbul&#039;a \u00f6zg\u00fc olmazsa olmaz deneyimlerden biridir.<\/p>\n\n\n\n<hr class=\"wp-block-separator has-alpha-channel-opacity\"\/>\n\n\n\n<h3 class=\"wp-block-heading\" id=\"h-2-\u0628\u0631\u062c-\u06af\u0627\u0644\u0627\u062a\u0627-\u062f\u0631-\u0646\u0632\u062f\u06cc\u06a9\u06cc-\u06a9\u0627\u0631\u0627\u06a9\u0648\u06cc\">2\ufe0f\u20e3 Galata Kulesi (Karak\u00f6y yak\u0131n\u0131nda)<\/h3>\n\n\n\n<p>Galata Kulesi&#039;ne birka\u00e7 dakikal\u0131k y\u00fcr\u00fcy\u00fc\u015fle ula\u015fabilir ve \u015fehrin 360 derecelik manzaras\u0131n\u0131 seyredebilirsiniz.<\/p>\n\n\n\n<hr class=\"wp-block-separator has-alpha-channel-opacity\"\/>\n\n\n\n<h3 class=\"wp-block-heading\" id=\"h-3-\u0645\u0633\u06cc\u0631-\u067e\u06cc\u0627\u062f\u0647-\u0631\u0648\u06cc-\u0628\u0633\u0641\u0631\">3\ufe0f\u20e3 Bo\u011faz Y\u00fcr\u00fcy\u00fc\u015f Yolu<\/h3>\n\n\n\n<p>Karak\u00f6y, Emin\u00f6n\u00fc veya Top\u00e7u Tepesi&#039;ne do\u011fru su kenar\u0131nda y\u00fcr\u00fcy\u00fc\u015f yapmak i\u00e7in harika bir ba\u015flang\u0131\u00e7 noktas\u0131d\u0131r.<\/p>\n\n\n\n<hr class=\"wp-block-separator has-alpha-channel-opacity\"\/>\n\n\n\n<h2 class=\"wp-block-heading\" id=\"h-\u062e\u0631\u06cc\u062f-\u062f\u0631-\u06a9\u0627\u0631\u0627\u06a9\u0648\u06cc\">\ud83d\udecd\ufe0f Karak\u00f6y&#039;de Al\u0131\u015fveri\u015f<\/h2>\n\n\n\n<p>Karak\u00f6y&#039;de b\u00fcy\u00fck al\u0131\u015fveri\u015f merkezleri yok, ancak:<\/p>\n\n\n\n<ul class=\"wp-block-list\">\n<li>\u00d6zel butikler<\/li>\n\n\n\n<li>Tasar\u0131m ma\u011fazalar\u0131<\/li>\n\n\n\n<li>Modern el sanatlar\u0131<\/li>\n<\/ul>\n\n\n\n<p>\u00d6zel ve benzersiz al\u0131\u015fveri\u015fler i\u00e7in harika se\u00e7eneklerdir.<\/p>\n\n\n\n<hr class=\"wp-block-separator has-alpha-channel-opacity\"\/>\n\n\n\n<h2 class=\"wp-block-heading\" id=\"h-\u0628\u0631\u0646\u0627\u0645\u0647-\u067e\u06cc\u0634\u0646\u0647\u0627\u062f\u06cc-\u06af\u0634\u062a-\u0648\u06af\u0630\u0627\u0631-\u062f\u0631-\u06a9\u0627\u0631\u0627\u06a9\u0648\u06cc-\u0646\u06cc\u0645-\u0631\u0648\u0632-\u062a\u0627-\u06cc\u06a9-\u0631\u0648\u0632\">\ud83d\udeb6 Karak\u00f6y&#039;de \u00f6nerilen gezi program\u0131 (yar\u0131m g\u00fcn ila bir g\u00fcn)<\/h2>\n\n\n\n<p><strong>Sabah:<\/strong><\/p>\n\n\n\n<ul class=\"wp-block-list\">\n<li>\u00dcnl\u00fc kafelerden birinde kahvalt\u0131 veya kahve.<\/li>\n<\/ul>\n\n\n\n<p><strong>\u00d6\u011fle vakti:<\/strong><\/p>\n\n\n\n<ul class=\"wp-block-list\">\n<li>Sokaklarda y\u00fcr\u00fcmek ve galerileri ziyaret etmek<\/li>\n\n\n\n<li>Sokak sanat\u0131 foto\u011fraf\u00e7\u0131l\u0131\u011f\u0131<\/li>\n<\/ul>\n\n\n\n<p><strong>Ak\u015fam:<\/strong><\/p>\n\n\n\n<ul class=\"wp-block-list\">\n<li>Galata K\u00f6pr\u00fcs\u00fc&#039;nde y\u00fcr\u00fcy\u00fc\u015f<\/li>\n\n\n\n<li>Bo\u011faz\u0131 izlemek<\/li>\n<\/ul>\n\n\n\n<p><strong>Gece:<\/strong><\/p>\n\n\n\n<ul class=\"wp-block-list\">\n<li>Kafelerde hafif ak\u015fam yeme\u011fi veya tatl\u0131<\/li>\n\n\n\n<li>\u015eehir \u0131\u015f\u0131klar\u0131 alt\u0131nda gece y\u00fcr\u00fcy\u00fc\u015f\u00fc<\/li>\n<\/ul>\n\n\n\n<hr class=\"wp-block-separator has-alpha-channel-opacity\"\/>\n\n\n\n<h2 class=\"wp-block-heading\" id=\"h-\u06a9\u0627\u0631\u0627\u06a9\u0648\u06cc-\u0645\u0646\u0627\u0633\u0628-\u0686\u0647-\u06a9\u0633\u0627\u0646\u06cc-\u0627\u0633\u062a\">\ud83d\udc68\u200d\ud83d\udc69\u200d\ud83d\udc67 Karako kimler i\u00e7in uygundur?<\/h2>\n\n\n\n<p>\u2714\ufe0f Kafe m\u00fcdavimleri<br>\u2714\ufe0f Sanat ve foto\u011fraf merakl\u0131lar\u0131<br>\u2714\ufe0f Gen\u00e7ler ve \u00e7iftler<br>\u2714\ufe0f Modern \u0130stanbul&#039;u sevenler<\/p>\n\n\n\n<hr class=\"wp-block-separator has-alpha-channel-opacity\"\/>\n\n\n\n<h2 class=\"wp-block-heading\" id=\"h-\u0686\u0642\u062f\u0631-\u0632\u0645\u0627\u0646-\u0628\u0631\u0627\u06cc-\u06a9\u0627\u0631\u0627\u06a9\u0648\u06cc-\u0644\u0627\u0632\u0645-\u0627\u0633\u062a\">\u23f1\ufe0f Karak\u00f6y&#039;e ula\u015fmak ne kadar zaman al\u0131r?<\/h2>\n\n\n\n<ul class=\"wp-block-list\">\n<li>Minimum: <strong>3 ila 4 saat<\/strong><\/li>\n\n\n\n<li>\u0130deal: <strong>Tam yar\u0131m g\u00fcn<\/strong><\/li>\n\n\n\n<li>Kafe m\u00fcdavimleri i\u00e7in: <strong>Hatta koca bir g\u00fcn<\/strong><\/li>\n<\/ul>\n\n\n\n<hr class=\"wp-block-separator has-alpha-channel-opacity\"\/>\n\n\n\n<h2 class=\"wp-block-heading\" id=\"h-\u062c\u0645\u0639-\u0628\u0646\u062f\u06cc\">\u2705 Sonu\u00e7<\/h2>\n\n\n\n<p>Karak\u00f6y size \u0130stanbul&#039;un modern, sanatsal ve \u00e7a\u011fda\u015f y\u00fcz\u00fcn\u00fc g\u00f6steriyor.<br>E\u011fer turistlerin alg\u0131lad\u0131\u011f\u0131 kli\u015felerin d\u0131\u015f\u0131nda bir \u0130stanbul deneyimi ya\u015famak istiyorsan\u0131z, Karak\u00f6y&#039;\u00fc ka\u00e7\u0131rmay\u0131n.<\/p>","protected":false},"excerpt":{"rendered":"<p>\u06a9\u0627\u0631\u0627\u06a9\u0648\u06cc \u0646\u0645\u0648\u0646\u0647\u200c\u06cc \u06a9\u0627\u0645\u0644 \u0627\u0633\u062a\u0627\u0646\u0628\u0648\u0644 \u0645\u062f\u0631\u0646\u0650 \u0627\u0645\u0631\u0648\u0632\u06cc \u0627\u0633\u062a\u061b \u0645\u062d\u0644\u0647\u200c\u0627\u06cc \u06a9\u0647 \u062f\u0631 \u0622\u0646 \u062a\u0627\u0631\u06cc\u062e\u060c \u0647\u0646\u0631 \u0645\u0639\u0627\u0635\u0631\u060c \u06a9\u0627\u0641\u0647\u200c\u0647\u0627\u06cc \u062e\u0627\u0635 \u0648 \u0632\u0646\u062f\u06af\u06cc \u0634\u0647\u0631\u06cc \u0645\u062f\u0631\u0646 \u0628\u0647\u200c\u0634\u06a9\u0644\u06cc \u062c\u0630\u0627\u0628 \u062f\u0631 \u0647\u0645 \u0622\u0645\u06cc\u062e\u062a\u0647\u200c\u0627\u0646\u062f.\u0627\u06af\u0631 \u0628\u0647 \u062f\u0646\u0628\u0627\u0644 \u062c\u0627\u06cc\u06cc \u0647\u0633\u062a\u06cc\u062f \u06a9\u0647 \u0628\u062a\u0648\u0627\u0646\u06cc\u062f \u0633\u0627\u0639\u062a\u200c\u0647\u0627 \u0642\u062f\u0645 \u0628\u0632\u0646\u06cc\u062f\u060c \u0642\u0647\u0648\u0647 \u0628\u0646\u0648\u0634\u06cc\u062f\u060c \u0639\u06a9\u0633 \u0628\u06af\u06cc\u0631\u06cc\u062f \u0648 \u062d\u0627\u0644\u200c\u0648\u0647\u0648\u0627\u06cc \u062c\u062f\u06cc\u062f \u0627\u0633\u062a\u0627\u0646\u0628\u0648\u0644 \u0631\u0627 \u062d\u0633 \u06a9\u0646\u06cc\u062f\u060c \u06a9\u0627\u0631\u0627\u06a9\u0648\u06cc \u06cc\u06a9\u06cc \u0627\u0632 \u0628\u0647\u062a\u0631\u06cc\u0646 \u0627\u0646\u062a\u062e\u0627\u0628\u200c\u0647\u0627\u0633\u062a. \ud83d\udccd \u06a9\u0627\u0631\u0627\u06a9\u0648\u06cc \u06a9\u062c\u0627\u0633\u062a \u0648 \u0686\u0631\u0627 [&hellip;]<\/p>\n","protected":false},"author":52,"featured_media":6749,"comment_status":"open","ping_status":"open","sticky":false,"template":"","format":"standard","meta":{"googlesitekit_rrm_CAow34nBDA:productID":"","footnotes":""},"categories":[19],"tags":[379,387,389,390,391],"class_list":["post-6748","post","type-post","status-publish","format-standard","has-post-thumbnail","hentry","category-istanbul-neighborhoods-guide","tag-379","tag-387","tag-389","tag-390","tag-391"],"yoast_head":"<!-- This site is optimized with the Yoast SEO Premium plugin v26.9 (Yoast SEO v27.4) - https:\/\/yoast.com\/product\/yoast-seo-premium-wordpress\/ -->\n<title>\u0631\u0627\u0647\u0646\u0645\u0627\u06cc \u06a9\u0627\u0645\u0644 \u06af\u0634\u062a\u200c\u0648\u06af\u0630\u0627\u0631 \u062f\u0631 \u06a9\u0627\u0631\u0627\u06a9\u0648\u06cc \u0627\u0633\u062a\u0627\u0646\u0628\u0648\u0644 | \u06a9\u0627\u0641\u0647\u200c\u0647\u0627\u060c \u0647\u0646\u0631 \u0648 \u0628\u0633\u0641\u0631<\/title>\n<meta name=\"description\" content=\"\u06a9\u0627\u0631\u0627\u06a9\u0648\u06cc \u06cc\u06a9\u06cc \u0627\u0632 \u0645\u062f\u0631\u0646\u200c\u062a\u0631\u06cc\u0646 \u0648 \u067e\u0631\u0637\u0631\u0641\u062f\u0627\u0631\u062a\u0631\u06cc\u0646 \u0645\u062d\u0644\u0647\u200c\u0647\u0627\u06cc \u0627\u0633\u062a\u0627\u0646\u0628\u0648\u0644 \u0627\u0633\u062a. \u062f\u0631 \u0627\u06cc\u0646 \u0631\u0627\u0647\u0646\u0645\u0627\u06cc \u062c\u0627\u0645\u0639 \u0628\u0627 \u06a9\u0627\u0641\u0647\u200c\u0647\u0627\u060c \u06af\u0627\u0644\u0631\u06cc\u200c\u0647\u0627\u060c \u062c\u0627\u0647\u0627\u06cc \u062f\u06cc\u062f\u0646\u06cc \u0648 \u0628\u0631\u0646\u0627\u0645\u0647 \u06a9\u0627\u0645\u0644 \u06af\u0634\u062a\u200c\u0648\u06af\u0630\u0627\u0631 \u062f\u0631 \u06a9\u0627\u0631\u0627\u06a9\u0648\u06cc \u0622\u0634\u0646\u0627 \u0634\u0648\u06cc\u062f.\" \/>\n<meta name=\"robots\" content=\"index, follow, max-snippet:-1, max-image-preview:large, max-video-preview:-1\" \/>\n<link rel=\"canonical\" href=\"https:\/\/aloturkey.org\/tr\/2025\/12\/23\/karakoyu-kesfetmek-icin-eksiksiz-kilavuz\/\" \/>\n<meta property=\"og:locale\" content=\"tr_TR\" \/>\n<meta property=\"og:type\" content=\"article\" \/>\n<meta property=\"og:title\" content=\"\u0631\u0627\u0647\u0646\u0645\u0627\u06cc \u06a9\u0627\u0645\u0644 \u06af\u0634\u062a\u200c\u0648\u06af\u0630\u0627\u0631 \u062f\u0631 \u06a9\u0627\u0631\u0627\u06a9\u0648\u06cc | \u06a9\u0627\u0641\u0647\u200c\u0647\u0627\u060c \u0647\u0646\u0631 \u0648 \u0632\u0646\u062f\u06af\u06cc \u0645\u062f\u0631\u0646 \u0627\u0633\u062a\u0627\u0646\u0628\u0648\u0644\" \/>\n<meta property=\"og:description\" content=\"\u06a9\u0627\u0631\u0627\u06a9\u0648\u06cc \u06cc\u06a9\u06cc \u0627\u0632 \u0645\u062f\u0631\u0646\u200c\u062a\u0631\u06cc\u0646 \u0648 \u067e\u0631\u0637\u0631\u0641\u062f\u0627\u0631\u062a\u0631\u06cc\u0646 \u0645\u062d\u0644\u0647\u200c\u0647\u0627\u06cc \u0627\u0633\u062a\u0627\u0646\u0628\u0648\u0644 \u0627\u0633\u062a. \u062f\u0631 \u0627\u06cc\u0646 \u0631\u0627\u0647\u0646\u0645\u0627\u06cc \u062c\u0627\u0645\u0639 \u0628\u0627 \u06a9\u0627\u0641\u0647\u200c\u0647\u0627\u060c \u06af\u0627\u0644\u0631\u06cc\u200c\u0647\u0627\u060c \u062c\u0627\u0647\u0627\u06cc \u062f\u06cc\u062f\u0646\u06cc \u0648 \u0628\u0631\u0646\u0627\u0645\u0647 \u06a9\u0627\u0645\u0644 \u06af\u0634\u062a\u200c\u0648\u06af\u0630\u0627\u0631 \u062f\u0631 \u06a9\u0627\u0631\u0627\u06a9\u0648\u06cc \u0622\u0634\u0646\u0627 \u0634\u0648\u06cc\u062f.\" \/>\n<meta property=\"og:url\" content=\"https:\/\/aloturkey.org\/tr\/2025\/12\/23\/karakoyu-kesfetmek-icin-eksiksiz-kilavuz\/\" \/>\n<meta property=\"og:site_name\" content=\"ALO TURKEY\" \/>\n<meta property=\"article:published_time\" content=\"2025-12-23T19:36:30+00:00\" \/>\n<meta property=\"article:modified_time\" content=\"2025-12-23T19:36:31+00:00\" \/>\n<meta property=\"og:image\" content=\"https:\/\/aloturkey.org\/wp-content\/uploads\/2025\/12\/Karakoy-\u2013-Modern-Istanbul-Vibes.jpg\" \/>\n\t<meta property=\"og:image:width\" content=\"1200\" \/>\n\t<meta property=\"og:image:height\" content=\"630\" \/>\n\t<meta property=\"og:image:type\" content=\"image\/jpeg\" \/>\n<meta name=\"author\" content=\"alo\" \/>\n<meta name=\"twitter:card\" content=\"summary_large_image\" \/>\n<meta name=\"twitter:label1\" content=\"Yazan:\" \/>\n\t<meta name=\"twitter:data1\" content=\"alo\" \/>\n\t<meta name=\"twitter:label2\" content=\"Tahmini okuma s\u00fcresi\" \/>\n\t<meta name=\"twitter:data2\" content=\"3 dakika\" \/>\n<script type=\"application\/ld+json\" class=\"yoast-schema-graph\">{\"@context\":\"https:\\\/\\\/schema.org\",\"@graph\":[{\"@type\":\"Article\",\"@id\":\"https:\\\/\\\/aloturkey.org\\\/2025\\\/12\\\/23\\\/%d8%b1%d8%a7%d9%87%d9%86%d9%85%d8%a7%db%8c-%da%a9%d8%a7%d9%85%d9%84-%da%af%d8%b4%d8%aa%d9%88%da%af%d8%b0%d8%a7%d8%b1-%d8%af%d8%b1-%da%a9%d8%a7%d8%b1%d8%a7%da%a9%d9%88%db%8c\\\/#article\",\"isPartOf\":{\"@id\":\"https:\\\/\\\/aloturkey.org\\\/2025\\\/12\\\/23\\\/%d8%b1%d8%a7%d9%87%d9%86%d9%85%d8%a7%db%8c-%da%a9%d8%a7%d9%85%d9%84-%da%af%d8%b4%d8%aa%d9%88%da%af%d8%b0%d8%a7%d8%b1-%d8%af%d8%b1-%da%a9%d8%a7%d8%b1%d8%a7%da%a9%d9%88%db%8c\\\/\"},\"author\":{\"name\":\"alo\",\"@id\":\"https:\\\/\\\/aloturkey.org\\\/#\\\/schema\\\/person\\\/57cbbcd68162166bf85312dc0f1cb58b\"},\"headline\":\"\u0631\u0627\u0647\u0646\u0645\u0627\u06cc \u06a9\u0627\u0645\u0644 \u06af\u0634\u062a\u200c\u0648\u06af\u0630\u0627\u0631 \u062f\u0631 \u06a9\u0627\u0631\u0627\u06a9\u0648\u06cc | \u06a9\u0627\u0641\u0647\u200c\u0647\u0627\u060c \u0647\u0646\u0631 \u0648 \u0632\u0646\u062f\u06af\u06cc \u0645\u062f\u0631\u0646 \u0627\u0633\u062a\u0627\u0646\u0628\u0648\u0644\",\"datePublished\":\"2025-12-23T19:36:30+00:00\",\"dateModified\":\"2025-12-23T19:36:31+00:00\",\"mainEntityOfPage\":{\"@id\":\"https:\\\/\\\/aloturkey.org\\\/2025\\\/12\\\/23\\\/%d8%b1%d8%a7%d9%87%d9%86%d9%85%d8%a7%db%8c-%da%a9%d8%a7%d9%85%d9%84-%da%af%d8%b4%d8%aa%d9%88%da%af%d8%b0%d8%a7%d8%b1-%d8%af%d8%b1-%da%a9%d8%a7%d8%b1%d8%a7%da%a9%d9%88%db%8c\\\/\"},\"wordCount\":2,\"commentCount\":0,\"publisher\":{\"@id\":\"https:\\\/\\\/aloturkey.org\\\/#organization\"},\"image\":{\"@id\":\"https:\\\/\\\/aloturkey.org\\\/2025\\\/12\\\/23\\\/%d8%b1%d8%a7%d9%87%d9%86%d9%85%d8%a7%db%8c-%da%a9%d8%a7%d9%85%d9%84-%da%af%d8%b4%d8%aa%d9%88%da%af%d8%b0%d8%a7%d8%b1-%d8%af%d8%b1-%da%a9%d8%a7%d8%b1%d8%a7%da%a9%d9%88%db%8c\\\/#primaryimage\"},\"thumbnailUrl\":\"https:\\\/\\\/aloturkey.org\\\/wp-content\\\/uploads\\\/2025\\\/12\\\/Karakoy-\u2013-Modern-Istanbul-Vibes.jpg\",\"keywords\":[\"\u0627\u0633\u062a\u0627\u0646\u0628\u0648\u0644\u200c\u06af\u0631\u062f\u06cc\",\"\u0628\u0633\u0641\u0631\",\"\u06a9\u0627\u0631\u0627\u06a9\u0648\u06cc\",\"\u06a9\u0627\u0641\u0647\u200c\u06af\u0631\u062f\u06cc \u0627\u0633\u062a\u0627\u0646\u0628\u0648\u0644\",\"\u0645\u062d\u0644\u0647\u200c\u0647\u0627\u06cc \u0645\u062f\u0631\u0646 \u0627\u0633\u062a\u0627\u0646\u0628\u0648\u0644\"],\"articleSection\":[\"\u0631\u0627\u0647\u0646\u0645\u0627\u06cc \u0645\u0646\u0627\u0637\u0642 \u0627\u0633\u062a\u0627\u0646\u0628\u0648\u0644\"],\"inLanguage\":\"tr\",\"potentialAction\":[{\"@type\":\"CommentAction\",\"name\":\"Comment\",\"target\":[\"https:\\\/\\\/aloturkey.org\\\/2025\\\/12\\\/23\\\/%d8%b1%d8%a7%d9%87%d9%86%d9%85%d8%a7%db%8c-%da%a9%d8%a7%d9%85%d9%84-%da%af%d8%b4%d8%aa%d9%88%da%af%d8%b0%d8%a7%d8%b1-%d8%af%d8%b1-%da%a9%d8%a7%d8%b1%d8%a7%da%a9%d9%88%db%8c\\\/#respond\"]}]},{\"@type\":\"WebPage\",\"@id\":\"https:\\\/\\\/aloturkey.org\\\/2025\\\/12\\\/23\\\/%d8%b1%d8%a7%d9%87%d9%86%d9%85%d8%a7%db%8c-%da%a9%d8%a7%d9%85%d9%84-%da%af%d8%b4%d8%aa%d9%88%da%af%d8%b0%d8%a7%d8%b1-%d8%af%d8%b1-%da%a9%d8%a7%d8%b1%d8%a7%da%a9%d9%88%db%8c\\\/\",\"url\":\"https:\\\/\\\/aloturkey.org\\\/2025\\\/12\\\/23\\\/%d8%b1%d8%a7%d9%87%d9%86%d9%85%d8%a7%db%8c-%da%a9%d8%a7%d9%85%d9%84-%da%af%d8%b4%d8%aa%d9%88%da%af%d8%b0%d8%a7%d8%b1-%d8%af%d8%b1-%da%a9%d8%a7%d8%b1%d8%a7%da%a9%d9%88%db%8c\\\/\",\"name\":\"\u0631\u0627\u0647\u0646\u0645\u0627\u06cc \u06a9\u0627\u0645\u0644 \u06af\u0634\u062a\u200c\u0648\u06af\u0630\u0627\u0631 \u062f\u0631 \u06a9\u0627\u0631\u0627\u06a9\u0648\u06cc \u0627\u0633\u062a\u0627\u0646\u0628\u0648\u0644 | \u06a9\u0627\u0641\u0647\u200c\u0647\u0627\u060c \u0647\u0646\u0631 \u0648 \u0628\u0633\u0641\u0631\",\"isPartOf\":{\"@id\":\"https:\\\/\\\/aloturkey.org\\\/#website\"},\"primaryImageOfPage\":{\"@id\":\"https:\\\/\\\/aloturkey.org\\\/2025\\\/12\\\/23\\\/%d8%b1%d8%a7%d9%87%d9%86%d9%85%d8%a7%db%8c-%da%a9%d8%a7%d9%85%d9%84-%da%af%d8%b4%d8%aa%d9%88%da%af%d8%b0%d8%a7%d8%b1-%d8%af%d8%b1-%da%a9%d8%a7%d8%b1%d8%a7%da%a9%d9%88%db%8c\\\/#primaryimage\"},\"image\":{\"@id\":\"https:\\\/\\\/aloturkey.org\\\/2025\\\/12\\\/23\\\/%d8%b1%d8%a7%d9%87%d9%86%d9%85%d8%a7%db%8c-%da%a9%d8%a7%d9%85%d9%84-%da%af%d8%b4%d8%aa%d9%88%da%af%d8%b0%d8%a7%d8%b1-%d8%af%d8%b1-%da%a9%d8%a7%d8%b1%d8%a7%da%a9%d9%88%db%8c\\\/#primaryimage\"},\"thumbnailUrl\":\"https:\\\/\\\/aloturkey.org\\\/wp-content\\\/uploads\\\/2025\\\/12\\\/Karakoy-\u2013-Modern-Istanbul-Vibes.jpg\",\"datePublished\":\"2025-12-23T19:36:30+00:00\",\"dateModified\":\"2025-12-23T19:36:31+00:00\",\"description\":\"\u06a9\u0627\u0631\u0627\u06a9\u0648\u06cc \u06cc\u06a9\u06cc \u0627\u0632 \u0645\u062f\u0631\u0646\u200c\u062a\u0631\u06cc\u0646 \u0648 \u067e\u0631\u0637\u0631\u0641\u062f\u0627\u0631\u062a\u0631\u06cc\u0646 \u0645\u062d\u0644\u0647\u200c\u0647\u0627\u06cc \u0627\u0633\u062a\u0627\u0646\u0628\u0648\u0644 \u0627\u0633\u062a. \u062f\u0631 \u0627\u06cc\u0646 \u0631\u0627\u0647\u0646\u0645\u0627\u06cc \u062c\u0627\u0645\u0639 \u0628\u0627 \u06a9\u0627\u0641\u0647\u200c\u0647\u0627\u060c \u06af\u0627\u0644\u0631\u06cc\u200c\u0647\u0627\u060c \u062c\u0627\u0647\u0627\u06cc \u062f\u06cc\u062f\u0646\u06cc \u0648 \u0628\u0631\u0646\u0627\u0645\u0647 \u06a9\u0627\u0645\u0644 \u06af\u0634\u062a\u200c\u0648\u06af\u0630\u0627\u0631 \u062f\u0631 \u06a9\u0627\u0631\u0627\u06a9\u0648\u06cc \u0622\u0634\u0646\u0627 \u0634\u0648\u06cc\u062f.\",\"breadcrumb\":{\"@id\":\"https:\\\/\\\/aloturkey.org\\\/2025\\\/12\\\/23\\\/%d8%b1%d8%a7%d9%87%d9%86%d9%85%d8%a7%db%8c-%da%a9%d8%a7%d9%85%d9%84-%da%af%d8%b4%d8%aa%d9%88%da%af%d8%b0%d8%a7%d8%b1-%d8%af%d8%b1-%da%a9%d8%a7%d8%b1%d8%a7%da%a9%d9%88%db%8c\\\/#breadcrumb\"},\"inLanguage\":\"tr\",\"potentialAction\":[{\"@type\":\"ReadAction\",\"target\":[\"https:\\\/\\\/aloturkey.org\\\/2025\\\/12\\\/23\\\/%d8%b1%d8%a7%d9%87%d9%86%d9%85%d8%a7%db%8c-%da%a9%d8%a7%d9%85%d9%84-%da%af%d8%b4%d8%aa%d9%88%da%af%d8%b0%d8%a7%d8%b1-%d8%af%d8%b1-%da%a9%d8%a7%d8%b1%d8%a7%da%a9%d9%88%db%8c\\\/\"]}]},{\"@type\":\"ImageObject\",\"inLanguage\":\"tr\",\"@id\":\"https:\\\/\\\/aloturkey.org\\\/2025\\\/12\\\/23\\\/%d8%b1%d8%a7%d9%87%d9%86%d9%85%d8%a7%db%8c-%da%a9%d8%a7%d9%85%d9%84-%da%af%d8%b4%d8%aa%d9%88%da%af%d8%b0%d8%a7%d8%b1-%d8%af%d8%b1-%da%a9%d8%a7%d8%b1%d8%a7%da%a9%d9%88%db%8c\\\/#primaryimage\",\"url\":\"https:\\\/\\\/aloturkey.org\\\/wp-content\\\/uploads\\\/2025\\\/12\\\/Karakoy-\u2013-Modern-Istanbul-Vibes.jpg\",\"contentUrl\":\"https:\\\/\\\/aloturkey.org\\\/wp-content\\\/uploads\\\/2025\\\/12\\\/Karakoy-\u2013-Modern-Istanbul-Vibes.jpg\",\"width\":1200,\"height\":630,\"caption\":\"\u062c\u0627\u0647\u0627\u06cc \u062f\u06cc\u062f\u0646\u06cc \u06a9\u0627\u0631\u0627\u06a9\u0648\u06cc\"},{\"@type\":\"BreadcrumbList\",\"@id\":\"https:\\\/\\\/aloturkey.org\\\/2025\\\/12\\\/23\\\/%d8%b1%d8%a7%d9%87%d9%86%d9%85%d8%a7%db%8c-%da%a9%d8%a7%d9%85%d9%84-%da%af%d8%b4%d8%aa%d9%88%da%af%d8%b0%d8%a7%d8%b1-%d8%af%d8%b1-%da%a9%d8%a7%d8%b1%d8%a7%da%a9%d9%88%db%8c\\\/#breadcrumb\",\"itemListElement\":[{\"@type\":\"ListItem\",\"position\":1,\"name\":\"Home\",\"item\":\"https:\\\/\\\/aloturkey.org\\\/\"},{\"@type\":\"ListItem\",\"position\":2,\"name\":\"\u0631\u0627\u0647\u0646\u0645\u0627\u06cc \u06a9\u0627\u0645\u0644 \u06af\u0634\u062a\u200c\u0648\u06af\u0630\u0627\u0631 \u062f\u0631 \u06a9\u0627\u0631\u0627\u06a9\u0648\u06cc | \u06a9\u0627\u0641\u0647\u200c\u0647\u0627\u060c \u0647\u0646\u0631 \u0648 \u0632\u0646\u062f\u06af\u06cc \u0645\u062f\u0631\u0646 \u0627\u0633\u062a\u0627\u0646\u0628\u0648\u0644\"}]},{\"@type\":\"WebSite\",\"@id\":\"https:\\\/\\\/aloturkey.org\\\/#website\",\"url\":\"https:\\\/\\\/aloturkey.org\\\/\",\"name\":\"ALO TURKEY\",\"description\":\"\u0641\u0631\u0648\u0634 \u0645\u0644\u06a9 \u062f\u0631 \u062a\u0631\u06a9\u06cc\u0647\",\"publisher\":{\"@id\":\"https:\\\/\\\/aloturkey.org\\\/#organization\"},\"alternateName\":\"\u0627\u0644\u0648 \u062a\u0631\u06a9\u06cc\u0647\",\"potentialAction\":[{\"@type\":\"SearchAction\",\"target\":{\"@type\":\"EntryPoint\",\"urlTemplate\":\"https:\\\/\\\/aloturkey.org\\\/?s={search_term_string}\"},\"query-input\":{\"@type\":\"PropertyValueSpecification\",\"valueRequired\":true,\"valueName\":\"search_term_string\"}}],\"inLanguage\":\"tr\"},{\"@type\":[\"Organization\",\"Place\",\"RealEstateAgent\"],\"@id\":\"https:\\\/\\\/aloturkey.org\\\/#organization\",\"name\":\"ALO TURKEY\",\"alternateName\":\"ALOTURKEY\",\"url\":\"https:\\\/\\\/aloturkey.org\\\/\",\"logo\":{\"@id\":\"https:\\\/\\\/aloturkey.org\\\/2025\\\/12\\\/23\\\/%d8%b1%d8%a7%d9%87%d9%86%d9%85%d8%a7%db%8c-%da%a9%d8%a7%d9%85%d9%84-%da%af%d8%b4%d8%aa%d9%88%da%af%d8%b0%d8%a7%d8%b1-%d8%af%d8%b1-%da%a9%d8%a7%d8%b1%d8%a7%da%a9%d9%88%db%8c\\\/#local-main-organization-logo\"},\"image\":{\"@id\":\"https:\\\/\\\/aloturkey.org\\\/2025\\\/12\\\/23\\\/%d8%b1%d8%a7%d9%87%d9%86%d9%85%d8%a7%db%8c-%da%a9%d8%a7%d9%85%d9%84-%da%af%d8%b4%d8%aa%d9%88%da%af%d8%b0%d8%a7%d8%b1-%d8%af%d8%b1-%da%a9%d8%a7%d8%b1%d8%a7%da%a9%d9%88%db%8c\\\/#local-main-organization-logo\"},\"description\":\"Aloturkey\u061b \u0647\u0645\u0631\u0627\u0647 \u0645\u0637\u0645\u0626\u0646 \u0634\u0645\u0627 \u062f\u0631 \u0645\u0633\u06cc\u0631 \u062e\u0631\u06cc\u062f \u0645\u0644\u06a9 \u0648 \u062f\u0631\u06cc\u0627\u0641\u062a \u0634\u0647\u0631\u0648\u0646\u062f\u06cc \u062a\u0631\u06a9\u06cc\u0647\",\"numberOfEmployees\":{\"@type\":\"QuantitativeValue\",\"minValue\":\"1\",\"maxValue\":\"10\"},\"publishingPrinciples\":\"https:\\\/\\\/aloturkey.org\\\/my-properties\\\/\",\"ownershipFundingInfo\":\"https:\\\/\\\/aloturkey.org\\\/disclaimer\\\/\",\"correctionsPolicy\":\"https:\\\/\\\/aloturkey.org\\\/disclaimer\\\/\",\"ethicsPolicy\":\"https:\\\/\\\/aloturkey.org\\\/investment-guide\\\/\",\"diversityPolicy\":\"https:\\\/\\\/aloturkey.org\\\/disclaimer\\\/\",\"diversityStaffingReport\":\"https:\\\/\\\/aloturkey.org\\\/investment-guide\\\/\",\"telephone\":[\"05395005000\"],\"contactPoint\":{\"@type\":\"ContactPoint\",\"telephone\":\"905395005000\"},\"openingHoursSpecification\":[{\"@type\":\"OpeningHoursSpecification\",\"dayOfWeek\":[\"Monday\",\"Tuesday\",\"Wednesday\",\"Thursday\",\"Friday\"],\"opens\":\"09:00\",\"closes\":\"17:00\"},{\"@type\":\"OpeningHoursSpecification\",\"dayOfWeek\":[\"Saturday\",\"Sunday\"],\"opens\":\"10:00\",\"closes\":\"14:00\"}],\"email\":\"info@aloturkey.org\",\"faxNumber\":\"Alo Turkey\"},{\"@type\":\"Person\",\"@id\":\"https:\\\/\\\/aloturkey.org\\\/#\\\/schema\\\/person\\\/57cbbcd68162166bf85312dc0f1cb58b\",\"name\":\"alo\",\"image\":{\"@type\":\"ImageObject\",\"inLanguage\":\"tr\",\"@id\":\"https:\\\/\\\/secure.gravatar.com\\\/avatar\\\/ca843a4690aaaa09d1a088ad0577c7395489e64dd8ef6fece1dfff346994400f?s=96&d=mm&r=g\",\"url\":\"https:\\\/\\\/secure.gravatar.com\\\/avatar\\\/ca843a4690aaaa09d1a088ad0577c7395489e64dd8ef6fece1dfff346994400f?s=96&d=mm&r=g\",\"contentUrl\":\"https:\\\/\\\/secure.gravatar.com\\\/avatar\\\/ca843a4690aaaa09d1a088ad0577c7395489e64dd8ef6fece1dfff346994400f?s=96&d=mm&r=g\",\"caption\":\"alo\"},\"sameAs\":[\"https:\\\/\\\/aloturkey.org\",\"https:\\\/\\\/www.instagram.com\\\/aloturkeye\"],\"url\":\"https:\\\/\\\/aloturkey.org\\\/tr\\\/author\\\/adminat\\\/\"},{\"@type\":\"ImageObject\",\"inLanguage\":\"tr\",\"@id\":\"https:\\\/\\\/aloturkey.org\\\/2025\\\/12\\\/23\\\/%d8%b1%d8%a7%d9%87%d9%86%d9%85%d8%a7%db%8c-%da%a9%d8%a7%d9%85%d9%84-%da%af%d8%b4%d8%aa%d9%88%da%af%d8%b0%d8%a7%d8%b1-%d8%af%d8%b1-%da%a9%d8%a7%d8%b1%d8%a7%da%a9%d9%88%db%8c\\\/#local-main-organization-logo\",\"url\":\"https:\\\/\\\/aloturkey.org\\\/wp-content\\\/uploads\\\/wp-realestate-uploads\\\/user_avatar\\\/2025\\\/08\\\/logo-icon.png\",\"contentUrl\":\"https:\\\/\\\/aloturkey.org\\\/wp-content\\\/uploads\\\/wp-realestate-uploads\\\/user_avatar\\\/2025\\\/08\\\/logo-icon.png\",\"width\":160,\"height\":160,\"caption\":\"ALO TURKEY\"}]}<\/script>\n<meta name=\"geo.placename\" content=\"ISTANBUL\" \/>\n<meta name=\"geo.region\" content=\"T\u00fcrkiye\" \/>\n<!-- \/ Yoast SEO Premium plugin. -->","yoast_head_json":{"title":"\u0130stanbul Karak\u00f6y&#039;\u00fc Ke\u015ffetmek \u0130\u00e7in Eksiksiz Rehber | Kafeler, Sanat ve Bo\u011faz","description":"Karak\u00f6y, \u0130stanbul&#039;un en modern ve pop\u00fcler semtlerinden biridir. Bu kapsaml\u0131 rehberde Karak\u00f6y&#039;\u00fcn kafelerini, galerilerini, turistik yerlerini ve eksiksiz bir gezi program\u0131n\u0131 ke\u015ffedin.","robots":{"index":"index","follow":"follow","max-snippet":"max-snippet:-1","max-image-preview":"max-image-preview:large","max-video-preview":"max-video-preview:-1"},"canonical":"https:\/\/aloturkey.org\/tr\/2025\/12\/23\/karakoyu-kesfetmek-icin-eksiksiz-kilavuz\/","og_locale":"tr_TR","og_type":"article","og_title":"\u0631\u0627\u0647\u0646\u0645\u0627\u06cc \u06a9\u0627\u0645\u0644 \u06af\u0634\u062a\u200c\u0648\u06af\u0630\u0627\u0631 \u062f\u0631 \u06a9\u0627\u0631\u0627\u06a9\u0648\u06cc | \u06a9\u0627\u0641\u0647\u200c\u0647\u0627\u060c \u0647\u0646\u0631 \u0648 \u0632\u0646\u062f\u06af\u06cc \u0645\u062f\u0631\u0646 \u0627\u0633\u062a\u0627\u0646\u0628\u0648\u0644","og_description":"\u06a9\u0627\u0631\u0627\u06a9\u0648\u06cc \u06cc\u06a9\u06cc \u0627\u0632 \u0645\u062f\u0631\u0646\u200c\u062a\u0631\u06cc\u0646 \u0648 \u067e\u0631\u0637\u0631\u0641\u062f\u0627\u0631\u062a\u0631\u06cc\u0646 \u0645\u062d\u0644\u0647\u200c\u0647\u0627\u06cc \u0627\u0633\u062a\u0627\u0646\u0628\u0648\u0644 \u0627\u0633\u062a. \u062f\u0631 \u0627\u06cc\u0646 \u0631\u0627\u0647\u0646\u0645\u0627\u06cc \u062c\u0627\u0645\u0639 \u0628\u0627 \u06a9\u0627\u0641\u0647\u200c\u0647\u0627\u060c \u06af\u0627\u0644\u0631\u06cc\u200c\u0647\u0627\u060c \u062c\u0627\u0647\u0627\u06cc \u062f\u06cc\u062f\u0646\u06cc \u0648 \u0628\u0631\u0646\u0627\u0645\u0647 \u06a9\u0627\u0645\u0644 \u06af\u0634\u062a\u200c\u0648\u06af\u0630\u0627\u0631 \u062f\u0631 \u06a9\u0627\u0631\u0627\u06a9\u0648\u06cc \u0622\u0634\u0646\u0627 \u0634\u0648\u06cc\u062f.","og_url":"https:\/\/aloturkey.org\/tr\/2025\/12\/23\/karakoyu-kesfetmek-icin-eksiksiz-kilavuz\/","og_site_name":"ALO TURKEY","article_published_time":"2025-12-23T19:36:30+00:00","article_modified_time":"2025-12-23T19:36:31+00:00","og_image":[{"width":1200,"height":630,"url":"https:\/\/aloturkey.org\/wp-content\/uploads\/2025\/12\/Karakoy-\u2013-Modern-Istanbul-Vibes.jpg","type":"image\/jpeg"}],"author":"alo","twitter_card":"summary_large_image","twitter_misc":{"Yazan:":"alo","Tahmini okuma s\u00fcresi":"3 dakika"},"schema":{"@context":"https:\/\/schema.org","@graph":[{"@type":"Article","@id":"https:\/\/aloturkey.org\/2025\/12\/23\/%d8%b1%d8%a7%d9%87%d9%86%d9%85%d8%a7%db%8c-%da%a9%d8%a7%d9%85%d9%84-%da%af%d8%b4%d8%aa%d9%88%da%af%d8%b0%d8%a7%d8%b1-%d8%af%d8%b1-%da%a9%d8%a7%d8%b1%d8%a7%da%a9%d9%88%db%8c\/#article","isPartOf":{"@id":"https:\/\/aloturkey.org\/2025\/12\/23\/%d8%b1%d8%a7%d9%87%d9%86%d9%85%d8%a7%db%8c-%da%a9%d8%a7%d9%85%d9%84-%da%af%d8%b4%d8%aa%d9%88%da%af%d8%b0%d8%a7%d8%b1-%d8%af%d8%b1-%da%a9%d8%a7%d8%b1%d8%a7%da%a9%d9%88%db%8c\/"},"author":{"name":"alo","@id":"https:\/\/aloturkey.org\/#\/schema\/person\/57cbbcd68162166bf85312dc0f1cb58b"},"headline":"\u0631\u0627\u0647\u0646\u0645\u0627\u06cc \u06a9\u0627\u0645\u0644 \u06af\u0634\u062a\u200c\u0648\u06af\u0630\u0627\u0631 \u062f\u0631 \u06a9\u0627\u0631\u0627\u06a9\u0648\u06cc | \u06a9\u0627\u0641\u0647\u200c\u0647\u0627\u060c \u0647\u0646\u0631 \u0648 \u0632\u0646\u062f\u06af\u06cc \u0645\u062f\u0631\u0646 \u0627\u0633\u062a\u0627\u0646\u0628\u0648\u0644","datePublished":"2025-12-23T19:36:30+00:00","dateModified":"2025-12-23T19:36:31+00:00","mainEntityOfPage":{"@id":"https:\/\/aloturkey.org\/2025\/12\/23\/%d8%b1%d8%a7%d9%87%d9%86%d9%85%d8%a7%db%8c-%da%a9%d8%a7%d9%85%d9%84-%da%af%d8%b4%d8%aa%d9%88%da%af%d8%b0%d8%a7%d8%b1-%d8%af%d8%b1-%da%a9%d8%a7%d8%b1%d8%a7%da%a9%d9%88%db%8c\/"},"wordCount":2,"commentCount":0,"publisher":{"@id":"https:\/\/aloturkey.org\/#organization"},"image":{"@id":"https:\/\/aloturkey.org\/2025\/12\/23\/%d8%b1%d8%a7%d9%87%d9%86%d9%85%d8%a7%db%8c-%da%a9%d8%a7%d9%85%d9%84-%da%af%d8%b4%d8%aa%d9%88%da%af%d8%b0%d8%a7%d8%b1-%d8%af%d8%b1-%da%a9%d8%a7%d8%b1%d8%a7%da%a9%d9%88%db%8c\/#primaryimage"},"thumbnailUrl":"https:\/\/aloturkey.org\/wp-content\/uploads\/2025\/12\/Karakoy-\u2013-Modern-Istanbul-Vibes.jpg","keywords":["\u0627\u0633\u062a\u0627\u0646\u0628\u0648\u0644\u200c\u06af\u0631\u062f\u06cc","\u0628\u0633\u0641\u0631","\u06a9\u0627\u0631\u0627\u06a9\u0648\u06cc","\u06a9\u0627\u0641\u0647\u200c\u06af\u0631\u062f\u06cc \u0627\u0633\u062a\u0627\u0646\u0628\u0648\u0644","\u0645\u062d\u0644\u0647\u200c\u0647\u0627\u06cc \u0645\u062f\u0631\u0646 \u0627\u0633\u062a\u0627\u0646\u0628\u0648\u0644"],"articleSection":["\u0631\u0627\u0647\u0646\u0645\u0627\u06cc \u0645\u0646\u0627\u0637\u0642 \u0627\u0633\u062a\u0627\u0646\u0628\u0648\u0644"],"inLanguage":"tr","potentialAction":[{"@type":"CommentAction","name":"Comment","target":["https:\/\/aloturkey.org\/2025\/12\/23\/%d8%b1%d8%a7%d9%87%d9%86%d9%85%d8%a7%db%8c-%da%a9%d8%a7%d9%85%d9%84-%da%af%d8%b4%d8%aa%d9%88%da%af%d8%b0%d8%a7%d8%b1-%d8%af%d8%b1-%da%a9%d8%a7%d8%b1%d8%a7%da%a9%d9%88%db%8c\/#respond"]}]},{"@type":"WebPage","@id":"https:\/\/aloturkey.org\/2025\/12\/23\/%d8%b1%d8%a7%d9%87%d9%86%d9%85%d8%a7%db%8c-%da%a9%d8%a7%d9%85%d9%84-%da%af%d8%b4%d8%aa%d9%88%da%af%d8%b0%d8%a7%d8%b1-%d8%af%d8%b1-%da%a9%d8%a7%d8%b1%d8%a7%da%a9%d9%88%db%8c\/","url":"https:\/\/aloturkey.org\/2025\/12\/23\/%d8%b1%d8%a7%d9%87%d9%86%d9%85%d8%a7%db%8c-%da%a9%d8%a7%d9%85%d9%84-%da%af%d8%b4%d8%aa%d9%88%da%af%d8%b0%d8%a7%d8%b1-%d8%af%d8%b1-%da%a9%d8%a7%d8%b1%d8%a7%da%a9%d9%88%db%8c\/","name":"\u0130stanbul Karak\u00f6y&#039;\u00fc Ke\u015ffetmek \u0130\u00e7in Eksiksiz Rehber | Kafeler, Sanat ve Bo\u011faz","isPartOf":{"@id":"https:\/\/aloturkey.org\/#website"},"primaryImageOfPage":{"@id":"https:\/\/aloturkey.org\/2025\/12\/23\/%d8%b1%d8%a7%d9%87%d9%86%d9%85%d8%a7%db%8c-%da%a9%d8%a7%d9%85%d9%84-%da%af%d8%b4%d8%aa%d9%88%da%af%d8%b0%d8%a7%d8%b1-%d8%af%d8%b1-%da%a9%d8%a7%d8%b1%d8%a7%da%a9%d9%88%db%8c\/#primaryimage"},"image":{"@id":"https:\/\/aloturkey.org\/2025\/12\/23\/%d8%b1%d8%a7%d9%87%d9%86%d9%85%d8%a7%db%8c-%da%a9%d8%a7%d9%85%d9%84-%da%af%d8%b4%d8%aa%d9%88%da%af%d8%b0%d8%a7%d8%b1-%d8%af%d8%b1-%da%a9%d8%a7%d8%b1%d8%a7%da%a9%d9%88%db%8c\/#primaryimage"},"thumbnailUrl":"https:\/\/aloturkey.org\/wp-content\/uploads\/2025\/12\/Karakoy-\u2013-Modern-Istanbul-Vibes.jpg","datePublished":"2025-12-23T19:36:30+00:00","dateModified":"2025-12-23T19:36:31+00:00","description":"Karak\u00f6y, \u0130stanbul&#039;un en modern ve pop\u00fcler semtlerinden biridir. Bu kapsaml\u0131 rehberde Karak\u00f6y&#039;\u00fcn kafelerini, galerilerini, turistik yerlerini ve eksiksiz bir gezi program\u0131n\u0131 ke\u015ffedin.","breadcrumb":{"@id":"https:\/\/aloturkey.org\/2025\/12\/23\/%d8%b1%d8%a7%d9%87%d9%86%d9%85%d8%a7%db%8c-%da%a9%d8%a7%d9%85%d9%84-%da%af%d8%b4%d8%aa%d9%88%da%af%d8%b0%d8%a7%d8%b1-%d8%af%d8%b1-%da%a9%d8%a7%d8%b1%d8%a7%da%a9%d9%88%db%8c\/#breadcrumb"},"inLanguage":"tr","potentialAction":[{"@type":"ReadAction","target":["https:\/\/aloturkey.org\/2025\/12\/23\/%d8%b1%d8%a7%d9%87%d9%86%d9%85%d8%a7%db%8c-%da%a9%d8%a7%d9%85%d9%84-%da%af%d8%b4%d8%aa%d9%88%da%af%d8%b0%d8%a7%d8%b1-%d8%af%d8%b1-%da%a9%d8%a7%d8%b1%d8%a7%da%a9%d9%88%db%8c\/"]}]},{"@type":"ImageObject","inLanguage":"tr","@id":"https:\/\/aloturkey.org\/2025\/12\/23\/%d8%b1%d8%a7%d9%87%d9%86%d9%85%d8%a7%db%8c-%da%a9%d8%a7%d9%85%d9%84-%da%af%d8%b4%d8%aa%d9%88%da%af%d8%b0%d8%a7%d8%b1-%d8%af%d8%b1-%da%a9%d8%a7%d8%b1%d8%a7%da%a9%d9%88%db%8c\/#primaryimage","url":"https:\/\/aloturkey.org\/wp-content\/uploads\/2025\/12\/Karakoy-\u2013-Modern-Istanbul-Vibes.jpg","contentUrl":"https:\/\/aloturkey.org\/wp-content\/uploads\/2025\/12\/Karakoy-\u2013-Modern-Istanbul-Vibes.jpg","width":1200,"height":630,"caption":"\u062c\u0627\u0647\u0627\u06cc \u062f\u06cc\u062f\u0646\u06cc \u06a9\u0627\u0631\u0627\u06a9\u0648\u06cc"},{"@type":"BreadcrumbList","@id":"https:\/\/aloturkey.org\/2025\/12\/23\/%d8%b1%d8%a7%d9%87%d9%86%d9%85%d8%a7%db%8c-%da%a9%d8%a7%d9%85%d9%84-%da%af%d8%b4%d8%aa%d9%88%da%af%d8%b0%d8%a7%d8%b1-%d8%af%d8%b1-%da%a9%d8%a7%d8%b1%d8%a7%da%a9%d9%88%db%8c\/#breadcrumb","itemListElement":[{"@type":"ListItem","position":1,"name":"Home","item":"https:\/\/aloturkey.org\/"},{"@type":"ListItem","position":2,"name":"\u0631\u0627\u0647\u0646\u0645\u0627\u06cc \u06a9\u0627\u0645\u0644 \u06af\u0634\u062a\u200c\u0648\u06af\u0630\u0627\u0631 \u062f\u0631 \u06a9\u0627\u0631\u0627\u06a9\u0648\u06cc | \u06a9\u0627\u0641\u0647\u200c\u0647\u0627\u060c \u0647\u0646\u0631 \u0648 \u0632\u0646\u062f\u06af\u06cc \u0645\u062f\u0631\u0646 \u0627\u0633\u062a\u0627\u0646\u0628\u0648\u0644"}]},{"@type":"WebSite","@id":"https:\/\/aloturkey.org\/#website","url":"https:\/\/aloturkey.org\/","name":"ALO T\u00dcRK\u0130YE","description":"T\u00fcrkiye&#039;de m\u00fclk sat\u0131\u015f\u0131","publisher":{"@id":"https:\/\/aloturkey.org\/#organization"},"alternateName":"\u0627\u0644\u0648 \u062a\u0631\u06a9\u06cc\u0647","potentialAction":[{"@type":"SearchAction","target":{"@type":"EntryPoint","urlTemplate":"https:\/\/aloturkey.org\/?s={search_term_string}"},"query-input":{"@type":"PropertyValueSpecification","valueRequired":true,"valueName":"search_term_string"}}],"inLanguage":"tr"},{"@type":["Organization","Place","RealEstateAgent"],"@id":"https:\/\/aloturkey.org\/#organization","name":"ALO T\u00dcRK\u0130YE","alternateName":"ALOTURKEY","url":"https:\/\/aloturkey.org\/","logo":{"@id":"https:\/\/aloturkey.org\/2025\/12\/23\/%d8%b1%d8%a7%d9%87%d9%86%d9%85%d8%a7%db%8c-%da%a9%d8%a7%d9%85%d9%84-%da%af%d8%b4%d8%aa%d9%88%da%af%d8%b0%d8%a7%d8%b1-%d8%af%d8%b1-%da%a9%d8%a7%d8%b1%d8%a7%da%a9%d9%88%db%8c\/#local-main-organization-logo"},"image":{"@id":"https:\/\/aloturkey.org\/2025\/12\/23\/%d8%b1%d8%a7%d9%87%d9%86%d9%85%d8%a7%db%8c-%da%a9%d8%a7%d9%85%d9%84-%da%af%d8%b4%d8%aa%d9%88%da%af%d8%b0%d8%a7%d8%b1-%d8%af%d8%b1-%da%a9%d8%a7%d8%b1%d8%a7%da%a9%d9%88%db%8c\/#local-main-organization-logo"},"description":"Aloturkey; Gayrimenkul sat\u0131n alma ve T\u00fcrk vatanda\u015fl\u0131\u011f\u0131 alma yolunda g\u00fcvenilir yol arkada\u015f\u0131n\u0131z","numberOfEmployees":{"@type":"QuantitativeValue","minValue":"1","maxValue":"10"},"publishingPrinciples":"https:\/\/aloturkey.org\/my-properties\/","ownershipFundingInfo":"https:\/\/aloturkey.org\/disclaimer\/","correctionsPolicy":"https:\/\/aloturkey.org\/disclaimer\/","ethicsPolicy":"https:\/\/aloturkey.org\/investment-guide\/","diversityPolicy":"https:\/\/aloturkey.org\/disclaimer\/","diversityStaffingReport":"https:\/\/aloturkey.org\/investment-guide\/","telephone":["05395005000"],"contactPoint":{"@type":"ContactPoint","telephone":"905395005000"},"openingHoursSpecification":[{"@type":"OpeningHoursSpecification","dayOfWeek":["Monday","Tuesday","Wednesday","Thursday","Friday"],"opens":"09:00","closes":"17:00"},{"@type":"OpeningHoursSpecification","dayOfWeek":["Saturday","Sunday"],"opens":"10:00","closes":"14:00"}],"email":"info@aloturkey.org","faxNumber":"Alo Turkey"},{"@type":"Person","@id":"https:\/\/aloturkey.org\/#\/schema\/person\/57cbbcd68162166bf85312dc0f1cb58b","name":"Merhaba","image":{"@type":"ImageObject","inLanguage":"tr","@id":"https:\/\/secure.gravatar.com\/avatar\/ca843a4690aaaa09d1a088ad0577c7395489e64dd8ef6fece1dfff346994400f?s=96&d=mm&r=g","url":"https:\/\/secure.gravatar.com\/avatar\/ca843a4690aaaa09d1a088ad0577c7395489e64dd8ef6fece1dfff346994400f?s=96&d=mm&r=g","contentUrl":"https:\/\/secure.gravatar.com\/avatar\/ca843a4690aaaa09d1a088ad0577c7395489e64dd8ef6fece1dfff346994400f?s=96&d=mm&r=g","caption":"alo"},"sameAs":["https:\/\/aloturkey.org","https:\/\/www.instagram.com\/aloturkeye"],"url":"https:\/\/aloturkey.org\/tr\/author\/adminat\/"},{"@type":"ImageObject","inLanguage":"tr","@id":"https:\/\/aloturkey.org\/2025\/12\/23\/%d8%b1%d8%a7%d9%87%d9%86%d9%85%d8%a7%db%8c-%da%a9%d8%a7%d9%85%d9%84-%da%af%d8%b4%d8%aa%d9%88%da%af%d8%b0%d8%a7%d8%b1-%d8%af%d8%b1-%da%a9%d8%a7%d8%b1%d8%a7%da%a9%d9%88%db%8c\/#local-main-organization-logo","url":"https:\/\/aloturkey.org\/wp-content\/uploads\/wp-realestate-uploads\/user_avatar\/2025\/08\/logo-icon.png","contentUrl":"https:\/\/aloturkey.org\/wp-content\/uploads\/wp-realestate-uploads\/user_avatar\/2025\/08\/logo-icon.png","width":160,"height":160,"caption":"ALO TURKEY"}]},"geo.placename":"ISTANBUL","geo.region":"T\u00fcrkiye"},"_links":{"self":[{"href":"https:\/\/aloturkey.org\/tr\/wp-json\/wp\/v2\/posts\/6748","targetHints":{"allow":["GET"]}}],"collection":[{"href":"https:\/\/aloturkey.org\/tr\/wp-json\/wp\/v2\/posts"}],"about":[{"href":"https:\/\/aloturkey.org\/tr\/wp-json\/wp\/v2\/types\/post"}],"author":[{"embeddable":true,"href":"https:\/\/aloturkey.org\/tr\/wp-json\/wp\/v2\/users\/52"}],"replies":[{"embeddable":true,"href":"https:\/\/aloturkey.org\/tr\/wp-json\/wp\/v2\/comments?post=6748"}],"version-history":[{"count":0,"href":"https:\/\/aloturkey.org\/tr\/wp-json\/wp\/v2\/posts\/6748\/revisions"}],"wp:featuredmedia":[{"embeddable":true,"href":"https:\/\/aloturkey.org\/tr\/wp-json\/wp\/v2\/media\/6749"}],"wp:attachment":[{"href":"https:\/\/aloturkey.org\/tr\/wp-json\/wp\/v2\/media?parent=6748"}],"wp:term":[{"taxonomy":"category","embeddable":true,"href":"https:\/\/aloturkey.org\/tr\/wp-json\/wp\/v2\/categories?post=6748"},{"taxonomy":"post_tag","embeddable":true,"href":"https:\/\/aloturkey.org\/tr\/wp-json\/wp\/v2\/tags?post=6748"}],"curies":[{"name":"wp","href":"https:\/\/api.w.org\/{rel}","templated":true}]}}