{"id":6757,"date":"2025-12-27T22:02:28","date_gmt":"2025-12-27T19:02:28","guid":{"rendered":"https:\/\/aloturkey.org\/?p=6757"},"modified":"2025-12-27T22:02:29","modified_gmt":"2025-12-27T19:02:29","slug":"ortakoyu-kesfetmek-icin-eksiksiz-bir-rehber","status":"publish","type":"post","link":"https:\/\/aloturkey.org\/tr\/2025\/12\/27\/%d8%b1%d8%a7%d9%87%d9%86%d9%85%d8%a7%db%8c-%da%a9%d8%a7%d9%85%d9%84-%da%af%d8%b4%d8%aa%d9%88%da%af%d8%b0%d8%a7%d8%b1-%d8%af%d8%b1-%d8%a7%d9%88%d8%b1%d8%b7%d8%a7%da%a9%d9%88%db%8c-%d9%85\/","title":{"rendered":"Ortak\u00f6y&#039;\u00fc Ke\u015ffetmek \u0130\u00e7in Eksiksiz Rehber | \u00dcnl\u00fc Cami, Gofretler ve Bo\u011faz"},"content":{"rendered":"<p>Ortak\u00f6y, en bilinen ve <strong>En fotojenik<\/strong> \u0130stanbul&#039;un semtleri; su kenar\u0131ndaki g\u00fczel bir cami, arka planda Bo\u011faz K\u00f6pr\u00fcs\u00fc ve canl\u0131 sokak atmosferiyle \u0130stanbul&#039;un ikonik bir g\u00f6r\u00fcnt\u00fcs\u00fcn\u00fc olu\u015fturuyor.<br>E\u011fer sadece birka\u00e7 saatiniz varsa ve \u015funu yapmak istiyorsan\u0131z... <strong>\u0130stanbul Kartpostal\u0131<\/strong> G\u00f6rd\u00fc\u011f\u00fcn\u00fcz gibi, Ortak\u00f6y en iyi se\u00e7enek.<\/p>\n\n\n\n<hr class=\"wp-block-separator has-alpha-channel-opacity\"\/>\n\n\n\n<h2 class=\"wp-block-heading\" id=\"h-\u0627\u0648\u0631\u0637\u0627\u06a9\u0648\u06cc-\u06a9\u062c\u0627\u0633\u062a-\u0648-\u0686\u0647-\u062d\u0627\u0644-\u0648\u0647\u0648\u0627\u06cc\u06cc-\u062f\u0627\u0631\u062f\">\ud83d\udccd Ortak\u00f6y nerede ve hava nas\u0131l?<\/h2>\n\n\n\n<p>\u0130stanbul&#039;un Avrupa yakas\u0131nda ve hemen alt\u0131nda yer alan Ortak\u00f6y <strong>Bo\u011fazi\u00e7i K\u00f6pr\u00fcs\u00fc (15 Temmuz \u015eehitler K\u00f6pr\u00fcs\u00fc)<\/strong> Bu semt k\u00fc\u00e7\u00fck ama \u00e7ok pop\u00fcler ve neredeyse her zaman hareketli ve canl\u0131d\u0131r.<\/p>\n\n\n\n<p><strong>Ortak\u00f6y hava durumu:<\/strong><\/p>\n\n\n\n<ul class=\"wp-block-list\">\n<li>Turistik ve hareketli<\/li>\n\n\n\n<li>Gen\u00e7<\/li>\n\n\n\n<li>Foto\u011fraf \u00e7ekimi ve y\u00fcr\u00fcy\u00fc\u015f i\u00e7in uygundur.<\/li>\n\n\n\n<li>Ak\u015fam ve g\u00fcn bat\u0131m\u0131nda canl\u0131<\/li>\n<\/ul>\n\n\n\n<hr class=\"wp-block-separator has-alpha-channel-opacity\"\/>\n\n\n\n<h2 class=\"wp-block-heading\" id=\"h-\u0645\u0633\u062c\u062f-\u0627\u0648\u0631\u0637\u0627\u06a9\u0648\u06cc-\u0646\u0645\u0627\u062f-\u0627\u0633\u062a\u0627\u0646\u0628\u0648\u0644\">\ud83d\udd4c Ortak\u00f6y Camii; \u0130stanbul&#039;un simgesi<\/h2>\n\n\n\n<h3 class=\"wp-block-heading\" id=\"h-\u0645\u0633\u062c\u062f-\u0628\u0632\u0631\u06af-\u0627\u0648\u0631\u0637\u0627\u06a9\u0648\u06cc-buyuk-mecidiye-camii\">Ortak\u00f6y Ulu Camii (B\u00fcy\u00fck Mecidiye Camii)<\/h3>\n\n\n\n<p>Bu b\u00f6lgedeki en \u00f6nemli turistik yer, 19. y\u00fczy\u0131lda in\u015fa edilmi\u015f ve Osmanl\u0131-Barok mimarisine sahip Ortak\u00f6y Camii&#039;dir.<\/p>\n\n\n\n<p><strong>Bu camiyi \u00f6zel k\u0131lan nedir?<\/strong><\/p>\n\n\n\n<ul class=\"wp-block-list\">\n<li>Su kenar\u0131nda hassas konumland\u0131rma<\/li>\n\n\n\n<li>Bo\u011faz K\u00f6pr\u00fcs\u00fc ile e\u015fsiz manzara.<\/li>\n\n\n\n<li>Geceleyin muhte\u015fem ayd\u0131nlatma<\/li>\n<\/ul>\n\n\n\n<p>\ud83d\udccc Caminin i\u00e7ini gezmek fazla zaman alm\u0131yor, ancak d\u0131\u015f cephesi olduk\u00e7a etkileyici.<\/p>\n\n\n\n<hr class=\"wp-block-separator has-alpha-channel-opacity\"\/>\n\n\n\n<h2 class=\"wp-block-heading\" id=\"h-\u067e\u0644-\u0628\u0633\u0641\u0631-\u0648-\u0645\u0646\u0638\u0631\u0647-\u0647\u0627\u06cc-\u0628\u06cc-\u0646\u0638\u06cc\u0631\">\ud83c\udf09 Bo\u011fazi\u00e7i K\u00f6pr\u00fcs\u00fc ve e\u015fsiz manzaralar<\/h2>\n\n\n\n<p>Ortak\u00f6y&#039;\u00fcn en g\u00fczel manzaralar\u0131ndan biri. <strong>Bo\u011faz ve k\u00f6pr\u00fc<\/strong> Sahip olacaks\u0131n\u0131z.<br>Su kenar\u0131nda oturup teknelerin ge\u00e7i\u015fini ve g\u00fcn bat\u0131m\u0131n\u0131 izlemek, klasik bir \u0130stanbul deneyimidir.<\/p>\n\n\n\n<p>\ud83d\udcf7 Bu nokta, \u015fehirdeki en pop\u00fcler foto\u011fraf \u00e7ekim yerlerinden biridir.<\/p>\n\n\n\n<hr class=\"wp-block-separator has-alpha-channel-opacity\"\/>\n\n\n\n<h2 class=\"wp-block-heading\" id=\"h-\u0648\u0627\u0641\u0644-\u0645\u0639\u0631\u0648\u0641-\u0627\u0648\u0631\u0637\u0627\u06a9\u0648\u06cc\">\ud83e\uddc7 \u00dcnl\u00fc Ortak\u00f6y waffle&#039;lar\u0131<\/h2>\n\n\n\n<p>Ortak\u00f6y sokak waffle&#039;lar\u0131yla \u00fcnl\u00fcd\u00fcr.<\/p>\n\n\n\n<p><strong>Ortak\u00f6y waffle&#039;\u0131n\u0131n \u00f6zellikleri:<\/strong><\/p>\n\n\n\n<ul class=\"wp-block-list\">\n<li>Taze ve s\u0131cak<\/li>\n\n\n\n<li>Meyve, \u00e7ikolata ve krema dolu<\/li>\n\n\n\n<li>Uygun fiyat<\/li>\n<\/ul>\n\n\n\n<p>\ud83d\udccc Tatl\u0131lara d\u00fc\u015fk\u00fcn olmasan\u0131z bile, onlar\u0131 denemek Ortak\u00f6y deneyiminin bir par\u00e7as\u0131d\u0131r.<\/p>\n\n\n\n<hr class=\"wp-block-separator has-alpha-channel-opacity\"\/>\n\n\n\n<h2 class=\"wp-block-heading\" id=\"h-\u06a9\u0627\u0641\u0647-\u0647\u0627-\u0648-\u0631\u0633\u062a\u0648\u0631\u0627\u0646-\u0647\u0627\">\u2615 Kafeler ve restoranlar<\/h2>\n\n\n\n<p>Ortak\u00f6y Meydan\u0131 \u00e7evresi:<\/p>\n\n\n\n<ul class=\"wp-block-list\">\n<li>Bo\u011faz manzaral\u0131 k\u00fc\u00e7\u00fck kafeler<\/li>\n\n\n\n<li>Deniz \u00fcr\u00fcnleri restoranlar\u0131<\/li>\n\n\n\n<li>Oturmak ve dinlenmek i\u00e7in uygun yerler<\/li>\n<\/ul>\n\n\n\n<p>Fiyatlar biraz turistik ama atmosfer buna de\u011fer.<\/p>\n\n\n\n<hr class=\"wp-block-separator has-alpha-channel-opacity\"\/>\n\n\n\n<h2 class=\"wp-block-heading\" id=\"h-\u0628\u0631\u0646\u0627\u0645\u0647-\u067e\u06cc\u0634\u0646\u0647\u0627\u062f\u06cc-\u06af\u0634\u062a-\u0648\u06af\u0630\u0627\u0631-\u062f\u0631-\u0627\u0648\u0631\u0637\u0627\u06a9\u0648\u06cc-\u06f3-\u062a\u0627-\u06f5-\u0633\u0627\u0639\u062a\">\ud83d\udeb6 Ortak\u00f6y&#039;de \u00f6nerilen tur program\u0131 (3 ila 5 saat)<\/h2>\n\n\n\n<p><strong>Ba\u015flang\u0131\u00e7:<\/strong><\/p>\n\n\n\n<ul class=\"wp-block-list\">\n<li>\u00d6\u011fleden sonra Ortak\u00f6y&#039;e var\u0131\u015f.<\/li>\n<\/ul>\n\n\n\n<p><strong>Tur:<\/strong><\/p>\n\n\n\n<ul class=\"wp-block-list\">\n<li>Camiyi ziyaret etmek<\/li>\n\n\n\n<li>Sahilde y\u00fcr\u00fcy\u00fc\u015f<\/li>\n\n\n\n<li>Bo\u011faz K\u00f6pr\u00fcs\u00fc ile Foto\u011fraf \u00c7ekimi<\/li>\n<\/ul>\n\n\n\n<p><strong>Dinlenmek:<\/strong><\/p>\n\n\n\n<ul class=\"wp-block-list\">\n<li>Waffle veya kahve<\/li>\n<\/ul>\n\n\n\n<p><strong>Son:<\/strong><\/p>\n\n\n\n<ul class=\"wp-block-list\">\n<li>G\u00fcn bat\u0131m\u0131n\u0131 izlemek \ud83c\udf05<\/li>\n\n\n\n<li>Gece \u0131\u015f\u0131klar yanana kadar kalmak<\/li>\n<\/ul>\n\n\n\n<hr class=\"wp-block-separator has-alpha-channel-opacity\"\/>\n\n\n\n<h2 class=\"wp-block-heading\" id=\"h-\u0627\u0648\u0631\u0637\u0627\u06a9\u0648\u06cc-\u0645\u0646\u0627\u0633\u0628-\u0686\u0647-\u06a9\u0633\u0627\u0646\u06cc-\u0627\u0633\u062a\">\ud83d\udc68\u200d\ud83d\udc69\u200d\ud83d\udc67 Ortaku kimler i\u00e7in uygundur?<\/h2>\n\n\n\n<p>\u2714\ufe0f \u0130lk kez gelen turistler<br>\u2714\ufe0f \u00c7iftler<br>\u2714\ufe0f Foto\u011fraf merakl\u0131lar\u0131<br>\u2714\ufe0f Zaman\u0131 k\u0131s\u0131tl\u0131 olanlar<\/p>\n\n\n\n<hr class=\"wp-block-separator has-alpha-channel-opacity\"\/>\n\n\n\n<h2 class=\"wp-block-heading\" id=\"h-\u0686\u0642\u062f\u0631-\u0632\u0645\u0627\u0646-\u0628\u0631\u0627\u06cc-\u0627\u0648\u0631\u0637\u0627\u06a9\u0648\u06cc-\u0644\u0627\u0632\u0645-\u0627\u0633\u062a\">\u23f1\ufe0f Ortak\u00f6y&#039;e ula\u015fmak ne kadar zaman al\u0131r?<\/h2>\n\n\n\n<ul class=\"wp-block-list\">\n<li>Minimum: <strong>2 ila 3 saat<\/strong><\/li>\n\n\n\n<li>\u0130deal: <strong>Ak\u015famdan geceye (4-5 saat)<\/strong><\/li>\n<\/ul>\n\n\n\n<hr class=\"wp-block-separator has-alpha-channel-opacity\"\/>\n\n\n\n<h2 class=\"wp-block-heading\" id=\"h-\u062c\u0645\u0639-\u0628\u0646\u062f\u06cc\">\u2705 Sonu\u00e7<\/h2>\n\n\n\n<p>Ortak\u00f6y k\u00fc\u00e7\u00fck ama bu da b\u00fcy\u00fck bir deneyim sunuyor.<br>E\u011fer bir kombinasyon ar\u0131yorsan\u0131z <strong>G\u00fczel cami, Bo\u011faz, yemekler ve canl\u0131 atmosfer.<\/strong> Orada m\u0131s\u0131n\u0131z? Ortak\u00f6y, \u0130stanbul&#039;daki en iyi se\u00e7eneklerden biri.<\/p>\n\n\n\n<p><\/p>","protected":false},"excerpt":{"rendered":"<p>\u0627\u0648\u0631\u0637\u0627\u06a9\u0648\u06cc \u06cc\u06a9\u06cc \u0627\u0632 \u0634\u0646\u0627\u062e\u062a\u0647\u200c\u0634\u062f\u0647\u200c\u062a\u0631\u06cc\u0646 \u0648 \u0639\u06a9\u0627\u0633\u06cc\u200c\u067e\u0633\u0646\u062f\u062a\u0631\u06cc\u0646 \u0645\u062d\u0644\u0647\u200c\u0647\u0627\u06cc \u0627\u0633\u062a\u0627\u0646\u0628\u0648\u0644 \u0627\u0633\u062a\u061b \u062c\u0627\u06cc\u06cc \u06a9\u0647 \u0645\u0633\u062c\u062f\u06cc \u0632\u06cc\u0628\u0627 \u062f\u0631 \u06a9\u0646\u0627\u0631 \u0622\u0628\u060c \u067e\u0644 \u0628\u0633\u0641\u0631 \u062f\u0631 \u067e\u0633\u200c\u0632\u0645\u06cc\u0646\u0647 \u0648 \u0641\u0636\u0627\u06cc \u0632\u0646\u062f\u0647 \u062e\u06cc\u0627\u0628\u0627\u0646\u06cc\u060c \u062a\u0635\u0648\u06cc\u0631\u06cc \u0646\u0645\u0627\u062f\u06cc\u0646 \u0627\u0632 \u0627\u0633\u062a\u0627\u0646\u0628\u0648\u0644 \u0645\u06cc\u200c\u0633\u0627\u0632\u062f.\u0627\u06af\u0631 \u0641\u0642\u0637 \u0686\u0646\u062f \u0633\u0627\u0639\u062a \u0648\u0642\u062a \u062f\u0627\u0631\u06cc\u062f \u0648 \u0645\u06cc\u200c\u062e\u0648\u0627\u0647\u06cc\u062f \u0627\u0633\u062a\u0627\u0646\u0628\u0648\u0644 \u06a9\u0627\u0631\u062a\u200c\u067e\u0633\u062a\u0627\u0644\u06cc \u0631\u0627 \u0628\u0628\u06cc\u0646\u06cc\u062f\u060c \u0627\u0648\u0631\u0637\u0627\u06a9\u0648\u06cc \u0628\u0647\u062a\u0631\u06cc\u0646 \u0627\u0646\u062a\u062e\u0627\u0628 \u0627\u0633\u062a. \ud83d\udccd \u0627\u0648\u0631\u0637\u0627\u06a9\u0648\u06cc \u06a9\u062c\u0627\u0633\u062a \u0648 \u0686\u0647 \u062d\u0627\u0644\u200c\u0648\u0647\u0648\u0627\u06cc\u06cc \u062f\u0627\u0631\u062f\u061f \u0627\u0648\u0631\u0637\u0627\u06a9\u0648\u06cc \u062f\u0631 \u0628\u062e\u0634 \u0627\u0631\u0648\u067e\u0627\u06cc\u06cc [&hellip;]<\/p>\n","protected":false},"author":52,"featured_media":6758,"comment_status":"open","ping_status":"open","sticky":false,"template":"","format":"standard","meta":{"googlesitekit_rrm_CAow34nBDA:productID":"","footnotes":""},"categories":[19],"tags":[379,393,387,382,394],"class_list":["post-6757","post","type-post","status-publish","format-standard","has-post-thumbnail","hentry","category-istanbul-neighborhoods-guide","tag-379","tag-393","tag-387","tag-382","tag-394"],"yoast_head":"<!-- This site is optimized with the Yoast SEO Premium plugin v26.9 (Yoast SEO v27.4) - https:\/\/yoast.com\/product\/yoast-seo-premium-wordpress\/ -->\n<title>\u0631\u0627\u0647\u0646\u0645\u0627\u06cc \u06a9\u0627\u0645\u0644 \u06af\u0634\u062a\u200c\u0648\u06af\u0630\u0627\u0631 \u062f\u0631 \u0627\u0648\u0631\u0637\u0627\u06a9\u0648\u06cc \u0627\u0633\u062a\u0627\u0646\u0628\u0648\u0644 | \u0645\u0633\u062c\u062f \u0645\u0639\u0631\u0648\u0641\u060c \u0648\u0627\u0641\u0644 \u0648 \u0628\u0633\u0641\u0631<\/title>\n<meta name=\"description\" content=\"\u0627\u0648\u0631\u0637\u0627\u06a9\u0648\u06cc \u06cc\u06a9\u06cc \u0627\u0632 \u0645\u062d\u0628\u0648\u0628\u200c\u062a\u0631\u06cc\u0646 \u0645\u0646\u0627\u0637\u0642 \u06af\u0631\u062f\u0634\u06af\u0631\u06cc \u0627\u0633\u062a\u0627\u0646\u0628\u0648\u0644 \u062f\u0631 \u06a9\u0646\u0627\u0631 \u0628\u0633\u0641\u0631 \u0627\u0633\u062a. \u062f\u0631 \u0627\u06cc\u0646 \u0631\u0627\u0647\u0646\u0645\u0627\u06cc \u06a9\u0627\u0645\u0644 \u0628\u0627 \u0645\u0633\u062c\u062f \u0645\u0639\u0631\u0648\u0641 \u0627\u0648\u0631\u0637\u0627\u06a9\u0648\u06cc\u060c \u06a9\u0627\u0641\u0647\u200c\u0647\u0627\u060c \u0648\u0627\u0641\u0644\u200c\u0647\u0627\u06cc \u0645\u0634\u0647\u0648\u0631 \u0648 \u0628\u0647\u062a\u0631\u06cc\u0646 \u0632\u0645\u0627\u0646 \u0628\u0627\u0632\u062f\u06cc\u062f \u0622\u0634\u0646\u0627 \u0634\u0648\u06cc\u062f.\" \/>\n<meta name=\"robots\" content=\"index, follow, max-snippet:-1, max-image-preview:large, max-video-preview:-1\" \/>\n<link rel=\"canonical\" href=\"https:\/\/aloturkey.org\/tr\/2025\/12\/27\/ortakoyu-kesfetmek-icin-eksiksiz-bir-rehber\/\" \/>\n<meta property=\"og:locale\" content=\"tr_TR\" \/>\n<meta property=\"og:type\" content=\"article\" \/>\n<meta property=\"og:title\" content=\"\u0631\u0627\u0647\u0646\u0645\u0627\u06cc \u06a9\u0627\u0645\u0644 \u06af\u0634\u062a\u200c\u0648\u06af\u0630\u0627\u0631 \u062f\u0631 \u0627\u0648\u0631\u0637\u0627\u06a9\u0648\u06cc | \u0645\u0633\u062c\u062f \u0645\u0639\u0631\u0648\u0641\u060c \u0648\u0627\u0641\u0644 \u0648 \u0628\u0633\u0641\u0631\" \/>\n<meta property=\"og:description\" content=\"\u0627\u0648\u0631\u0637\u0627\u06a9\u0648\u06cc \u06cc\u06a9\u06cc \u0627\u0632 \u0645\u062d\u0628\u0648\u0628\u200c\u062a\u0631\u06cc\u0646 \u0645\u0646\u0627\u0637\u0642 \u06af\u0631\u062f\u0634\u06af\u0631\u06cc \u0627\u0633\u062a\u0627\u0646\u0628\u0648\u0644 \u062f\u0631 \u06a9\u0646\u0627\u0631 \u0628\u0633\u0641\u0631 \u0627\u0633\u062a. \u062f\u0631 \u0627\u06cc\u0646 \u0631\u0627\u0647\u0646\u0645\u0627\u06cc \u06a9\u0627\u0645\u0644 \u0628\u0627 \u0645\u0633\u062c\u062f \u0645\u0639\u0631\u0648\u0641 \u0627\u0648\u0631\u0637\u0627\u06a9\u0648\u06cc\u060c \u06a9\u0627\u0641\u0647\u200c\u0647\u0627\u060c \u0648\u0627\u0641\u0644\u200c\u0647\u0627\u06cc \u0645\u0634\u0647\u0648\u0631 \u0648 \u0628\u0647\u062a\u0631\u06cc\u0646 \u0632\u0645\u0627\u0646 \u0628\u0627\u0632\u062f\u06cc\u062f \u0622\u0634\u0646\u0627 \u0634\u0648\u06cc\u062f.\" \/>\n<meta property=\"og:url\" content=\"https:\/\/aloturkey.org\/tr\/2025\/12\/27\/ortakoyu-kesfetmek-icin-eksiksiz-bir-rehber\/\" \/>\n<meta property=\"og:site_name\" content=\"ALO TURKEY\" \/>\n<meta property=\"article:published_time\" content=\"2025-12-27T19:02:28+00:00\" \/>\n<meta property=\"article:modified_time\" content=\"2025-12-27T19:02:29+00:00\" \/>\n<meta property=\"og:image\" content=\"https:\/\/aloturkey.org\/wp-content\/uploads\/2025\/12\/Ortakoy-\u2013-Iconic-Istanbul-View.jpg\" \/>\n\t<meta property=\"og:image:width\" content=\"1200\" \/>\n\t<meta property=\"og:image:height\" content=\"630\" \/>\n\t<meta property=\"og:image:type\" content=\"image\/jpeg\" \/>\n<meta name=\"author\" content=\"alo\" \/>\n<meta name=\"twitter:card\" content=\"summary_large_image\" \/>\n<meta name=\"twitter:label1\" content=\"Yazan:\" \/>\n\t<meta name=\"twitter:data1\" content=\"alo\" \/>\n\t<meta name=\"twitter:label2\" content=\"Tahmini okuma s\u00fcresi\" \/>\n\t<meta name=\"twitter:data2\" content=\"3 dakika\" \/>\n<script type=\"application\/ld+json\" class=\"yoast-schema-graph\">{\"@context\":\"https:\\\/\\\/schema.org\",\"@graph\":[{\"@type\":\"Article\",\"@id\":\"https:\\\/\\\/aloturkey.org\\\/2025\\\/12\\\/27\\\/%d8%b1%d8%a7%d9%87%d9%86%d9%85%d8%a7%db%8c-%da%a9%d8%a7%d9%85%d9%84-%da%af%d8%b4%d8%aa%d9%88%da%af%d8%b0%d8%a7%d8%b1-%d8%af%d8%b1-%d8%a7%d9%88%d8%b1%d8%b7%d8%a7%da%a9%d9%88%db%8c-%d9%85\\\/#article\",\"isPartOf\":{\"@id\":\"https:\\\/\\\/aloturkey.org\\\/2025\\\/12\\\/27\\\/%d8%b1%d8%a7%d9%87%d9%86%d9%85%d8%a7%db%8c-%da%a9%d8%a7%d9%85%d9%84-%da%af%d8%b4%d8%aa%d9%88%da%af%d8%b0%d8%a7%d8%b1-%d8%af%d8%b1-%d8%a7%d9%88%d8%b1%d8%b7%d8%a7%da%a9%d9%88%db%8c-%d9%85\\\/\"},\"author\":{\"name\":\"alo\",\"@id\":\"https:\\\/\\\/aloturkey.org\\\/#\\\/schema\\\/person\\\/57cbbcd68162166bf85312dc0f1cb58b\"},\"headline\":\"\u0631\u0627\u0647\u0646\u0645\u0627\u06cc \u06a9\u0627\u0645\u0644 \u06af\u0634\u062a\u200c\u0648\u06af\u0630\u0627\u0631 \u062f\u0631 \u0627\u0648\u0631\u0637\u0627\u06a9\u0648\u06cc | \u0645\u0633\u062c\u062f \u0645\u0639\u0631\u0648\u0641\u060c \u0648\u0627\u0641\u0644 \u0648 \u0628\u0633\u0641\u0631\",\"datePublished\":\"2025-12-27T19:02:28+00:00\",\"dateModified\":\"2025-12-27T19:02:29+00:00\",\"mainEntityOfPage\":{\"@id\":\"https:\\\/\\\/aloturkey.org\\\/2025\\\/12\\\/27\\\/%d8%b1%d8%a7%d9%87%d9%86%d9%85%d8%a7%db%8c-%da%a9%d8%a7%d9%85%d9%84-%da%af%d8%b4%d8%aa%d9%88%da%af%d8%b0%d8%a7%d8%b1-%d8%af%d8%b1-%d8%a7%d9%88%d8%b1%d8%b7%d8%a7%da%a9%d9%88%db%8c-%d9%85\\\/\"},\"wordCount\":5,\"commentCount\":0,\"publisher\":{\"@id\":\"https:\\\/\\\/aloturkey.org\\\/#organization\"},\"image\":{\"@id\":\"https:\\\/\\\/aloturkey.org\\\/2025\\\/12\\\/27\\\/%d8%b1%d8%a7%d9%87%d9%86%d9%85%d8%a7%db%8c-%da%a9%d8%a7%d9%85%d9%84-%da%af%d8%b4%d8%aa%d9%88%da%af%d8%b0%d8%a7%d8%b1-%d8%af%d8%b1-%d8%a7%d9%88%d8%b1%d8%b7%d8%a7%da%a9%d9%88%db%8c-%d9%85\\\/#primaryimage\"},\"thumbnailUrl\":\"https:\\\/\\\/aloturkey.org\\\/wp-content\\\/uploads\\\/2025\\\/12\\\/Ortakoy-\u2013-Iconic-Istanbul-View.jpg\",\"keywords\":[\"\u0627\u0633\u062a\u0627\u0646\u0628\u0648\u0644\u200c\u06af\u0631\u062f\u06cc\",\"\u0627\u0648\u0631\u0637\u0627\u06a9\u0648\u06cc\",\"\u0628\u0633\u0641\u0631\",\"\u06a9\u0627\u0641\u0647\u200c\u0647\u0627\u06cc \u0627\u0633\u062a\u0627\u0646\u0628\u0648\u0644\",\"\u0645\u0633\u062c\u062f \u0627\u0648\u0631\u0637\u0627\u06a9\u0648\u06cc\"],\"articleSection\":[\"\u0631\u0627\u0647\u0646\u0645\u0627\u06cc \u0645\u0646\u0627\u0637\u0642 \u0627\u0633\u062a\u0627\u0646\u0628\u0648\u0644\"],\"inLanguage\":\"tr\",\"potentialAction\":[{\"@type\":\"CommentAction\",\"name\":\"Comment\",\"target\":[\"https:\\\/\\\/aloturkey.org\\\/2025\\\/12\\\/27\\\/%d8%b1%d8%a7%d9%87%d9%86%d9%85%d8%a7%db%8c-%da%a9%d8%a7%d9%85%d9%84-%da%af%d8%b4%d8%aa%d9%88%da%af%d8%b0%d8%a7%d8%b1-%d8%af%d8%b1-%d8%a7%d9%88%d8%b1%d8%b7%d8%a7%da%a9%d9%88%db%8c-%d9%85\\\/#respond\"]}]},{\"@type\":\"WebPage\",\"@id\":\"https:\\\/\\\/aloturkey.org\\\/2025\\\/12\\\/27\\\/%d8%b1%d8%a7%d9%87%d9%86%d9%85%d8%a7%db%8c-%da%a9%d8%a7%d9%85%d9%84-%da%af%d8%b4%d8%aa%d9%88%da%af%d8%b0%d8%a7%d8%b1-%d8%af%d8%b1-%d8%a7%d9%88%d8%b1%d8%b7%d8%a7%da%a9%d9%88%db%8c-%d9%85\\\/\",\"url\":\"https:\\\/\\\/aloturkey.org\\\/2025\\\/12\\\/27\\\/%d8%b1%d8%a7%d9%87%d9%86%d9%85%d8%a7%db%8c-%da%a9%d8%a7%d9%85%d9%84-%da%af%d8%b4%d8%aa%d9%88%da%af%d8%b0%d8%a7%d8%b1-%d8%af%d8%b1-%d8%a7%d9%88%d8%b1%d8%b7%d8%a7%da%a9%d9%88%db%8c-%d9%85\\\/\",\"name\":\"\u0631\u0627\u0647\u0646\u0645\u0627\u06cc \u06a9\u0627\u0645\u0644 \u06af\u0634\u062a\u200c\u0648\u06af\u0630\u0627\u0631 \u062f\u0631 \u0627\u0648\u0631\u0637\u0627\u06a9\u0648\u06cc \u0627\u0633\u062a\u0627\u0646\u0628\u0648\u0644 | \u0645\u0633\u062c\u062f \u0645\u0639\u0631\u0648\u0641\u060c \u0648\u0627\u0641\u0644 \u0648 \u0628\u0633\u0641\u0631\",\"isPartOf\":{\"@id\":\"https:\\\/\\\/aloturkey.org\\\/#website\"},\"primaryImageOfPage\":{\"@id\":\"https:\\\/\\\/aloturkey.org\\\/2025\\\/12\\\/27\\\/%d8%b1%d8%a7%d9%87%d9%86%d9%85%d8%a7%db%8c-%da%a9%d8%a7%d9%85%d9%84-%da%af%d8%b4%d8%aa%d9%88%da%af%d8%b0%d8%a7%d8%b1-%d8%af%d8%b1-%d8%a7%d9%88%d8%b1%d8%b7%d8%a7%da%a9%d9%88%db%8c-%d9%85\\\/#primaryimage\"},\"image\":{\"@id\":\"https:\\\/\\\/aloturkey.org\\\/2025\\\/12\\\/27\\\/%d8%b1%d8%a7%d9%87%d9%86%d9%85%d8%a7%db%8c-%da%a9%d8%a7%d9%85%d9%84-%da%af%d8%b4%d8%aa%d9%88%da%af%d8%b0%d8%a7%d8%b1-%d8%af%d8%b1-%d8%a7%d9%88%d8%b1%d8%b7%d8%a7%da%a9%d9%88%db%8c-%d9%85\\\/#primaryimage\"},\"thumbnailUrl\":\"https:\\\/\\\/aloturkey.org\\\/wp-content\\\/uploads\\\/2025\\\/12\\\/Ortakoy-\u2013-Iconic-Istanbul-View.jpg\",\"datePublished\":\"2025-12-27T19:02:28+00:00\",\"dateModified\":\"2025-12-27T19:02:29+00:00\",\"description\":\"\u0627\u0648\u0631\u0637\u0627\u06a9\u0648\u06cc \u06cc\u06a9\u06cc \u0627\u0632 \u0645\u062d\u0628\u0648\u0628\u200c\u062a\u0631\u06cc\u0646 \u0645\u0646\u0627\u0637\u0642 \u06af\u0631\u062f\u0634\u06af\u0631\u06cc \u0627\u0633\u062a\u0627\u0646\u0628\u0648\u0644 \u062f\u0631 \u06a9\u0646\u0627\u0631 \u0628\u0633\u0641\u0631 \u0627\u0633\u062a. \u062f\u0631 \u0627\u06cc\u0646 \u0631\u0627\u0647\u0646\u0645\u0627\u06cc \u06a9\u0627\u0645\u0644 \u0628\u0627 \u0645\u0633\u062c\u062f \u0645\u0639\u0631\u0648\u0641 \u0627\u0648\u0631\u0637\u0627\u06a9\u0648\u06cc\u060c \u06a9\u0627\u0641\u0647\u200c\u0647\u0627\u060c \u0648\u0627\u0641\u0644\u200c\u0647\u0627\u06cc \u0645\u0634\u0647\u0648\u0631 \u0648 \u0628\u0647\u062a\u0631\u06cc\u0646 \u0632\u0645\u0627\u0646 \u0628\u0627\u0632\u062f\u06cc\u062f \u0622\u0634\u0646\u0627 \u0634\u0648\u06cc\u062f.\",\"breadcrumb\":{\"@id\":\"https:\\\/\\\/aloturkey.org\\\/2025\\\/12\\\/27\\\/%d8%b1%d8%a7%d9%87%d9%86%d9%85%d8%a7%db%8c-%da%a9%d8%a7%d9%85%d9%84-%da%af%d8%b4%d8%aa%d9%88%da%af%d8%b0%d8%a7%d8%b1-%d8%af%d8%b1-%d8%a7%d9%88%d8%b1%d8%b7%d8%a7%da%a9%d9%88%db%8c-%d9%85\\\/#breadcrumb\"},\"inLanguage\":\"tr\",\"potentialAction\":[{\"@type\":\"ReadAction\",\"target\":[\"https:\\\/\\\/aloturkey.org\\\/2025\\\/12\\\/27\\\/%d8%b1%d8%a7%d9%87%d9%86%d9%85%d8%a7%db%8c-%da%a9%d8%a7%d9%85%d9%84-%da%af%d8%b4%d8%aa%d9%88%da%af%d8%b0%d8%a7%d8%b1-%d8%af%d8%b1-%d8%a7%d9%88%d8%b1%d8%b7%d8%a7%da%a9%d9%88%db%8c-%d9%85\\\/\"]}]},{\"@type\":\"ImageObject\",\"inLanguage\":\"tr\",\"@id\":\"https:\\\/\\\/aloturkey.org\\\/2025\\\/12\\\/27\\\/%d8%b1%d8%a7%d9%87%d9%86%d9%85%d8%a7%db%8c-%da%a9%d8%a7%d9%85%d9%84-%da%af%d8%b4%d8%aa%d9%88%da%af%d8%b0%d8%a7%d8%b1-%d8%af%d8%b1-%d8%a7%d9%88%d8%b1%d8%b7%d8%a7%da%a9%d9%88%db%8c-%d9%85\\\/#primaryimage\",\"url\":\"https:\\\/\\\/aloturkey.org\\\/wp-content\\\/uploads\\\/2025\\\/12\\\/Ortakoy-\u2013-Iconic-Istanbul-View.jpg\",\"contentUrl\":\"https:\\\/\\\/aloturkey.org\\\/wp-content\\\/uploads\\\/2025\\\/12\\\/Ortakoy-\u2013-Iconic-Istanbul-View.jpg\",\"width\":1200,\"height\":630,\"caption\":\"\u0648\u0627\u0641\u0644 \u0645\u0639\u0631\u0648\u0641 \u0627\u0648\u0631\u0637\u0627\u06a9\u0648\u06cc \u0627\u0633\u062a\u0627\u0646\u0628\u0648\u0644\"},{\"@type\":\"BreadcrumbList\",\"@id\":\"https:\\\/\\\/aloturkey.org\\\/2025\\\/12\\\/27\\\/%d8%b1%d8%a7%d9%87%d9%86%d9%85%d8%a7%db%8c-%da%a9%d8%a7%d9%85%d9%84-%da%af%d8%b4%d8%aa%d9%88%da%af%d8%b0%d8%a7%d8%b1-%d8%af%d8%b1-%d8%a7%d9%88%d8%b1%d8%b7%d8%a7%da%a9%d9%88%db%8c-%d9%85\\\/#breadcrumb\",\"itemListElement\":[{\"@type\":\"ListItem\",\"position\":1,\"name\":\"Home\",\"item\":\"https:\\\/\\\/aloturkey.org\\\/\"},{\"@type\":\"ListItem\",\"position\":2,\"name\":\"\u0631\u0627\u0647\u0646\u0645\u0627\u06cc \u06a9\u0627\u0645\u0644 \u06af\u0634\u062a\u200c\u0648\u06af\u0630\u0627\u0631 \u062f\u0631 \u0627\u0648\u0631\u0637\u0627\u06a9\u0648\u06cc | \u0645\u0633\u062c\u062f \u0645\u0639\u0631\u0648\u0641\u060c \u0648\u0627\u0641\u0644 \u0648 \u0628\u0633\u0641\u0631\"}]},{\"@type\":\"WebSite\",\"@id\":\"https:\\\/\\\/aloturkey.org\\\/#website\",\"url\":\"https:\\\/\\\/aloturkey.org\\\/\",\"name\":\"ALO TURKEY\",\"description\":\"\u0641\u0631\u0648\u0634 \u0645\u0644\u06a9 \u062f\u0631 \u062a\u0631\u06a9\u06cc\u0647\",\"publisher\":{\"@id\":\"https:\\\/\\\/aloturkey.org\\\/#organization\"},\"alternateName\":\"\u0627\u0644\u0648 \u062a\u0631\u06a9\u06cc\u0647\",\"potentialAction\":[{\"@type\":\"SearchAction\",\"target\":{\"@type\":\"EntryPoint\",\"urlTemplate\":\"https:\\\/\\\/aloturkey.org\\\/?s={search_term_string}\"},\"query-input\":{\"@type\":\"PropertyValueSpecification\",\"valueRequired\":true,\"valueName\":\"search_term_string\"}}],\"inLanguage\":\"tr\"},{\"@type\":[\"Organization\",\"Place\",\"RealEstateAgent\"],\"@id\":\"https:\\\/\\\/aloturkey.org\\\/#organization\",\"name\":\"ALO TURKEY\",\"alternateName\":\"ALOTURKEY\",\"url\":\"https:\\\/\\\/aloturkey.org\\\/\",\"logo\":{\"@id\":\"https:\\\/\\\/aloturkey.org\\\/2025\\\/12\\\/27\\\/%d8%b1%d8%a7%d9%87%d9%86%d9%85%d8%a7%db%8c-%da%a9%d8%a7%d9%85%d9%84-%da%af%d8%b4%d8%aa%d9%88%da%af%d8%b0%d8%a7%d8%b1-%d8%af%d8%b1-%d8%a7%d9%88%d8%b1%d8%b7%d8%a7%da%a9%d9%88%db%8c-%d9%85\\\/#local-main-organization-logo\"},\"image\":{\"@id\":\"https:\\\/\\\/aloturkey.org\\\/2025\\\/12\\\/27\\\/%d8%b1%d8%a7%d9%87%d9%86%d9%85%d8%a7%db%8c-%da%a9%d8%a7%d9%85%d9%84-%da%af%d8%b4%d8%aa%d9%88%da%af%d8%b0%d8%a7%d8%b1-%d8%af%d8%b1-%d8%a7%d9%88%d8%b1%d8%b7%d8%a7%da%a9%d9%88%db%8c-%d9%85\\\/#local-main-organization-logo\"},\"description\":\"Aloturkey\u061b \u0647\u0645\u0631\u0627\u0647 \u0645\u0637\u0645\u0626\u0646 \u0634\u0645\u0627 \u062f\u0631 \u0645\u0633\u06cc\u0631 \u062e\u0631\u06cc\u062f \u0645\u0644\u06a9 \u0648 \u062f\u0631\u06cc\u0627\u0641\u062a \u0634\u0647\u0631\u0648\u0646\u062f\u06cc \u062a\u0631\u06a9\u06cc\u0647\",\"numberOfEmployees\":{\"@type\":\"QuantitativeValue\",\"minValue\":\"1\",\"maxValue\":\"10\"},\"publishingPrinciples\":\"https:\\\/\\\/aloturkey.org\\\/my-properties\\\/\",\"ownershipFundingInfo\":\"https:\\\/\\\/aloturkey.org\\\/disclaimer\\\/\",\"correctionsPolicy\":\"https:\\\/\\\/aloturkey.org\\\/disclaimer\\\/\",\"ethicsPolicy\":\"https:\\\/\\\/aloturkey.org\\\/investment-guide\\\/\",\"diversityPolicy\":\"https:\\\/\\\/aloturkey.org\\\/disclaimer\\\/\",\"diversityStaffingReport\":\"https:\\\/\\\/aloturkey.org\\\/investment-guide\\\/\",\"telephone\":[\"05395005000\"],\"contactPoint\":{\"@type\":\"ContactPoint\",\"telephone\":\"905395005000\"},\"openingHoursSpecification\":[{\"@type\":\"OpeningHoursSpecification\",\"dayOfWeek\":[\"Monday\",\"Tuesday\",\"Wednesday\",\"Thursday\",\"Friday\"],\"opens\":\"09:00\",\"closes\":\"17:00\"},{\"@type\":\"OpeningHoursSpecification\",\"dayOfWeek\":[\"Saturday\",\"Sunday\"],\"opens\":\"10:00\",\"closes\":\"14:00\"}],\"email\":\"info@aloturkey.org\",\"faxNumber\":\"Alo Turkey\"},{\"@type\":\"Person\",\"@id\":\"https:\\\/\\\/aloturkey.org\\\/#\\\/schema\\\/person\\\/57cbbcd68162166bf85312dc0f1cb58b\",\"name\":\"alo\",\"image\":{\"@type\":\"ImageObject\",\"inLanguage\":\"tr\",\"@id\":\"https:\\\/\\\/secure.gravatar.com\\\/avatar\\\/ca843a4690aaaa09d1a088ad0577c7395489e64dd8ef6fece1dfff346994400f?s=96&d=mm&r=g\",\"url\":\"https:\\\/\\\/secure.gravatar.com\\\/avatar\\\/ca843a4690aaaa09d1a088ad0577c7395489e64dd8ef6fece1dfff346994400f?s=96&d=mm&r=g\",\"contentUrl\":\"https:\\\/\\\/secure.gravatar.com\\\/avatar\\\/ca843a4690aaaa09d1a088ad0577c7395489e64dd8ef6fece1dfff346994400f?s=96&d=mm&r=g\",\"caption\":\"alo\"},\"sameAs\":[\"https:\\\/\\\/aloturkey.org\",\"https:\\\/\\\/www.instagram.com\\\/aloturkeye\"],\"url\":\"https:\\\/\\\/aloturkey.org\\\/tr\\\/author\\\/adminat\\\/\"},{\"@type\":\"ImageObject\",\"inLanguage\":\"tr\",\"@id\":\"https:\\\/\\\/aloturkey.org\\\/2025\\\/12\\\/27\\\/%d8%b1%d8%a7%d9%87%d9%86%d9%85%d8%a7%db%8c-%da%a9%d8%a7%d9%85%d9%84-%da%af%d8%b4%d8%aa%d9%88%da%af%d8%b0%d8%a7%d8%b1-%d8%af%d8%b1-%d8%a7%d9%88%d8%b1%d8%b7%d8%a7%da%a9%d9%88%db%8c-%d9%85\\\/#local-main-organization-logo\",\"url\":\"https:\\\/\\\/aloturkey.org\\\/wp-content\\\/uploads\\\/wp-realestate-uploads\\\/user_avatar\\\/2025\\\/08\\\/logo-icon.png\",\"contentUrl\":\"https:\\\/\\\/aloturkey.org\\\/wp-content\\\/uploads\\\/wp-realestate-uploads\\\/user_avatar\\\/2025\\\/08\\\/logo-icon.png\",\"width\":160,\"height\":160,\"caption\":\"ALO TURKEY\"}]}<\/script>\n<meta name=\"geo.placename\" content=\"ISTANBUL\" \/>\n<meta name=\"geo.region\" content=\"T\u00fcrkiye\" \/>\n<!-- \/ Yoast SEO Premium plugin. -->","yoast_head_json":{"title":"\u0130stanbul Ortak\u00f6y&#039;\u00fc Ke\u015ffetmek \u0130\u00e7in Eksiksiz Rehber | \u00dcnl\u00fc Cami, Gofretler ve Bo\u011faz","description":"Ortak\u00f6y, \u0130stanbul&#039;un Bo\u011faz k\u0131y\u0131s\u0131ndaki en pop\u00fcler turistik b\u00f6lgelerinden biridir. Bu kapsaml\u0131 rehberde, \u00fcnl\u00fc Ortak\u00f6y Camii, kafeler, me\u015fhur waffle&#039;lar ve ziyaret i\u00e7in en uygun zaman hakk\u0131nda bilgi edineceksiniz.","robots":{"index":"index","follow":"follow","max-snippet":"max-snippet:-1","max-image-preview":"max-image-preview:large","max-video-preview":"max-video-preview:-1"},"canonical":"https:\/\/aloturkey.org\/tr\/2025\/12\/27\/ortakoyu-kesfetmek-icin-eksiksiz-bir-rehber\/","og_locale":"tr_TR","og_type":"article","og_title":"\u0631\u0627\u0647\u0646\u0645\u0627\u06cc \u06a9\u0627\u0645\u0644 \u06af\u0634\u062a\u200c\u0648\u06af\u0630\u0627\u0631 \u062f\u0631 \u0627\u0648\u0631\u0637\u0627\u06a9\u0648\u06cc | \u0645\u0633\u062c\u062f \u0645\u0639\u0631\u0648\u0641\u060c \u0648\u0627\u0641\u0644 \u0648 \u0628\u0633\u0641\u0631","og_description":"\u0627\u0648\u0631\u0637\u0627\u06a9\u0648\u06cc \u06cc\u06a9\u06cc \u0627\u0632 \u0645\u062d\u0628\u0648\u0628\u200c\u062a\u0631\u06cc\u0646 \u0645\u0646\u0627\u0637\u0642 \u06af\u0631\u062f\u0634\u06af\u0631\u06cc \u0627\u0633\u062a\u0627\u0646\u0628\u0648\u0644 \u062f\u0631 \u06a9\u0646\u0627\u0631 \u0628\u0633\u0641\u0631 \u0627\u0633\u062a. \u062f\u0631 \u0627\u06cc\u0646 \u0631\u0627\u0647\u0646\u0645\u0627\u06cc \u06a9\u0627\u0645\u0644 \u0628\u0627 \u0645\u0633\u062c\u062f \u0645\u0639\u0631\u0648\u0641 \u0627\u0648\u0631\u0637\u0627\u06a9\u0648\u06cc\u060c \u06a9\u0627\u0641\u0647\u200c\u0647\u0627\u060c \u0648\u0627\u0641\u0644\u200c\u0647\u0627\u06cc \u0645\u0634\u0647\u0648\u0631 \u0648 \u0628\u0647\u062a\u0631\u06cc\u0646 \u0632\u0645\u0627\u0646 \u0628\u0627\u0632\u062f\u06cc\u062f \u0622\u0634\u0646\u0627 \u0634\u0648\u06cc\u062f.","og_url":"https:\/\/aloturkey.org\/tr\/2025\/12\/27\/ortakoyu-kesfetmek-icin-eksiksiz-bir-rehber\/","og_site_name":"ALO TURKEY","article_published_time":"2025-12-27T19:02:28+00:00","article_modified_time":"2025-12-27T19:02:29+00:00","og_image":[{"width":1200,"height":630,"url":"https:\/\/aloturkey.org\/wp-content\/uploads\/2025\/12\/Ortakoy-\u2013-Iconic-Istanbul-View.jpg","type":"image\/jpeg"}],"author":"alo","twitter_card":"summary_large_image","twitter_misc":{"Yazan:":"alo","Tahmini okuma s\u00fcresi":"3 dakika"},"schema":{"@context":"https:\/\/schema.org","@graph":[{"@type":"Article","@id":"https:\/\/aloturkey.org\/2025\/12\/27\/%d8%b1%d8%a7%d9%87%d9%86%d9%85%d8%a7%db%8c-%da%a9%d8%a7%d9%85%d9%84-%da%af%d8%b4%d8%aa%d9%88%da%af%d8%b0%d8%a7%d8%b1-%d8%af%d8%b1-%d8%a7%d9%88%d8%b1%d8%b7%d8%a7%da%a9%d9%88%db%8c-%d9%85\/#article","isPartOf":{"@id":"https:\/\/aloturkey.org\/2025\/12\/27\/%d8%b1%d8%a7%d9%87%d9%86%d9%85%d8%a7%db%8c-%da%a9%d8%a7%d9%85%d9%84-%da%af%d8%b4%d8%aa%d9%88%da%af%d8%b0%d8%a7%d8%b1-%d8%af%d8%b1-%d8%a7%d9%88%d8%b1%d8%b7%d8%a7%da%a9%d9%88%db%8c-%d9%85\/"},"author":{"name":"alo","@id":"https:\/\/aloturkey.org\/#\/schema\/person\/57cbbcd68162166bf85312dc0f1cb58b"},"headline":"\u0631\u0627\u0647\u0646\u0645\u0627\u06cc \u06a9\u0627\u0645\u0644 \u06af\u0634\u062a\u200c\u0648\u06af\u0630\u0627\u0631 \u062f\u0631 \u0627\u0648\u0631\u0637\u0627\u06a9\u0648\u06cc | \u0645\u0633\u062c\u062f \u0645\u0639\u0631\u0648\u0641\u060c \u0648\u0627\u0641\u0644 \u0648 \u0628\u0633\u0641\u0631","datePublished":"2025-12-27T19:02:28+00:00","dateModified":"2025-12-27T19:02:29+00:00","mainEntityOfPage":{"@id":"https:\/\/aloturkey.org\/2025\/12\/27\/%d8%b1%d8%a7%d9%87%d9%86%d9%85%d8%a7%db%8c-%da%a9%d8%a7%d9%85%d9%84-%da%af%d8%b4%d8%aa%d9%88%da%af%d8%b0%d8%a7%d8%b1-%d8%af%d8%b1-%d8%a7%d9%88%d8%b1%d8%b7%d8%a7%da%a9%d9%88%db%8c-%d9%85\/"},"wordCount":5,"commentCount":0,"publisher":{"@id":"https:\/\/aloturkey.org\/#organization"},"image":{"@id":"https:\/\/aloturkey.org\/2025\/12\/27\/%d8%b1%d8%a7%d9%87%d9%86%d9%85%d8%a7%db%8c-%da%a9%d8%a7%d9%85%d9%84-%da%af%d8%b4%d8%aa%d9%88%da%af%d8%b0%d8%a7%d8%b1-%d8%af%d8%b1-%d8%a7%d9%88%d8%b1%d8%b7%d8%a7%da%a9%d9%88%db%8c-%d9%85\/#primaryimage"},"thumbnailUrl":"https:\/\/aloturkey.org\/wp-content\/uploads\/2025\/12\/Ortakoy-\u2013-Iconic-Istanbul-View.jpg","keywords":["\u0627\u0633\u062a\u0627\u0646\u0628\u0648\u0644\u200c\u06af\u0631\u062f\u06cc","\u0627\u0648\u0631\u0637\u0627\u06a9\u0648\u06cc","\u0628\u0633\u0641\u0631","\u06a9\u0627\u0641\u0647\u200c\u0647\u0627\u06cc \u0627\u0633\u062a\u0627\u0646\u0628\u0648\u0644","\u0645\u0633\u062c\u062f \u0627\u0648\u0631\u0637\u0627\u06a9\u0648\u06cc"],"articleSection":["\u0631\u0627\u0647\u0646\u0645\u0627\u06cc \u0645\u0646\u0627\u0637\u0642 \u0627\u0633\u062a\u0627\u0646\u0628\u0648\u0644"],"inLanguage":"tr","potentialAction":[{"@type":"CommentAction","name":"Comment","target":["https:\/\/aloturkey.org\/2025\/12\/27\/%d8%b1%d8%a7%d9%87%d9%86%d9%85%d8%a7%db%8c-%da%a9%d8%a7%d9%85%d9%84-%da%af%d8%b4%d8%aa%d9%88%da%af%d8%b0%d8%a7%d8%b1-%d8%af%d8%b1-%d8%a7%d9%88%d8%b1%d8%b7%d8%a7%da%a9%d9%88%db%8c-%d9%85\/#respond"]}]},{"@type":"WebPage","@id":"https:\/\/aloturkey.org\/2025\/12\/27\/%d8%b1%d8%a7%d9%87%d9%86%d9%85%d8%a7%db%8c-%da%a9%d8%a7%d9%85%d9%84-%da%af%d8%b4%d8%aa%d9%88%da%af%d8%b0%d8%a7%d8%b1-%d8%af%d8%b1-%d8%a7%d9%88%d8%b1%d8%b7%d8%a7%da%a9%d9%88%db%8c-%d9%85\/","url":"https:\/\/aloturkey.org\/2025\/12\/27\/%d8%b1%d8%a7%d9%87%d9%86%d9%85%d8%a7%db%8c-%da%a9%d8%a7%d9%85%d9%84-%da%af%d8%b4%d8%aa%d9%88%da%af%d8%b0%d8%a7%d8%b1-%d8%af%d8%b1-%d8%a7%d9%88%d8%b1%d8%b7%d8%a7%da%a9%d9%88%db%8c-%d9%85\/","name":"\u0130stanbul Ortak\u00f6y&#039;\u00fc Ke\u015ffetmek \u0130\u00e7in Eksiksiz Rehber | \u00dcnl\u00fc Cami, Gofretler ve Bo\u011faz","isPartOf":{"@id":"https:\/\/aloturkey.org\/#website"},"primaryImageOfPage":{"@id":"https:\/\/aloturkey.org\/2025\/12\/27\/%d8%b1%d8%a7%d9%87%d9%86%d9%85%d8%a7%db%8c-%da%a9%d8%a7%d9%85%d9%84-%da%af%d8%b4%d8%aa%d9%88%da%af%d8%b0%d8%a7%d8%b1-%d8%af%d8%b1-%d8%a7%d9%88%d8%b1%d8%b7%d8%a7%da%a9%d9%88%db%8c-%d9%85\/#primaryimage"},"image":{"@id":"https:\/\/aloturkey.org\/2025\/12\/27\/%d8%b1%d8%a7%d9%87%d9%86%d9%85%d8%a7%db%8c-%da%a9%d8%a7%d9%85%d9%84-%da%af%d8%b4%d8%aa%d9%88%da%af%d8%b0%d8%a7%d8%b1-%d8%af%d8%b1-%d8%a7%d9%88%d8%b1%d8%b7%d8%a7%da%a9%d9%88%db%8c-%d9%85\/#primaryimage"},"thumbnailUrl":"https:\/\/aloturkey.org\/wp-content\/uploads\/2025\/12\/Ortakoy-\u2013-Iconic-Istanbul-View.jpg","datePublished":"2025-12-27T19:02:28+00:00","dateModified":"2025-12-27T19:02:29+00:00","description":"Ortak\u00f6y, \u0130stanbul&#039;un Bo\u011faz k\u0131y\u0131s\u0131ndaki en pop\u00fcler turistik b\u00f6lgelerinden biridir. Bu kapsaml\u0131 rehberde, \u00fcnl\u00fc Ortak\u00f6y Camii, kafeler, me\u015fhur waffle&#039;lar ve ziyaret i\u00e7in en uygun zaman hakk\u0131nda bilgi edineceksiniz.","breadcrumb":{"@id":"https:\/\/aloturkey.org\/2025\/12\/27\/%d8%b1%d8%a7%d9%87%d9%86%d9%85%d8%a7%db%8c-%da%a9%d8%a7%d9%85%d9%84-%da%af%d8%b4%d8%aa%d9%88%da%af%d8%b0%d8%a7%d8%b1-%d8%af%d8%b1-%d8%a7%d9%88%d8%b1%d8%b7%d8%a7%da%a9%d9%88%db%8c-%d9%85\/#breadcrumb"},"inLanguage":"tr","potentialAction":[{"@type":"ReadAction","target":["https:\/\/aloturkey.org\/2025\/12\/27\/%d8%b1%d8%a7%d9%87%d9%86%d9%85%d8%a7%db%8c-%da%a9%d8%a7%d9%85%d9%84-%da%af%d8%b4%d8%aa%d9%88%da%af%d8%b0%d8%a7%d8%b1-%d8%af%d8%b1-%d8%a7%d9%88%d8%b1%d8%b7%d8%a7%da%a9%d9%88%db%8c-%d9%85\/"]}]},{"@type":"ImageObject","inLanguage":"tr","@id":"https:\/\/aloturkey.org\/2025\/12\/27\/%d8%b1%d8%a7%d9%87%d9%86%d9%85%d8%a7%db%8c-%da%a9%d8%a7%d9%85%d9%84-%da%af%d8%b4%d8%aa%d9%88%da%af%d8%b0%d8%a7%d8%b1-%d8%af%d8%b1-%d8%a7%d9%88%d8%b1%d8%b7%d8%a7%da%a9%d9%88%db%8c-%d9%85\/#primaryimage","url":"https:\/\/aloturkey.org\/wp-content\/uploads\/2025\/12\/Ortakoy-\u2013-Iconic-Istanbul-View.jpg","contentUrl":"https:\/\/aloturkey.org\/wp-content\/uploads\/2025\/12\/Ortakoy-\u2013-Iconic-Istanbul-View.jpg","width":1200,"height":630,"caption":"\u0648\u0627\u0641\u0644 \u0645\u0639\u0631\u0648\u0641 \u0627\u0648\u0631\u0637\u0627\u06a9\u0648\u06cc \u0627\u0633\u062a\u0627\u0646\u0628\u0648\u0644"},{"@type":"BreadcrumbList","@id":"https:\/\/aloturkey.org\/2025\/12\/27\/%d8%b1%d8%a7%d9%87%d9%86%d9%85%d8%a7%db%8c-%da%a9%d8%a7%d9%85%d9%84-%da%af%d8%b4%d8%aa%d9%88%da%af%d8%b0%d8%a7%d8%b1-%d8%af%d8%b1-%d8%a7%d9%88%d8%b1%d8%b7%d8%a7%da%a9%d9%88%db%8c-%d9%85\/#breadcrumb","itemListElement":[{"@type":"ListItem","position":1,"name":"Home","item":"https:\/\/aloturkey.org\/"},{"@type":"ListItem","position":2,"name":"\u0631\u0627\u0647\u0646\u0645\u0627\u06cc \u06a9\u0627\u0645\u0644 \u06af\u0634\u062a\u200c\u0648\u06af\u0630\u0627\u0631 \u062f\u0631 \u0627\u0648\u0631\u0637\u0627\u06a9\u0648\u06cc | \u0645\u0633\u062c\u062f \u0645\u0639\u0631\u0648\u0641\u060c \u0648\u0627\u0641\u0644 \u0648 \u0628\u0633\u0641\u0631"}]},{"@type":"WebSite","@id":"https:\/\/aloturkey.org\/#website","url":"https:\/\/aloturkey.org\/","name":"ALO T\u00dcRK\u0130YE","description":"T\u00fcrkiye&#039;de m\u00fclk sat\u0131\u015f\u0131","publisher":{"@id":"https:\/\/aloturkey.org\/#organization"},"alternateName":"\u0627\u0644\u0648 \u062a\u0631\u06a9\u06cc\u0647","potentialAction":[{"@type":"SearchAction","target":{"@type":"EntryPoint","urlTemplate":"https:\/\/aloturkey.org\/?s={search_term_string}"},"query-input":{"@type":"PropertyValueSpecification","valueRequired":true,"valueName":"search_term_string"}}],"inLanguage":"tr"},{"@type":["Organization","Place","RealEstateAgent"],"@id":"https:\/\/aloturkey.org\/#organization","name":"ALO T\u00dcRK\u0130YE","alternateName":"ALOTURKEY","url":"https:\/\/aloturkey.org\/","logo":{"@id":"https:\/\/aloturkey.org\/2025\/12\/27\/%d8%b1%d8%a7%d9%87%d9%86%d9%85%d8%a7%db%8c-%da%a9%d8%a7%d9%85%d9%84-%da%af%d8%b4%d8%aa%d9%88%da%af%d8%b0%d8%a7%d8%b1-%d8%af%d8%b1-%d8%a7%d9%88%d8%b1%d8%b7%d8%a7%da%a9%d9%88%db%8c-%d9%85\/#local-main-organization-logo"},"image":{"@id":"https:\/\/aloturkey.org\/2025\/12\/27\/%d8%b1%d8%a7%d9%87%d9%86%d9%85%d8%a7%db%8c-%da%a9%d8%a7%d9%85%d9%84-%da%af%d8%b4%d8%aa%d9%88%da%af%d8%b0%d8%a7%d8%b1-%d8%af%d8%b1-%d8%a7%d9%88%d8%b1%d8%b7%d8%a7%da%a9%d9%88%db%8c-%d9%85\/#local-main-organization-logo"},"description":"Aloturkey; Gayrimenkul sat\u0131n alma ve T\u00fcrk vatanda\u015fl\u0131\u011f\u0131 alma yolunda g\u00fcvenilir yol arkada\u015f\u0131n\u0131z","numberOfEmployees":{"@type":"QuantitativeValue","minValue":"1","maxValue":"10"},"publishingPrinciples":"https:\/\/aloturkey.org\/my-properties\/","ownershipFundingInfo":"https:\/\/aloturkey.org\/disclaimer\/","correctionsPolicy":"https:\/\/aloturkey.org\/disclaimer\/","ethicsPolicy":"https:\/\/aloturkey.org\/investment-guide\/","diversityPolicy":"https:\/\/aloturkey.org\/disclaimer\/","diversityStaffingReport":"https:\/\/aloturkey.org\/investment-guide\/","telephone":["05395005000"],"contactPoint":{"@type":"ContactPoint","telephone":"905395005000"},"openingHoursSpecification":[{"@type":"OpeningHoursSpecification","dayOfWeek":["Monday","Tuesday","Wednesday","Thursday","Friday"],"opens":"09:00","closes":"17:00"},{"@type":"OpeningHoursSpecification","dayOfWeek":["Saturday","Sunday"],"opens":"10:00","closes":"14:00"}],"email":"info@aloturkey.org","faxNumber":"Alo Turkey"},{"@type":"Person","@id":"https:\/\/aloturkey.org\/#\/schema\/person\/57cbbcd68162166bf85312dc0f1cb58b","name":"Merhaba","image":{"@type":"ImageObject","inLanguage":"tr","@id":"https:\/\/secure.gravatar.com\/avatar\/ca843a4690aaaa09d1a088ad0577c7395489e64dd8ef6fece1dfff346994400f?s=96&d=mm&r=g","url":"https:\/\/secure.gravatar.com\/avatar\/ca843a4690aaaa09d1a088ad0577c7395489e64dd8ef6fece1dfff346994400f?s=96&d=mm&r=g","contentUrl":"https:\/\/secure.gravatar.com\/avatar\/ca843a4690aaaa09d1a088ad0577c7395489e64dd8ef6fece1dfff346994400f?s=96&d=mm&r=g","caption":"alo"},"sameAs":["https:\/\/aloturkey.org","https:\/\/www.instagram.com\/aloturkeye"],"url":"https:\/\/aloturkey.org\/tr\/author\/adminat\/"},{"@type":"ImageObject","inLanguage":"tr","@id":"https:\/\/aloturkey.org\/2025\/12\/27\/%d8%b1%d8%a7%d9%87%d9%86%d9%85%d8%a7%db%8c-%da%a9%d8%a7%d9%85%d9%84-%da%af%d8%b4%d8%aa%d9%88%da%af%d8%b0%d8%a7%d8%b1-%d8%af%d8%b1-%d8%a7%d9%88%d8%b1%d8%b7%d8%a7%da%a9%d9%88%db%8c-%d9%85\/#local-main-organization-logo","url":"https:\/\/aloturkey.org\/wp-content\/uploads\/wp-realestate-uploads\/user_avatar\/2025\/08\/logo-icon.png","contentUrl":"https:\/\/aloturkey.org\/wp-content\/uploads\/wp-realestate-uploads\/user_avatar\/2025\/08\/logo-icon.png","width":160,"height":160,"caption":"ALO TURKEY"}]},"geo.placename":"ISTANBUL","geo.region":"T\u00fcrkiye"},"_links":{"self":[{"href":"https:\/\/aloturkey.org\/tr\/wp-json\/wp\/v2\/posts\/6757","targetHints":{"allow":["GET"]}}],"collection":[{"href":"https:\/\/aloturkey.org\/tr\/wp-json\/wp\/v2\/posts"}],"about":[{"href":"https:\/\/aloturkey.org\/tr\/wp-json\/wp\/v2\/types\/post"}],"author":[{"embeddable":true,"href":"https:\/\/aloturkey.org\/tr\/wp-json\/wp\/v2\/users\/52"}],"replies":[{"embeddable":true,"href":"https:\/\/aloturkey.org\/tr\/wp-json\/wp\/v2\/comments?post=6757"}],"version-history":[{"count":0,"href":"https:\/\/aloturkey.org\/tr\/wp-json\/wp\/v2\/posts\/6757\/revisions"}],"wp:featuredmedia":[{"embeddable":true,"href":"https:\/\/aloturkey.org\/tr\/wp-json\/wp\/v2\/media\/6758"}],"wp:attachment":[{"href":"https:\/\/aloturkey.org\/tr\/wp-json\/wp\/v2\/media?parent=6757"}],"wp:term":[{"taxonomy":"category","embeddable":true,"href":"https:\/\/aloturkey.org\/tr\/wp-json\/wp\/v2\/categories?post=6757"},{"taxonomy":"post_tag","embeddable":true,"href":"https:\/\/aloturkey.org\/tr\/wp-json\/wp\/v2\/tags?post=6757"}],"curies":[{"name":"wp","href":"https:\/\/api.w.org\/{rel}","templated":true}]}}