{"id":6769,"date":"2026-01-03T16:38:05","date_gmt":"2026-01-03T13:38:05","guid":{"rendered":"https:\/\/aloturkey.org\/?p=6769"},"modified":"2026-01-03T16:38:06","modified_gmt":"2026-01-03T13:38:06","slug":"moda-stanbda-gezinmeye-dair-eksiksiz-bir-rehber","status":"publish","type":"post","link":"https:\/\/aloturkey.org\/tr\/2026\/01\/03\/%d8%b1%d8%a7%d9%87%d9%86%d9%85%d8%a7%db%8c-%da%a9%d8%a7%d9%85%d9%84-%da%af%d8%b4%d8%aa%d9%88%da%af%d8%b0%d8%a7%d8%b1-%d8%af%d8%b1-%d9%85%d9%88%d8%af%d8%a7-%d8%a7%d8%b3%d8%aa%d8%a7%d9%86%d8%a8\/","title":{"rendered":"Moda&#039;y\u0131 Ke\u015ffetmek \u0130\u00e7in Eksiksiz K\u0131lavuz | \u0130stanbul&#039;un Sanatsal ve Huzurlu Semti"},"content":{"rendered":"<p>Moda, \u0130stanbul&#039;un merkezidir. <strong>Ortam sakinle\u015fiyor.<\/strong>.<br>Meydanlar\u0131n, al\u0131\u015fveri\u015f merkezlerinin ve turistik b\u00f6lgelerin tela\u015f\u0131ndan s\u0131k\u0131ld\u0131ysan\u0131z ve sanatsal, samimi ve yerel bir atmosferde birka\u00e7 saat veya hatta b\u00fct\u00fcn bir g\u00fcn ge\u00e7irmek istiyorsan\u0131z, Moda \u0130stanbul&#039;daki en iyi se\u00e7eneklerden biridir.<\/p>\n\n\n\n<p>Bu mahalle Kad\u0131k\u00f6y&#039;\u00fcn bir par\u00e7as\u0131 olsa da, tamamen farkl\u0131 bir atmosfere sahip; daha rahat, samimi ve ilham verici.<\/p>\n\n\n\n<hr class=\"wp-block-separator has-alpha-channel-opacity\"\/>\n\n\n\n<h2 class=\"wp-block-heading\" id=\"h-\u0645\u0648\u062f\u0627-\u06a9\u062c\u0627\u0633\u062a-\u0648-\u0686\u0647-\u062d\u0627\u0644-\u0648\u0647\u0648\u0627\u06cc\u06cc-\u062f\u0627\u0631\u062f\">\ud83d\udccd Moda nerede ve atmosferi nas\u0131l?<\/h2>\n\n\n\n<p>Moda, \u0130stanbul&#039;un Asya yakas\u0131nda, Marmara Denizi k\u0131y\u0131s\u0131nda, Kad\u0131k\u00f6y semtinde yer almaktad\u0131r.<br>Moda&#039;ya Kad\u0131k\u00f6y feribotu, metro ve k\u0131sa bir y\u00fcr\u00fcy\u00fc\u015fle ula\u015fmak \u00e7ok kolay.<\/p>\n\n\n\n<p><strong>Moda&#039;n\u0131n ruh hali:<\/strong><\/p>\n\n\n\n<ul class=\"wp-block-list\">\n<li>Sessiz ve yerel<\/li>\n\n\n\n<li>Sanatsal ve yarat\u0131c\u0131<\/li>\n\n\n\n<li>Y\u00fcr\u00fcy\u00fc\u015f ve dinlenme i\u00e7in uygundur.<\/li>\n\n\n\n<li>Sanat\u00e7\u0131lar, yazarlar ve gen\u00e7ler aras\u0131nda pop\u00fcler.<\/li>\n<\/ul>\n\n\n\n<hr class=\"wp-block-separator has-alpha-channel-opacity\"\/>\n\n\n\n<h2 class=\"wp-block-heading\" id=\"h-\u067e\u0627\u0631\u06a9-\u0645\u0648\u062f\u0627-\u0648-\u0633\u0627\u062d\u0644-\u0642\u0644\u0628-\u062a\u067e\u0646\u062f\u0647-\u0645\u062d\u0644\u0647\">\ud83c\udf0a Moda Park ve Plaj\u0131; Mahallenin atan kalbi<\/h2>\n\n\n\n<h3 class=\"wp-block-heading\" id=\"h-\u067e\u0627\u0631\u06a9-\u0645\u0648\u062f\u0627-moda-sahil-parki\">Moda Plaj Park\u0131<\/h3>\n\n\n\n<p>Moda&#039;n\u0131n en \u00f6nemli \u00f6zelli\u011fi sahil park\u0131d\u0131r.<br>Buras\u0131 yerel halk\u0131n u\u011frak yeri:<\/p>\n\n\n\n<ul class=\"wp-block-list\">\n<li>\u00c7imenlerin \u00fczerine oturuyorlar.<\/li>\n\n\n\n<li>Onlar kitap okuyorlar.<\/li>\n\n\n\n<li>Onlar m\u00fczik dinliyorlar.<\/li>\n\n\n\n<li>G\u00fcne\u015f bat\u0131m\u0131n\u0131 izliyorlar.<\/li>\n<\/ul>\n\n\n\n<p>\ud83d\udccc Moda g\u00fcn bat\u0131mlar\u0131 \u0130stanbul&#039;un en g\u00fczel g\u00fcn bat\u0131mlar\u0131 aras\u0131nda yer al\u0131yor \ud83c\udf05<\/p>\n\n\n\n<hr class=\"wp-block-separator has-alpha-channel-opacity\"\/>\n\n\n\n<h2 class=\"wp-block-heading\" id=\"h-\u06a9\u0627\u0641\u0647-\u0647\u0627-\u0648-\u0642\u0647\u0648\u0647-\u0641\u0631\u0648\u0634\u06cc-\u0647\u0627\u06cc-\u0645\u0648\u062f\u0627\">\u2615 \u015e\u0131k kafeler ve kahve d\u00fckkanlar\u0131<\/h2>\n\n\n\n<p>Moda, \u00e7o\u011fu birbirinden farkl\u0131 k\u00fc\u00e7\u00fck kafelerle dolu:<\/p>\n\n\n\n<ul class=\"wp-block-list\">\n<li>Sakin ve seyrek n\u00fcfuslu yerlerdir.<\/li>\n\n\n\n<li>Sade ve sanatsal bir tasar\u0131ma sahipler.<\/li>\n\n\n\n<li>Diz\u00fcst\u00fc bilgisayarla \u00e7al\u0131\u015fmak veya ders \u00e7al\u0131\u015fmak i\u00e7in harika.<\/li>\n<\/ul>\n\n\n\n<p><strong>Moda Cafe&#039;lerin \u00d6zellikleri:<\/strong><\/p>\n\n\n\n<ul class=\"wp-block-list\">\n<li>\u00d6zel kahveler<\/li>\n\n\n\n<li>Ev yap\u0131m\u0131 tatl\u0131lar<\/li>\n\n\n\n<li>Avrupa k\u0131sm\u0131na g\u00f6re daha uygun fiyatl\u0131<\/li>\n<\/ul>\n\n\n\n<hr class=\"wp-block-separator has-alpha-channel-opacity\"\/>\n\n\n\n<h2 class=\"wp-block-heading\" id=\"h-\u0647\u0646\u0631-\u06a9\u062a\u0627\u0628-\u0648-\u0632\u0646\u062f\u06af\u06cc-\u0645\u062d\u0644\u06cc\">\ud83c\udfa8 Sanat, kitaplar ve yerel ya\u015fam<\/h2>\n\n\n\n<p>Moda&#039;da \u015funlar\u0131 yapabilirsiniz:<\/p>\n\n\n\n<ul class=\"wp-block-list\">\n<li>Ba\u011f\u0131ms\u0131z kitap\u00e7\u0131lar<\/li>\n\n\n\n<li>El sanatlar\u0131 ma\u011fazalar\u0131<\/li>\n\n\n\n<li>K\u00fc\u00e7\u00fck sanat galerileri<\/li>\n<\/ul>\n\n\n\n<p>G\u00f6rmek.<br>Moda, \u0130stanbul&#039;un en k\u00fclt\u00fcrel semtlerinden biridir ve bu his, atmosferinde a\u00e7\u0131k\u00e7a hissedilmektedir.<\/p>\n\n\n\n<hr class=\"wp-block-separator has-alpha-channel-opacity\"\/>\n\n\n\n<h2 class=\"wp-block-heading\" id=\"h-\u0628\u0631\u0646\u0627\u0645\u0647-\u067e\u06cc\u0634\u0646\u0647\u0627\u062f\u06cc-\u06af\u0634\u062a-\u0648\u06af\u0630\u0627\u0631-\u062f\u0631-\u0645\u0648\u062f\u0627-\u0646\u06cc\u0645-\u0631\u0648\u0632-\u062a\u0627-\u06cc\u06a9-\u0631\u0648\u0632\">\ud83d\udeb6 Moda&#039;da \u00f6nerilen gezi program\u0131 (yar\u0131m g\u00fcn ila bir g\u00fcn)<\/h2>\n\n\n\n<p><strong>Sabah:<\/strong><\/p>\n\n\n\n<ul class=\"wp-block-list\">\n<li>Kad\u0131k\u00f6y&#039;e var\u0131p Moda&#039;ya do\u011fru y\u00fcr\u00fcmek.<\/li>\n\n\n\n<li>Yerel kafelerde kahvalt\u0131<\/li>\n<\/ul>\n\n\n\n<p><strong>\u00d6\u011flen:<\/strong><\/p>\n\n\n\n<ul class=\"wp-block-list\">\n<li>Sessiz sokaklarda y\u00fcr\u00fcy\u00fc\u015f<\/li>\n\n\n\n<li>Kitap\u00e7\u0131lara ve k\u00fc\u00e7\u00fck d\u00fckkanlara gitmek<\/li>\n<\/ul>\n\n\n\n<p><strong>Ak\u015fam:<\/strong><\/p>\n\n\n\n<ul class=\"wp-block-list\">\n<li>Moda Park&#039;ta dinlenmek<\/li>\n\n\n\n<li>Deniz kenar\u0131nda kahve veya \u00e7ay i\u00e7mek<\/li>\n<\/ul>\n\n\n\n<p><strong>G\u00fcn bat\u0131m\u0131:<\/strong><\/p>\n\n\n\n<ul class=\"wp-block-list\">\n<li>G\u00fcn bat\u0131m\u0131n\u0131 izlemek \ud83c\udf05<\/li>\n<\/ul>\n\n\n\n<p><strong>Gece:<\/strong><\/p>\n\n\n\n<ul class=\"wp-block-list\">\n<li>Kafelerde hafif ak\u015fam yeme\u011fi veya tatl\u0131<\/li>\n<\/ul>\n\n\n\n<hr class=\"wp-block-separator has-alpha-channel-opacity\"\/>\n\n\n\n<h2 class=\"wp-block-heading\" id=\"h-\u0645\u0648\u062f\u0627-\u0645\u0646\u0627\u0633\u0628-\u0686\u0647-\u06a9\u0633\u0627\u0646\u06cc-\u0627\u0633\u062a\">\ud83d\udc68\u200d\ud83d\udc69\u200d\ud83d\udc67 Moda kimler i\u00e7in uygundur?<\/h2>\n\n\n\n<p>\u2714\ufe0f Bar\u0131\u015fla ilgilenenler<br>\u2714\ufe0f Sanatseverler ve kitap severler<br>\u2714\ufe0f Y\u00fcr\u00fcmeyi ve kafelerde oturmay\u0131 sevenler<br>\u2714\ufe0f \u00c7iftler ve arkada\u015f gruplar\u0131 i\u00e7in geziler<\/p>\n\n\n\n<hr class=\"wp-block-separator has-alpha-channel-opacity\"\/>\n\n\n\n<h2 class=\"wp-block-heading\" id=\"h-\u0686\u0642\u062f\u0631-\u0632\u0645\u0627\u0646-\u0628\u0631\u0627\u06cc-\u0645\u0648\u062f\u0627-\u0644\u0627\u0632\u0645-\u0627\u0633\u062a\">\u23f1\ufe0f Moda&#039;n\u0131n haz\u0131rlanmas\u0131 ne kadar zaman al\u0131yor?<\/h2>\n\n\n\n<ul class=\"wp-block-list\">\n<li>Minimum: <strong>3 ila 4 saat<\/strong><\/li>\n\n\n\n<li>\u0130deal: <strong>Tam yar\u0131m g\u00fcn<\/strong><\/li>\n\n\n\n<li>Bar\u0131\u015fseverler i\u00e7in: <strong>Tam bir g\u00fcn<\/strong><\/li>\n<\/ul>\n\n\n\n<hr class=\"wp-block-separator has-alpha-channel-opacity\"\/>\n\n\n\n<h2 class=\"wp-block-heading\" id=\"h-\u062c\u0645\u0639-\u0628\u0646\u062f\u06cc\">\u2705 Sonu\u00e7<\/h2>\n\n\n\n<p>Moda, yava\u015flay\u0131p derinlemesine d\u00fc\u015f\u00fcnebilece\u011finiz bir yer.<br>E\u011fer \u0130stanbul&#039;u acele etmeden, kalabal\u0131k olmadan ve ilham verici bir atmosferde deneyimlemek istiyorsan\u0131z, Moda en iyi se\u00e7eneklerden biridir.<\/p>","protected":false},"excerpt":{"rendered":"<p>\u0645\u0648\u062f\u0627 \u062c\u0627\u06cc\u06cc \u0627\u0633\u062a \u06a9\u0647 \u0627\u0633\u062a\u0627\u0646\u0628\u0648\u0644 \u0622\u0631\u0627\u0645 \u0645\u06cc\u200c\u0634\u0648\u062f.\u0627\u06af\u0631 \u0627\u0632 \u0634\u0644\u0648\u063a\u06cc \u0645\u06cc\u062f\u0627\u0646\u200c\u0647\u0627\u060c \u0645\u0631\u0627\u06a9\u0632 \u062e\u0631\u06cc\u062f \u0648 \u0645\u0633\u06cc\u0631\u0647\u0627\u06cc \u062a\u0648\u0631\u06cc\u0633\u062a\u06cc \u062e\u0633\u062a\u0647 \u0634\u062f\u0647\u200c\u0627\u06cc\u062f \u0648 \u062f\u0644\u062a\u0627\u0646 \u0645\u06cc\u200c\u062e\u0648\u0627\u0647\u062f \u0686\u0646\u062f \u0633\u0627\u0639\u062a \u06cc\u0627 \u062d\u062a\u06cc \u06cc\u06a9 \u0631\u0648\u0632 \u06a9\u0627\u0645\u0644 \u0631\u0627 \u062f\u0631 \u0641\u0636\u0627\u06cc\u06cc \u0647\u0646\u0631\u06cc\u060c \u062f\u0646\u062c \u0648 \u0645\u062d\u0644\u06cc \u0628\u06af\u0630\u0631\u0627\u0646\u06cc\u062f\u060c \u0645\u0648\u062f\u0627 \u06cc\u06a9\u06cc \u0627\u0632 \u0628\u0647\u062a\u0631\u06cc\u0646 \u0627\u0646\u062a\u062e\u0627\u0628\u200c\u0647\u0627 \u062f\u0631 \u0627\u0633\u062a\u0627\u0646\u0628\u0648\u0644 \u0627\u0633\u062a. \u0627\u06cc\u0646 \u0645\u062d\u0644\u0647 \u0628\u062e\u0634\u06cc \u0627\u0632 \u06a9\u0627\u062f\u06cc\u06a9\u0648\u06cc \u0627\u0633\u062a\u060c \u0627\u0645\u0627 \u062d\u0627\u0644\u200c\u0648\u0647\u0648\u0627\u06cc\u06cc \u06a9\u0627\u0645\u0644\u0627\u064b \u0645\u062a\u0641\u0627\u0648\u062a \u062f\u0627\u0631\u062f\u061b \u0622\u0631\u0627\u0645\u200c\u062a\u0631\u060c [&hellip;]<\/p>\n","protected":false},"author":52,"featured_media":6770,"comment_status":"open","ping_status":"open","sticky":false,"template":"","format":"standard","meta":{"googlesitekit_rrm_CAow34nBDA:productID":"","footnotes":""},"categories":[19],"tags":[384,383,390,399,398],"class_list":["post-6769","post","type-post","status-publish","format-standard","has-post-thumbnail","hentry","category-istanbul-neighborhoods-guide","tag-384","tag-383","tag-390","tag-399","tag-398"],"yoast_head":"<!-- This site is optimized with the Yoast SEO Premium plugin v26.9 (Yoast SEO v27.4) - https:\/\/yoast.com\/product\/yoast-seo-premium-wordpress\/ -->\n<title>\u0631\u0627\u0647\u0646\u0645\u0627\u06cc \u06a9\u0627\u0645\u0644 \u06af\u0634\u062a\u200c\u0648\u06af\u0630\u0627\u0631 \u062f\u0631 \u0645\u0648\u062f\u0627 \u0627\u0633\u062a\u0627\u0646\u0628\u0648\u0644 | \u0622\u0631\u0627\u0645\u0634\u060c \u0647\u0646\u0631 \u0648 \u063a\u0631\u0648\u0628\u200c\u0647\u0627\u06cc \u0632\u06cc\u0628\u0627<\/title>\n<meta name=\"description\" content=\"\u0645\u0648\u062f\u0627 \u06cc\u06a9\u06cc \u0627\u0632 \u0622\u0631\u0627\u0645\u200c\u062a\u0631\u06cc\u0646 \u0648 \u0647\u0646\u0631\u06cc\u200c\u062a\u0631\u06cc\u0646 \u0645\u062d\u0644\u0647\u200c\u0647\u0627\u06cc \u0627\u0633\u062a\u0627\u0646\u0628\u0648\u0644 \u062f\u0631 \u06a9\u0627\u062f\u06cc\u06a9\u0648\u06cc \u0627\u0633\u062a. \u062f\u0631 \u0627\u06cc\u0646 \u0631\u0627\u0647\u0646\u0645\u0627\u06cc \u062c\u0627\u0645\u0639 \u0628\u0627 \u06a9\u0627\u0641\u0647\u200c\u0647\u0627\u060c \u067e\u0627\u0631\u06a9 \u0633\u0627\u062d\u0644\u06cc\u060c \u0645\u0633\u06cc\u0631\u0647\u0627\u06cc \u067e\u06cc\u0627\u062f\u0647\u200c\u0631\u0648\u06cc \u0648 \u0628\u0631\u0646\u0627\u0645\u0647 \u06a9\u0627\u0645\u0644 \u06af\u0634\u062a\u200c\u0648\u06af\u0630\u0627\u0631 \u062f\u0631 \u0645\u0648\u062f\u0627 \u0622\u0634\u0646\u0627 \u0634\u0648\u06cc\u062f.\" \/>\n<meta name=\"robots\" content=\"index, follow, max-snippet:-1, max-image-preview:large, max-video-preview:-1\" \/>\n<link rel=\"canonical\" href=\"https:\/\/aloturkey.org\/tr\/2026\/01\/03\/moda-stanbda-gezinmeye-dair-eksiksiz-bir-rehber\/\" \/>\n<meta property=\"og:locale\" content=\"tr_TR\" \/>\n<meta property=\"og:type\" content=\"article\" \/>\n<meta property=\"og:title\" content=\"\u0631\u0627\u0647\u0646\u0645\u0627\u06cc \u06a9\u0627\u0645\u0644 \u06af\u0634\u062a\u200c\u0648\u06af\u0630\u0627\u0631 \u062f\u0631 \u0645\u0648\u062f\u0627 | \u0645\u062d\u0644\u0647 \u0647\u0646\u0631\u06cc \u0648 \u0622\u0631\u0627\u0645 \u0627\u0633\u062a\u0627\u0646\u0628\u0648\u0644\" \/>\n<meta property=\"og:description\" content=\"\u0645\u0648\u062f\u0627 \u06cc\u06a9\u06cc \u0627\u0632 \u0622\u0631\u0627\u0645\u200c\u062a\u0631\u06cc\u0646 \u0648 \u0647\u0646\u0631\u06cc\u200c\u062a\u0631\u06cc\u0646 \u0645\u062d\u0644\u0647\u200c\u0647\u0627\u06cc \u0627\u0633\u062a\u0627\u0646\u0628\u0648\u0644 \u062f\u0631 \u06a9\u0627\u062f\u06cc\u06a9\u0648\u06cc \u0627\u0633\u062a. \u062f\u0631 \u0627\u06cc\u0646 \u0631\u0627\u0647\u0646\u0645\u0627\u06cc \u062c\u0627\u0645\u0639 \u0628\u0627 \u06a9\u0627\u0641\u0647\u200c\u0647\u0627\u060c \u067e\u0627\u0631\u06a9 \u0633\u0627\u062d\u0644\u06cc\u060c \u0645\u0633\u06cc\u0631\u0647\u0627\u06cc \u067e\u06cc\u0627\u062f\u0647\u200c\u0631\u0648\u06cc \u0648 \u0628\u0631\u0646\u0627\u0645\u0647 \u06a9\u0627\u0645\u0644 \u06af\u0634\u062a\u200c\u0648\u06af\u0630\u0627\u0631 \u062f\u0631 \u0645\u0648\u062f\u0627 \u0622\u0634\u0646\u0627 \u0634\u0648\u06cc\u062f.\" \/>\n<meta property=\"og:url\" content=\"https:\/\/aloturkey.org\/tr\/2026\/01\/03\/moda-stanbda-gezinmeye-dair-eksiksiz-bir-rehber\/\" \/>\n<meta property=\"og:site_name\" content=\"ALO TURKEY\" \/>\n<meta property=\"article:published_time\" content=\"2026-01-03T13:38:05+00:00\" \/>\n<meta property=\"article:modified_time\" content=\"2026-01-03T13:38:06+00:00\" \/>\n<meta property=\"og:image\" content=\"https:\/\/aloturkey.org\/wp-content\/uploads\/2026\/01\/Moda-\u2013-Calm-Artistic-Istanbul.jpg\" \/>\n\t<meta property=\"og:image:width\" content=\"1200\" \/>\n\t<meta property=\"og:image:height\" content=\"630\" \/>\n\t<meta property=\"og:image:type\" content=\"image\/jpeg\" \/>\n<meta name=\"author\" content=\"alo\" \/>\n<meta name=\"twitter:card\" content=\"summary_large_image\" \/>\n<meta name=\"twitter:label1\" content=\"Yazan:\" \/>\n\t<meta name=\"twitter:data1\" content=\"alo\" \/>\n\t<meta name=\"twitter:label2\" content=\"Tahmini okuma s\u00fcresi\" \/>\n\t<meta name=\"twitter:data2\" content=\"3 dakika\" \/>\n<script type=\"application\/ld+json\" class=\"yoast-schema-graph\">{\"@context\":\"https:\\\/\\\/schema.org\",\"@graph\":[{\"@type\":\"Article\",\"@id\":\"https:\\\/\\\/aloturkey.org\\\/2026\\\/01\\\/03\\\/%d8%b1%d8%a7%d9%87%d9%86%d9%85%d8%a7%db%8c-%da%a9%d8%a7%d9%85%d9%84-%da%af%d8%b4%d8%aa%d9%88%da%af%d8%b0%d8%a7%d8%b1-%d8%af%d8%b1-%d9%85%d9%88%d8%af%d8%a7-%d8%a7%d8%b3%d8%aa%d8%a7%d9%86%d8%a8\\\/#article\",\"isPartOf\":{\"@id\":\"https:\\\/\\\/aloturkey.org\\\/2026\\\/01\\\/03\\\/%d8%b1%d8%a7%d9%87%d9%86%d9%85%d8%a7%db%8c-%da%a9%d8%a7%d9%85%d9%84-%da%af%d8%b4%d8%aa%d9%88%da%af%d8%b0%d8%a7%d8%b1-%d8%af%d8%b1-%d9%85%d9%88%d8%af%d8%a7-%d8%a7%d8%b3%d8%aa%d8%a7%d9%86%d8%a8\\\/\"},\"author\":{\"name\":\"alo\",\"@id\":\"https:\\\/\\\/aloturkey.org\\\/#\\\/schema\\\/person\\\/57cbbcd68162166bf85312dc0f1cb58b\"},\"headline\":\"\u0631\u0627\u0647\u0646\u0645\u0627\u06cc \u06a9\u0627\u0645\u0644 \u06af\u0634\u062a\u200c\u0648\u06af\u0630\u0627\u0631 \u062f\u0631 \u0645\u0648\u062f\u0627 | \u0645\u062d\u0644\u0647 \u0647\u0646\u0631\u06cc \u0648 \u0622\u0631\u0627\u0645 \u0627\u0633\u062a\u0627\u0646\u0628\u0648\u0644\",\"datePublished\":\"2026-01-03T13:38:05+00:00\",\"dateModified\":\"2026-01-03T13:38:06+00:00\",\"mainEntityOfPage\":{\"@id\":\"https:\\\/\\\/aloturkey.org\\\/2026\\\/01\\\/03\\\/%d8%b1%d8%a7%d9%87%d9%86%d9%85%d8%a7%db%8c-%da%a9%d8%a7%d9%85%d9%84-%da%af%d8%b4%d8%aa%d9%88%da%af%d8%b0%d8%a7%d8%b1-%d8%af%d8%b1-%d9%85%d9%88%d8%af%d8%a7-%d8%a7%d8%b3%d8%aa%d8%a7%d9%86%d8%a8\\\/\"},\"wordCount\":3,\"commentCount\":0,\"publisher\":{\"@id\":\"https:\\\/\\\/aloturkey.org\\\/#organization\"},\"image\":{\"@id\":\"https:\\\/\\\/aloturkey.org\\\/2026\\\/01\\\/03\\\/%d8%b1%d8%a7%d9%87%d9%86%d9%85%d8%a7%db%8c-%da%a9%d8%a7%d9%85%d9%84-%da%af%d8%b4%d8%aa%d9%88%da%af%d8%b0%d8%a7%d8%b1-%d8%af%d8%b1-%d9%85%d9%88%d8%af%d8%a7-%d8%a7%d8%b3%d8%aa%d8%a7%d9%86%d8%a8\\\/#primaryimage\"},\"thumbnailUrl\":\"https:\\\/\\\/aloturkey.org\\\/wp-content\\\/uploads\\\/2026\\\/01\\\/Moda-\u2013-Calm-Artistic-Istanbul.jpg\",\"keywords\":[\"\u0628\u062e\u0634 \u0622\u0633\u06cc\u0627\u06cc\u06cc \u0627\u0633\u062a\u0627\u0646\u0628\u0648\u0644\",\"\u06a9\u0627\u062f\u06cc\u06a9\u0648\u06cc\",\"\u06a9\u0627\u0641\u0647\u200c\u06af\u0631\u062f\u06cc \u0627\u0633\u062a\u0627\u0646\u0628\u0648\u0644\",\"\u0645\u062d\u0644\u0647\u200c\u0647\u0627\u06cc \u0647\u0646\u0631\u06cc\",\"\u0645\u0648\u062f\u0627\"],\"articleSection\":[\"\u0631\u0627\u0647\u0646\u0645\u0627\u06cc \u0645\u0646\u0627\u0637\u0642 \u0627\u0633\u062a\u0627\u0646\u0628\u0648\u0644\"],\"inLanguage\":\"tr\",\"potentialAction\":[{\"@type\":\"CommentAction\",\"name\":\"Comment\",\"target\":[\"https:\\\/\\\/aloturkey.org\\\/2026\\\/01\\\/03\\\/%d8%b1%d8%a7%d9%87%d9%86%d9%85%d8%a7%db%8c-%da%a9%d8%a7%d9%85%d9%84-%da%af%d8%b4%d8%aa%d9%88%da%af%d8%b0%d8%a7%d8%b1-%d8%af%d8%b1-%d9%85%d9%88%d8%af%d8%a7-%d8%a7%d8%b3%d8%aa%d8%a7%d9%86%d8%a8\\\/#respond\"]}]},{\"@type\":\"WebPage\",\"@id\":\"https:\\\/\\\/aloturkey.org\\\/2026\\\/01\\\/03\\\/%d8%b1%d8%a7%d9%87%d9%86%d9%85%d8%a7%db%8c-%da%a9%d8%a7%d9%85%d9%84-%da%af%d8%b4%d8%aa%d9%88%da%af%d8%b0%d8%a7%d8%b1-%d8%af%d8%b1-%d9%85%d9%88%d8%af%d8%a7-%d8%a7%d8%b3%d8%aa%d8%a7%d9%86%d8%a8\\\/\",\"url\":\"https:\\\/\\\/aloturkey.org\\\/2026\\\/01\\\/03\\\/%d8%b1%d8%a7%d9%87%d9%86%d9%85%d8%a7%db%8c-%da%a9%d8%a7%d9%85%d9%84-%da%af%d8%b4%d8%aa%d9%88%da%af%d8%b0%d8%a7%d8%b1-%d8%af%d8%b1-%d9%85%d9%88%d8%af%d8%a7-%d8%a7%d8%b3%d8%aa%d8%a7%d9%86%d8%a8\\\/\",\"name\":\"\u0631\u0627\u0647\u0646\u0645\u0627\u06cc \u06a9\u0627\u0645\u0644 \u06af\u0634\u062a\u200c\u0648\u06af\u0630\u0627\u0631 \u062f\u0631 \u0645\u0648\u062f\u0627 \u0627\u0633\u062a\u0627\u0646\u0628\u0648\u0644 | \u0622\u0631\u0627\u0645\u0634\u060c \u0647\u0646\u0631 \u0648 \u063a\u0631\u0648\u0628\u200c\u0647\u0627\u06cc \u0632\u06cc\u0628\u0627\",\"isPartOf\":{\"@id\":\"https:\\\/\\\/aloturkey.org\\\/#website\"},\"primaryImageOfPage\":{\"@id\":\"https:\\\/\\\/aloturkey.org\\\/2026\\\/01\\\/03\\\/%d8%b1%d8%a7%d9%87%d9%86%d9%85%d8%a7%db%8c-%da%a9%d8%a7%d9%85%d9%84-%da%af%d8%b4%d8%aa%d9%88%da%af%d8%b0%d8%a7%d8%b1-%d8%af%d8%b1-%d9%85%d9%88%d8%af%d8%a7-%d8%a7%d8%b3%d8%aa%d8%a7%d9%86%d8%a8\\\/#primaryimage\"},\"image\":{\"@id\":\"https:\\\/\\\/aloturkey.org\\\/2026\\\/01\\\/03\\\/%d8%b1%d8%a7%d9%87%d9%86%d9%85%d8%a7%db%8c-%da%a9%d8%a7%d9%85%d9%84-%da%af%d8%b4%d8%aa%d9%88%da%af%d8%b0%d8%a7%d8%b1-%d8%af%d8%b1-%d9%85%d9%88%d8%af%d8%a7-%d8%a7%d8%b3%d8%aa%d8%a7%d9%86%d8%a8\\\/#primaryimage\"},\"thumbnailUrl\":\"https:\\\/\\\/aloturkey.org\\\/wp-content\\\/uploads\\\/2026\\\/01\\\/Moda-\u2013-Calm-Artistic-Istanbul.jpg\",\"datePublished\":\"2026-01-03T13:38:05+00:00\",\"dateModified\":\"2026-01-03T13:38:06+00:00\",\"description\":\"\u0645\u0648\u062f\u0627 \u06cc\u06a9\u06cc \u0627\u0632 \u0622\u0631\u0627\u0645\u200c\u062a\u0631\u06cc\u0646 \u0648 \u0647\u0646\u0631\u06cc\u200c\u062a\u0631\u06cc\u0646 \u0645\u062d\u0644\u0647\u200c\u0647\u0627\u06cc \u0627\u0633\u062a\u0627\u0646\u0628\u0648\u0644 \u062f\u0631 \u06a9\u0627\u062f\u06cc\u06a9\u0648\u06cc \u0627\u0633\u062a. \u062f\u0631 \u0627\u06cc\u0646 \u0631\u0627\u0647\u0646\u0645\u0627\u06cc \u062c\u0627\u0645\u0639 \u0628\u0627 \u06a9\u0627\u0641\u0647\u200c\u0647\u0627\u060c \u067e\u0627\u0631\u06a9 \u0633\u0627\u062d\u0644\u06cc\u060c \u0645\u0633\u06cc\u0631\u0647\u0627\u06cc \u067e\u06cc\u0627\u062f\u0647\u200c\u0631\u0648\u06cc \u0648 \u0628\u0631\u0646\u0627\u0645\u0647 \u06a9\u0627\u0645\u0644 \u06af\u0634\u062a\u200c\u0648\u06af\u0630\u0627\u0631 \u062f\u0631 \u0645\u0648\u062f\u0627 \u0622\u0634\u0646\u0627 \u0634\u0648\u06cc\u062f.\",\"breadcrumb\":{\"@id\":\"https:\\\/\\\/aloturkey.org\\\/2026\\\/01\\\/03\\\/%d8%b1%d8%a7%d9%87%d9%86%d9%85%d8%a7%db%8c-%da%a9%d8%a7%d9%85%d9%84-%da%af%d8%b4%d8%aa%d9%88%da%af%d8%b0%d8%a7%d8%b1-%d8%af%d8%b1-%d9%85%d9%88%d8%af%d8%a7-%d8%a7%d8%b3%d8%aa%d8%a7%d9%86%d8%a8\\\/#breadcrumb\"},\"inLanguage\":\"tr\",\"potentialAction\":[{\"@type\":\"ReadAction\",\"target\":[\"https:\\\/\\\/aloturkey.org\\\/2026\\\/01\\\/03\\\/%d8%b1%d8%a7%d9%87%d9%86%d9%85%d8%a7%db%8c-%da%a9%d8%a7%d9%85%d9%84-%da%af%d8%b4%d8%aa%d9%88%da%af%d8%b0%d8%a7%d8%b1-%d8%af%d8%b1-%d9%85%d9%88%d8%af%d8%a7-%d8%a7%d8%b3%d8%aa%d8%a7%d9%86%d8%a8\\\/\"]}]},{\"@type\":\"ImageObject\",\"inLanguage\":\"tr\",\"@id\":\"https:\\\/\\\/aloturkey.org\\\/2026\\\/01\\\/03\\\/%d8%b1%d8%a7%d9%87%d9%86%d9%85%d8%a7%db%8c-%da%a9%d8%a7%d9%85%d9%84-%da%af%d8%b4%d8%aa%d9%88%da%af%d8%b0%d8%a7%d8%b1-%d8%af%d8%b1-%d9%85%d9%88%d8%af%d8%a7-%d8%a7%d8%b3%d8%aa%d8%a7%d9%86%d8%a8\\\/#primaryimage\",\"url\":\"https:\\\/\\\/aloturkey.org\\\/wp-content\\\/uploads\\\/2026\\\/01\\\/Moda-\u2013-Calm-Artistic-Istanbul.jpg\",\"contentUrl\":\"https:\\\/\\\/aloturkey.org\\\/wp-content\\\/uploads\\\/2026\\\/01\\\/Moda-\u2013-Calm-Artistic-Istanbul.jpg\",\"width\":1200,\"height\":630,\"caption\":\"\u06af\u0634\u062a\u200c\u0648\u06af\u0630\u0627\u0631 \u062f\u0631 \u0645\u0648\u062f\u0627 \u0627\u0633\u062a\u0627\u0646\u0628\u0648\u0644\"},{\"@type\":\"BreadcrumbList\",\"@id\":\"https:\\\/\\\/aloturkey.org\\\/2026\\\/01\\\/03\\\/%d8%b1%d8%a7%d9%87%d9%86%d9%85%d8%a7%db%8c-%da%a9%d8%a7%d9%85%d9%84-%da%af%d8%b4%d8%aa%d9%88%da%af%d8%b0%d8%a7%d8%b1-%d8%af%d8%b1-%d9%85%d9%88%d8%af%d8%a7-%d8%a7%d8%b3%d8%aa%d8%a7%d9%86%d8%a8\\\/#breadcrumb\",\"itemListElement\":[{\"@type\":\"ListItem\",\"position\":1,\"name\":\"Home\",\"item\":\"https:\\\/\\\/aloturkey.org\\\/\"},{\"@type\":\"ListItem\",\"position\":2,\"name\":\"\u0631\u0627\u0647\u0646\u0645\u0627\u06cc \u06a9\u0627\u0645\u0644 \u06af\u0634\u062a\u200c\u0648\u06af\u0630\u0627\u0631 \u062f\u0631 \u0645\u0648\u062f\u0627 | \u0645\u062d\u0644\u0647 \u0647\u0646\u0631\u06cc \u0648 \u0622\u0631\u0627\u0645 \u0627\u0633\u062a\u0627\u0646\u0628\u0648\u0644\"}]},{\"@type\":\"WebSite\",\"@id\":\"https:\\\/\\\/aloturkey.org\\\/#website\",\"url\":\"https:\\\/\\\/aloturkey.org\\\/\",\"name\":\"ALO TURKEY\",\"description\":\"\u0641\u0631\u0648\u0634 \u0645\u0644\u06a9 \u062f\u0631 \u062a\u0631\u06a9\u06cc\u0647\",\"publisher\":{\"@id\":\"https:\\\/\\\/aloturkey.org\\\/#organization\"},\"alternateName\":\"\u0627\u0644\u0648 \u062a\u0631\u06a9\u06cc\u0647\",\"potentialAction\":[{\"@type\":\"SearchAction\",\"target\":{\"@type\":\"EntryPoint\",\"urlTemplate\":\"https:\\\/\\\/aloturkey.org\\\/?s={search_term_string}\"},\"query-input\":{\"@type\":\"PropertyValueSpecification\",\"valueRequired\":true,\"valueName\":\"search_term_string\"}}],\"inLanguage\":\"tr\"},{\"@type\":[\"Organization\",\"Place\",\"RealEstateAgent\"],\"@id\":\"https:\\\/\\\/aloturkey.org\\\/#organization\",\"name\":\"ALO TURKEY\",\"alternateName\":\"ALOTURKEY\",\"url\":\"https:\\\/\\\/aloturkey.org\\\/\",\"logo\":{\"@id\":\"https:\\\/\\\/aloturkey.org\\\/2026\\\/01\\\/03\\\/%d8%b1%d8%a7%d9%87%d9%86%d9%85%d8%a7%db%8c-%da%a9%d8%a7%d9%85%d9%84-%da%af%d8%b4%d8%aa%d9%88%da%af%d8%b0%d8%a7%d8%b1-%d8%af%d8%b1-%d9%85%d9%88%d8%af%d8%a7-%d8%a7%d8%b3%d8%aa%d8%a7%d9%86%d8%a8\\\/#local-main-organization-logo\"},\"image\":{\"@id\":\"https:\\\/\\\/aloturkey.org\\\/2026\\\/01\\\/03\\\/%d8%b1%d8%a7%d9%87%d9%86%d9%85%d8%a7%db%8c-%da%a9%d8%a7%d9%85%d9%84-%da%af%d8%b4%d8%aa%d9%88%da%af%d8%b0%d8%a7%d8%b1-%d8%af%d8%b1-%d9%85%d9%88%d8%af%d8%a7-%d8%a7%d8%b3%d8%aa%d8%a7%d9%86%d8%a8\\\/#local-main-organization-logo\"},\"description\":\"Aloturkey\u061b \u0647\u0645\u0631\u0627\u0647 \u0645\u0637\u0645\u0626\u0646 \u0634\u0645\u0627 \u062f\u0631 \u0645\u0633\u06cc\u0631 \u062e\u0631\u06cc\u062f \u0645\u0644\u06a9 \u0648 \u062f\u0631\u06cc\u0627\u0641\u062a \u0634\u0647\u0631\u0648\u0646\u062f\u06cc \u062a\u0631\u06a9\u06cc\u0647\",\"numberOfEmployees\":{\"@type\":\"QuantitativeValue\",\"minValue\":\"1\",\"maxValue\":\"10\"},\"publishingPrinciples\":\"https:\\\/\\\/aloturkey.org\\\/my-properties\\\/\",\"ownershipFundingInfo\":\"https:\\\/\\\/aloturkey.org\\\/disclaimer\\\/\",\"correctionsPolicy\":\"https:\\\/\\\/aloturkey.org\\\/disclaimer\\\/\",\"ethicsPolicy\":\"https:\\\/\\\/aloturkey.org\\\/investment-guide\\\/\",\"diversityPolicy\":\"https:\\\/\\\/aloturkey.org\\\/disclaimer\\\/\",\"diversityStaffingReport\":\"https:\\\/\\\/aloturkey.org\\\/investment-guide\\\/\",\"telephone\":[\"05395005000\"],\"contactPoint\":{\"@type\":\"ContactPoint\",\"telephone\":\"905395005000\"},\"openingHoursSpecification\":[{\"@type\":\"OpeningHoursSpecification\",\"dayOfWeek\":[\"Monday\",\"Tuesday\",\"Wednesday\",\"Thursday\",\"Friday\"],\"opens\":\"09:00\",\"closes\":\"17:00\"},{\"@type\":\"OpeningHoursSpecification\",\"dayOfWeek\":[\"Saturday\",\"Sunday\"],\"opens\":\"10:00\",\"closes\":\"14:00\"}],\"email\":\"info@aloturkey.org\",\"faxNumber\":\"Alo Turkey\"},{\"@type\":\"Person\",\"@id\":\"https:\\\/\\\/aloturkey.org\\\/#\\\/schema\\\/person\\\/57cbbcd68162166bf85312dc0f1cb58b\",\"name\":\"alo\",\"image\":{\"@type\":\"ImageObject\",\"inLanguage\":\"tr\",\"@id\":\"https:\\\/\\\/secure.gravatar.com\\\/avatar\\\/ca843a4690aaaa09d1a088ad0577c7395489e64dd8ef6fece1dfff346994400f?s=96&d=mm&r=g\",\"url\":\"https:\\\/\\\/secure.gravatar.com\\\/avatar\\\/ca843a4690aaaa09d1a088ad0577c7395489e64dd8ef6fece1dfff346994400f?s=96&d=mm&r=g\",\"contentUrl\":\"https:\\\/\\\/secure.gravatar.com\\\/avatar\\\/ca843a4690aaaa09d1a088ad0577c7395489e64dd8ef6fece1dfff346994400f?s=96&d=mm&r=g\",\"caption\":\"alo\"},\"sameAs\":[\"https:\\\/\\\/aloturkey.org\",\"https:\\\/\\\/www.instagram.com\\\/aloturkeye\"],\"url\":\"https:\\\/\\\/aloturkey.org\\\/tr\\\/author\\\/adminat\\\/\"},{\"@type\":\"ImageObject\",\"inLanguage\":\"tr\",\"@id\":\"https:\\\/\\\/aloturkey.org\\\/2026\\\/01\\\/03\\\/%d8%b1%d8%a7%d9%87%d9%86%d9%85%d8%a7%db%8c-%da%a9%d8%a7%d9%85%d9%84-%da%af%d8%b4%d8%aa%d9%88%da%af%d8%b0%d8%a7%d8%b1-%d8%af%d8%b1-%d9%85%d9%88%d8%af%d8%a7-%d8%a7%d8%b3%d8%aa%d8%a7%d9%86%d8%a8\\\/#local-main-organization-logo\",\"url\":\"https:\\\/\\\/aloturkey.org\\\/wp-content\\\/uploads\\\/wp-realestate-uploads\\\/user_avatar\\\/2025\\\/08\\\/logo-icon.png\",\"contentUrl\":\"https:\\\/\\\/aloturkey.org\\\/wp-content\\\/uploads\\\/wp-realestate-uploads\\\/user_avatar\\\/2025\\\/08\\\/logo-icon.png\",\"width\":160,\"height\":160,\"caption\":\"ALO TURKEY\"}]}<\/script>\n<meta name=\"geo.placename\" content=\"ISTANBUL\" \/>\n<meta name=\"geo.region\" content=\"T\u00fcrkiye\" \/>\n<!-- \/ Yoast SEO Premium plugin. -->","yoast_head_json":{"title":"Moda \u0130stanbul&#039;u Ke\u015ffetmek \u0130\u00e7in Eksiksiz Rehber | Huzur, Sanat ve Muhte\u015fem G\u00fcn Bat\u0131mlar\u0131","description":"Moda, Kad\u0131k\u00f6y&#039;\u00fcn \u0130stanbul&#039;daki en rahat ve sanatsal semtlerinden biridir. Bu kapsaml\u0131 rehberde, Moda&#039;n\u0131n kafelerini, sahil park\u0131n\u0131, y\u00fcr\u00fcy\u00fc\u015f yollar\u0131n\u0131 ve ke\u015ffetmek i\u00e7in eksiksiz bir gezi plan\u0131n\u0131 ke\u015ffedin.","robots":{"index":"index","follow":"follow","max-snippet":"max-snippet:-1","max-image-preview":"max-image-preview:large","max-video-preview":"max-video-preview:-1"},"canonical":"https:\/\/aloturkey.org\/tr\/2026\/01\/03\/moda-stanbda-gezinmeye-dair-eksiksiz-bir-rehber\/","og_locale":"tr_TR","og_type":"article","og_title":"\u0631\u0627\u0647\u0646\u0645\u0627\u06cc \u06a9\u0627\u0645\u0644 \u06af\u0634\u062a\u200c\u0648\u06af\u0630\u0627\u0631 \u062f\u0631 \u0645\u0648\u062f\u0627 | \u0645\u062d\u0644\u0647 \u0647\u0646\u0631\u06cc \u0648 \u0622\u0631\u0627\u0645 \u0627\u0633\u062a\u0627\u0646\u0628\u0648\u0644","og_description":"\u0645\u0648\u062f\u0627 \u06cc\u06a9\u06cc \u0627\u0632 \u0622\u0631\u0627\u0645\u200c\u062a\u0631\u06cc\u0646 \u0648 \u0647\u0646\u0631\u06cc\u200c\u062a\u0631\u06cc\u0646 \u0645\u062d\u0644\u0647\u200c\u0647\u0627\u06cc \u0627\u0633\u062a\u0627\u0646\u0628\u0648\u0644 \u062f\u0631 \u06a9\u0627\u062f\u06cc\u06a9\u0648\u06cc \u0627\u0633\u062a. \u062f\u0631 \u0627\u06cc\u0646 \u0631\u0627\u0647\u0646\u0645\u0627\u06cc \u062c\u0627\u0645\u0639 \u0628\u0627 \u06a9\u0627\u0641\u0647\u200c\u0647\u0627\u060c \u067e\u0627\u0631\u06a9 \u0633\u0627\u062d\u0644\u06cc\u060c \u0645\u0633\u06cc\u0631\u0647\u0627\u06cc \u067e\u06cc\u0627\u062f\u0647\u200c\u0631\u0648\u06cc \u0648 \u0628\u0631\u0646\u0627\u0645\u0647 \u06a9\u0627\u0645\u0644 \u06af\u0634\u062a\u200c\u0648\u06af\u0630\u0627\u0631 \u062f\u0631 \u0645\u0648\u062f\u0627 \u0622\u0634\u0646\u0627 \u0634\u0648\u06cc\u062f.","og_url":"https:\/\/aloturkey.org\/tr\/2026\/01\/03\/moda-stanbda-gezinmeye-dair-eksiksiz-bir-rehber\/","og_site_name":"ALO TURKEY","article_published_time":"2026-01-03T13:38:05+00:00","article_modified_time":"2026-01-03T13:38:06+00:00","og_image":[{"width":1200,"height":630,"url":"https:\/\/aloturkey.org\/wp-content\/uploads\/2026\/01\/Moda-\u2013-Calm-Artistic-Istanbul.jpg","type":"image\/jpeg"}],"author":"alo","twitter_card":"summary_large_image","twitter_misc":{"Yazan:":"alo","Tahmini okuma s\u00fcresi":"3 dakika"},"schema":{"@context":"https:\/\/schema.org","@graph":[{"@type":"Article","@id":"https:\/\/aloturkey.org\/2026\/01\/03\/%d8%b1%d8%a7%d9%87%d9%86%d9%85%d8%a7%db%8c-%da%a9%d8%a7%d9%85%d9%84-%da%af%d8%b4%d8%aa%d9%88%da%af%d8%b0%d8%a7%d8%b1-%d8%af%d8%b1-%d9%85%d9%88%d8%af%d8%a7-%d8%a7%d8%b3%d8%aa%d8%a7%d9%86%d8%a8\/#article","isPartOf":{"@id":"https:\/\/aloturkey.org\/2026\/01\/03\/%d8%b1%d8%a7%d9%87%d9%86%d9%85%d8%a7%db%8c-%da%a9%d8%a7%d9%85%d9%84-%da%af%d8%b4%d8%aa%d9%88%da%af%d8%b0%d8%a7%d8%b1-%d8%af%d8%b1-%d9%85%d9%88%d8%af%d8%a7-%d8%a7%d8%b3%d8%aa%d8%a7%d9%86%d8%a8\/"},"author":{"name":"alo","@id":"https:\/\/aloturkey.org\/#\/schema\/person\/57cbbcd68162166bf85312dc0f1cb58b"},"headline":"\u0631\u0627\u0647\u0646\u0645\u0627\u06cc \u06a9\u0627\u0645\u0644 \u06af\u0634\u062a\u200c\u0648\u06af\u0630\u0627\u0631 \u062f\u0631 \u0645\u0648\u062f\u0627 | \u0645\u062d\u0644\u0647 \u0647\u0646\u0631\u06cc \u0648 \u0622\u0631\u0627\u0645 \u0627\u0633\u062a\u0627\u0646\u0628\u0648\u0644","datePublished":"2026-01-03T13:38:05+00:00","dateModified":"2026-01-03T13:38:06+00:00","mainEntityOfPage":{"@id":"https:\/\/aloturkey.org\/2026\/01\/03\/%d8%b1%d8%a7%d9%87%d9%86%d9%85%d8%a7%db%8c-%da%a9%d8%a7%d9%85%d9%84-%da%af%d8%b4%d8%aa%d9%88%da%af%d8%b0%d8%a7%d8%b1-%d8%af%d8%b1-%d9%85%d9%88%d8%af%d8%a7-%d8%a7%d8%b3%d8%aa%d8%a7%d9%86%d8%a8\/"},"wordCount":3,"commentCount":0,"publisher":{"@id":"https:\/\/aloturkey.org\/#organization"},"image":{"@id":"https:\/\/aloturkey.org\/2026\/01\/03\/%d8%b1%d8%a7%d9%87%d9%86%d9%85%d8%a7%db%8c-%da%a9%d8%a7%d9%85%d9%84-%da%af%d8%b4%d8%aa%d9%88%da%af%d8%b0%d8%a7%d8%b1-%d8%af%d8%b1-%d9%85%d9%88%d8%af%d8%a7-%d8%a7%d8%b3%d8%aa%d8%a7%d9%86%d8%a8\/#primaryimage"},"thumbnailUrl":"https:\/\/aloturkey.org\/wp-content\/uploads\/2026\/01\/Moda-\u2013-Calm-Artistic-Istanbul.jpg","keywords":["\u0628\u062e\u0634 \u0622\u0633\u06cc\u0627\u06cc\u06cc \u0627\u0633\u062a\u0627\u0646\u0628\u0648\u0644","\u06a9\u0627\u062f\u06cc\u06a9\u0648\u06cc","\u06a9\u0627\u0641\u0647\u200c\u06af\u0631\u062f\u06cc \u0627\u0633\u062a\u0627\u0646\u0628\u0648\u0644","\u0645\u062d\u0644\u0647\u200c\u0647\u0627\u06cc \u0647\u0646\u0631\u06cc","\u0645\u0648\u062f\u0627"],"articleSection":["\u0631\u0627\u0647\u0646\u0645\u0627\u06cc \u0645\u0646\u0627\u0637\u0642 \u0627\u0633\u062a\u0627\u0646\u0628\u0648\u0644"],"inLanguage":"tr","potentialAction":[{"@type":"CommentAction","name":"Comment","target":["https:\/\/aloturkey.org\/2026\/01\/03\/%d8%b1%d8%a7%d9%87%d9%86%d9%85%d8%a7%db%8c-%da%a9%d8%a7%d9%85%d9%84-%da%af%d8%b4%d8%aa%d9%88%da%af%d8%b0%d8%a7%d8%b1-%d8%af%d8%b1-%d9%85%d9%88%d8%af%d8%a7-%d8%a7%d8%b3%d8%aa%d8%a7%d9%86%d8%a8\/#respond"]}]},{"@type":"WebPage","@id":"https:\/\/aloturkey.org\/2026\/01\/03\/%d8%b1%d8%a7%d9%87%d9%86%d9%85%d8%a7%db%8c-%da%a9%d8%a7%d9%85%d9%84-%da%af%d8%b4%d8%aa%d9%88%da%af%d8%b0%d8%a7%d8%b1-%d8%af%d8%b1-%d9%85%d9%88%d8%af%d8%a7-%d8%a7%d8%b3%d8%aa%d8%a7%d9%86%d8%a8\/","url":"https:\/\/aloturkey.org\/2026\/01\/03\/%d8%b1%d8%a7%d9%87%d9%86%d9%85%d8%a7%db%8c-%da%a9%d8%a7%d9%85%d9%84-%da%af%d8%b4%d8%aa%d9%88%da%af%d8%b0%d8%a7%d8%b1-%d8%af%d8%b1-%d9%85%d9%88%d8%af%d8%a7-%d8%a7%d8%b3%d8%aa%d8%a7%d9%86%d8%a8\/","name":"Moda \u0130stanbul&#039;u Ke\u015ffetmek \u0130\u00e7in Eksiksiz Rehber | Huzur, Sanat ve Muhte\u015fem G\u00fcn Bat\u0131mlar\u0131","isPartOf":{"@id":"https:\/\/aloturkey.org\/#website"},"primaryImageOfPage":{"@id":"https:\/\/aloturkey.org\/2026\/01\/03\/%d8%b1%d8%a7%d9%87%d9%86%d9%85%d8%a7%db%8c-%da%a9%d8%a7%d9%85%d9%84-%da%af%d8%b4%d8%aa%d9%88%da%af%d8%b0%d8%a7%d8%b1-%d8%af%d8%b1-%d9%85%d9%88%d8%af%d8%a7-%d8%a7%d8%b3%d8%aa%d8%a7%d9%86%d8%a8\/#primaryimage"},"image":{"@id":"https:\/\/aloturkey.org\/2026\/01\/03\/%d8%b1%d8%a7%d9%87%d9%86%d9%85%d8%a7%db%8c-%da%a9%d8%a7%d9%85%d9%84-%da%af%d8%b4%d8%aa%d9%88%da%af%d8%b0%d8%a7%d8%b1-%d8%af%d8%b1-%d9%85%d9%88%d8%af%d8%a7-%d8%a7%d8%b3%d8%aa%d8%a7%d9%86%d8%a8\/#primaryimage"},"thumbnailUrl":"https:\/\/aloturkey.org\/wp-content\/uploads\/2026\/01\/Moda-\u2013-Calm-Artistic-Istanbul.jpg","datePublished":"2026-01-03T13:38:05+00:00","dateModified":"2026-01-03T13:38:06+00:00","description":"Moda, Kad\u0131k\u00f6y&#039;\u00fcn \u0130stanbul&#039;daki en rahat ve sanatsal semtlerinden biridir. Bu kapsaml\u0131 rehberde, Moda&#039;n\u0131n kafelerini, sahil park\u0131n\u0131, y\u00fcr\u00fcy\u00fc\u015f yollar\u0131n\u0131 ve ke\u015ffetmek i\u00e7in eksiksiz bir gezi plan\u0131n\u0131 ke\u015ffedin.","breadcrumb":{"@id":"https:\/\/aloturkey.org\/2026\/01\/03\/%d8%b1%d8%a7%d9%87%d9%86%d9%85%d8%a7%db%8c-%da%a9%d8%a7%d9%85%d9%84-%da%af%d8%b4%d8%aa%d9%88%da%af%d8%b0%d8%a7%d8%b1-%d8%af%d8%b1-%d9%85%d9%88%d8%af%d8%a7-%d8%a7%d8%b3%d8%aa%d8%a7%d9%86%d8%a8\/#breadcrumb"},"inLanguage":"tr","potentialAction":[{"@type":"ReadAction","target":["https:\/\/aloturkey.org\/2026\/01\/03\/%d8%b1%d8%a7%d9%87%d9%86%d9%85%d8%a7%db%8c-%da%a9%d8%a7%d9%85%d9%84-%da%af%d8%b4%d8%aa%d9%88%da%af%d8%b0%d8%a7%d8%b1-%d8%af%d8%b1-%d9%85%d9%88%d8%af%d8%a7-%d8%a7%d8%b3%d8%aa%d8%a7%d9%86%d8%a8\/"]}]},{"@type":"ImageObject","inLanguage":"tr","@id":"https:\/\/aloturkey.org\/2026\/01\/03\/%d8%b1%d8%a7%d9%87%d9%86%d9%85%d8%a7%db%8c-%da%a9%d8%a7%d9%85%d9%84-%da%af%d8%b4%d8%aa%d9%88%da%af%d8%b0%d8%a7%d8%b1-%d8%af%d8%b1-%d9%85%d9%88%d8%af%d8%a7-%d8%a7%d8%b3%d8%aa%d8%a7%d9%86%d8%a8\/#primaryimage","url":"https:\/\/aloturkey.org\/wp-content\/uploads\/2026\/01\/Moda-\u2013-Calm-Artistic-Istanbul.jpg","contentUrl":"https:\/\/aloturkey.org\/wp-content\/uploads\/2026\/01\/Moda-\u2013-Calm-Artistic-Istanbul.jpg","width":1200,"height":630,"caption":"\u06af\u0634\u062a\u200c\u0648\u06af\u0630\u0627\u0631 \u062f\u0631 \u0645\u0648\u062f\u0627 \u0627\u0633\u062a\u0627\u0646\u0628\u0648\u0644"},{"@type":"BreadcrumbList","@id":"https:\/\/aloturkey.org\/2026\/01\/03\/%d8%b1%d8%a7%d9%87%d9%86%d9%85%d8%a7%db%8c-%da%a9%d8%a7%d9%85%d9%84-%da%af%d8%b4%d8%aa%d9%88%da%af%d8%b0%d8%a7%d8%b1-%d8%af%d8%b1-%d9%85%d9%88%d8%af%d8%a7-%d8%a7%d8%b3%d8%aa%d8%a7%d9%86%d8%a8\/#breadcrumb","itemListElement":[{"@type":"ListItem","position":1,"name":"Home","item":"https:\/\/aloturkey.org\/"},{"@type":"ListItem","position":2,"name":"\u0631\u0627\u0647\u0646\u0645\u0627\u06cc \u06a9\u0627\u0645\u0644 \u06af\u0634\u062a\u200c\u0648\u06af\u0630\u0627\u0631 \u062f\u0631 \u0645\u0648\u062f\u0627 | \u0645\u062d\u0644\u0647 \u0647\u0646\u0631\u06cc \u0648 \u0622\u0631\u0627\u0645 \u0627\u0633\u062a\u0627\u0646\u0628\u0648\u0644"}]},{"@type":"WebSite","@id":"https:\/\/aloturkey.org\/#website","url":"https:\/\/aloturkey.org\/","name":"ALO T\u00dcRK\u0130YE","description":"T\u00fcrkiye&#039;de m\u00fclk sat\u0131\u015f\u0131","publisher":{"@id":"https:\/\/aloturkey.org\/#organization"},"alternateName":"\u0627\u0644\u0648 \u062a\u0631\u06a9\u06cc\u0647","potentialAction":[{"@type":"SearchAction","target":{"@type":"EntryPoint","urlTemplate":"https:\/\/aloturkey.org\/?s={search_term_string}"},"query-input":{"@type":"PropertyValueSpecification","valueRequired":true,"valueName":"search_term_string"}}],"inLanguage":"tr"},{"@type":["Organization","Place","RealEstateAgent"],"@id":"https:\/\/aloturkey.org\/#organization","name":"ALO T\u00dcRK\u0130YE","alternateName":"ALOTURKEY","url":"https:\/\/aloturkey.org\/","logo":{"@id":"https:\/\/aloturkey.org\/2026\/01\/03\/%d8%b1%d8%a7%d9%87%d9%86%d9%85%d8%a7%db%8c-%da%a9%d8%a7%d9%85%d9%84-%da%af%d8%b4%d8%aa%d9%88%da%af%d8%b0%d8%a7%d8%b1-%d8%af%d8%b1-%d9%85%d9%88%d8%af%d8%a7-%d8%a7%d8%b3%d8%aa%d8%a7%d9%86%d8%a8\/#local-main-organization-logo"},"image":{"@id":"https:\/\/aloturkey.org\/2026\/01\/03\/%d8%b1%d8%a7%d9%87%d9%86%d9%85%d8%a7%db%8c-%da%a9%d8%a7%d9%85%d9%84-%da%af%d8%b4%d8%aa%d9%88%da%af%d8%b0%d8%a7%d8%b1-%d8%af%d8%b1-%d9%85%d9%88%d8%af%d8%a7-%d8%a7%d8%b3%d8%aa%d8%a7%d9%86%d8%a8\/#local-main-organization-logo"},"description":"Aloturkey; Gayrimenkul sat\u0131n alma ve T\u00fcrk vatanda\u015fl\u0131\u011f\u0131 alma yolunda g\u00fcvenilir yol arkada\u015f\u0131n\u0131z","numberOfEmployees":{"@type":"QuantitativeValue","minValue":"1","maxValue":"10"},"publishingPrinciples":"https:\/\/aloturkey.org\/my-properties\/","ownershipFundingInfo":"https:\/\/aloturkey.org\/disclaimer\/","correctionsPolicy":"https:\/\/aloturkey.org\/disclaimer\/","ethicsPolicy":"https:\/\/aloturkey.org\/investment-guide\/","diversityPolicy":"https:\/\/aloturkey.org\/disclaimer\/","diversityStaffingReport":"https:\/\/aloturkey.org\/investment-guide\/","telephone":["05395005000"],"contactPoint":{"@type":"ContactPoint","telephone":"905395005000"},"openingHoursSpecification":[{"@type":"OpeningHoursSpecification","dayOfWeek":["Monday","Tuesday","Wednesday","Thursday","Friday"],"opens":"09:00","closes":"17:00"},{"@type":"OpeningHoursSpecification","dayOfWeek":["Saturday","Sunday"],"opens":"10:00","closes":"14:00"}],"email":"info@aloturkey.org","faxNumber":"Alo Turkey"},{"@type":"Person","@id":"https:\/\/aloturkey.org\/#\/schema\/person\/57cbbcd68162166bf85312dc0f1cb58b","name":"Merhaba","image":{"@type":"ImageObject","inLanguage":"tr","@id":"https:\/\/secure.gravatar.com\/avatar\/ca843a4690aaaa09d1a088ad0577c7395489e64dd8ef6fece1dfff346994400f?s=96&d=mm&r=g","url":"https:\/\/secure.gravatar.com\/avatar\/ca843a4690aaaa09d1a088ad0577c7395489e64dd8ef6fece1dfff346994400f?s=96&d=mm&r=g","contentUrl":"https:\/\/secure.gravatar.com\/avatar\/ca843a4690aaaa09d1a088ad0577c7395489e64dd8ef6fece1dfff346994400f?s=96&d=mm&r=g","caption":"alo"},"sameAs":["https:\/\/aloturkey.org","https:\/\/www.instagram.com\/aloturkeye"],"url":"https:\/\/aloturkey.org\/tr\/author\/adminat\/"},{"@type":"ImageObject","inLanguage":"tr","@id":"https:\/\/aloturkey.org\/2026\/01\/03\/%d8%b1%d8%a7%d9%87%d9%86%d9%85%d8%a7%db%8c-%da%a9%d8%a7%d9%85%d9%84-%da%af%d8%b4%d8%aa%d9%88%da%af%d8%b0%d8%a7%d8%b1-%d8%af%d8%b1-%d9%85%d9%88%d8%af%d8%a7-%d8%a7%d8%b3%d8%aa%d8%a7%d9%86%d8%a8\/#local-main-organization-logo","url":"https:\/\/aloturkey.org\/wp-content\/uploads\/wp-realestate-uploads\/user_avatar\/2025\/08\/logo-icon.png","contentUrl":"https:\/\/aloturkey.org\/wp-content\/uploads\/wp-realestate-uploads\/user_avatar\/2025\/08\/logo-icon.png","width":160,"height":160,"caption":"ALO TURKEY"}]},"geo.placename":"ISTANBUL","geo.region":"T\u00fcrkiye"},"_links":{"self":[{"href":"https:\/\/aloturkey.org\/tr\/wp-json\/wp\/v2\/posts\/6769","targetHints":{"allow":["GET"]}}],"collection":[{"href":"https:\/\/aloturkey.org\/tr\/wp-json\/wp\/v2\/posts"}],"about":[{"href":"https:\/\/aloturkey.org\/tr\/wp-json\/wp\/v2\/types\/post"}],"author":[{"embeddable":true,"href":"https:\/\/aloturkey.org\/tr\/wp-json\/wp\/v2\/users\/52"}],"replies":[{"embeddable":true,"href":"https:\/\/aloturkey.org\/tr\/wp-json\/wp\/v2\/comments?post=6769"}],"version-history":[{"count":0,"href":"https:\/\/aloturkey.org\/tr\/wp-json\/wp\/v2\/posts\/6769\/revisions"}],"wp:featuredmedia":[{"embeddable":true,"href":"https:\/\/aloturkey.org\/tr\/wp-json\/wp\/v2\/media\/6770"}],"wp:attachment":[{"href":"https:\/\/aloturkey.org\/tr\/wp-json\/wp\/v2\/media?parent=6769"}],"wp:term":[{"taxonomy":"category","embeddable":true,"href":"https:\/\/aloturkey.org\/tr\/wp-json\/wp\/v2\/categories?post=6769"},{"taxonomy":"post_tag","embeddable":true,"href":"https:\/\/aloturkey.org\/tr\/wp-json\/wp\/v2\/tags?post=6769"}],"curies":[{"name":"wp","href":"https:\/\/api.w.org\/{rel}","templated":true}]}}