{"id":6773,"date":"2026-01-14T21:27:22","date_gmt":"2026-01-14T18:27:22","guid":{"rendered":"https:\/\/aloturkey.org\/?p=6773"},"modified":"2026-01-14T21:27:24","modified_gmt":"2026-01-14T18:27:24","slug":"sariyeri-kesfetmek-icin-eksiksiz-kilavuz","status":"publish","type":"post","link":"https:\/\/aloturkey.org\/tr\/2026\/01\/14\/%d8%b1%d8%a7%d9%87%d9%86%d9%85%d8%a7%db%8c-%da%a9%d8%a7%d9%85%d9%84-%da%af%d8%b4%d8%aa%d9%88%da%af%d8%b0%d8%a7%d8%b1-%d8%af%d8%b1-%d8%b3%d8%a7%d8%b1%db%8c%db%8c%d8%b1\/","title":{"rendered":"Sar\u0131yer&#039;i Ke\u015ffetmek \u0130\u00e7in Kapsaml\u0131 Rehber | Do\u011fa, Orman ve Bo\u011faz K\u0131y\u0131s\u0131"},"content":{"rendered":"<p>E\u011fer \u0130stanbul&#039;un sadece yo\u011fun trafik ve y\u00fcksek binalardan olu\u015fan bir \u015fehir oldu\u011funu d\u00fc\u015f\u00fcn\u00fcyorsan\u0131z, <strong>Sar\u0131yer<\/strong> Fikrinizi de\u011fi\u015ftirir.<br>Sar\u0131yer, \u0130stanbul&#039;un kuzeyinde yer almaktad\u0131r ve yak\u0131nl\u0131\u011f\u0131 nedeniyle... <strong>Orman, deniz ve Bo\u011faz<\/strong> Buras\u0131, do\u011fa turizmi, dinlenme ve \u015fehrin ko\u015fu\u015fturmacas\u0131ndan ka\u00e7mak i\u00e7in en iyi b\u00f6lgelerden biri olarak kabul ediliyor.<\/p>\n\n\n\n<p>Bu b\u00f6lge, \u0130stanbullular i\u00e7in hafta sonlar\u0131 tercih edilen pop\u00fcler bir yerdir.<\/p>\n\n\n\n<hr class=\"wp-block-separator has-alpha-channel-opacity\"\/>\n\n\n\n<h2 class=\"wp-block-heading\" id=\"h-\u0633\u0627\u0631\u06cc-\u06cc\u0631-\u06a9\u062c\u0627\u0633\u062a-\u0648-\u0686\u0647-\u062d\u0627\u0644-\u0648\u0647\u0648\u0627\u06cc\u06cc-\u062f\u0627\u0631\u062f\">\ud83d\udccd Sar\u0131yer nerede ve hava nas\u0131l?<\/h2>\n\n\n\n<p>Sar\u0131yer, \u0130stanbul&#039;un Avrupa yakas\u0131nda, Bo\u011faz&#039;\u0131n kuzey k\u0131y\u0131s\u0131nda yer almaktad\u0131r.<br>Bu b\u00f6lge \u015fehir merkezine g\u00f6re daha sessiz, daha serin ve daha ye\u015fil.<\/p>\n\n\n\n<p><strong>Sar\u0131yer hava durumu:<\/strong><\/p>\n\n\n\n<ul class=\"wp-block-list\">\n<li>Ye\u015fil ve serin<\/li>\n\n\n\n<li>Sessiz ve aile dostu<\/li>\n\n\n\n<li>Do\u011fa turizmi i\u00e7in uygundur.<\/li>\n\n\n\n<li>Yerel halk aras\u0131nda pop\u00fcler.<\/li>\n<\/ul>\n\n\n\n<hr class=\"wp-block-separator has-alpha-channel-opacity\"\/>\n\n\n\n<h2 class=\"wp-block-heading\" id=\"h-\u062c\u0646\u06af\u0644-\u0628\u0644\u06af\u0631\u0627\u062f-\u0631\u06cc\u0647-\u0633\u0628\u0632-\u0627\u0633\u062a\u0627\u0646\u0628\u0648\u0644\">\ud83c\udf32 Belgrad Orman\u0131; \u0130stanbul&#039;un Ye\u015fil Akci\u011feri<\/h2>\n\n\n\n<h3 class=\"wp-block-heading\" id=\"h-belgrad-forest\">Belgrad Orman\u0131<\/h3>\n\n\n\n<p>Sar\u0131yer&#039;in en \u00f6nemli turistik yeri, <strong>Belgrad Orman\u0131<\/strong> Buras\u0131 \u00e7ok geni\u015f bir alan ve \u015funlar\u0131 i\u00e7eriyor:<\/p>\n\n\n\n<ul class=\"wp-block-list\">\n<li>Y\u00fcr\u00fcy\u00fc\u015f parkurlar\u0131<\/li>\n\n\n\n<li>Bisiklet rotas\u0131<\/li>\n\n\n\n<li>Uygun bir piknik alan\u0131<\/li>\n<\/ul>\n\n\n\n<p>\ud83d\udccc Ziyaret i\u00e7in en uygun zaman: \u0130lkbahar ve sonbahar<br>\ud83d\udccc \u00d6nerilen zaman: <strong>2 ila 3 saat<\/strong><\/p>\n\n\n\n<hr class=\"wp-block-separator has-alpha-channel-opacity\"\/>\n\n\n\n<h2 class=\"wp-block-heading\" id=\"h-\u0633\u0648\u0627\u062d\u0644-\u0648-\u0631\u0648\u0633\u062a\u0627\u0647\u0627\u06cc-\u06a9\u0646\u0627\u0631-\u0628\u0633\u0641\u0631\">\ud83c\udf0a Bo\u011faz boyunca uzanan plajlar ve k\u00f6yler<\/h2>\n\n\n\n<p>Sar\u0131yer&#039;de birbirinden g\u00fczel sahil k\u00f6yleri ve mahalleleri g\u00f6rebilirsiniz:<\/p>\n\n\n\n<h3 class=\"wp-block-heading\" id=\"h-\u0631\u0648\u0645\u0644\u06cc-\u06a9\u0648\u0627gi-rumeli-kavagi\">Rumeli Kava\u011f\u0131<\/h3>\n\n\n\n<ul class=\"wp-block-list\">\n<li>Bal\u0131k restoranlar\u0131<\/li>\n\n\n\n<li>Deniz kenar\u0131nda sakin bir atmosfer<\/li>\n<\/ul>\n\n\n\n<h3 class=\"wp-block-heading\" id=\"h-\u0627\u0645\u06cc\u0631\u06af\u0627\u0646-emirgan\">\ud83c\udfd6\ufe0f Emirgan<\/h3>\n\n\n\n<ul class=\"wp-block-list\">\n<li>\u00dcnl\u00fc Amirgan Park\u0131<\/li>\n\n\n\n<li>\u0130lkbaharda Lale Festivali<\/li>\n<\/ul>\n\n\n\n<hr class=\"wp-block-separator has-alpha-channel-opacity\"\/>\n\n\n\n<h2 class=\"wp-block-heading\" id=\"h-\u0631\u0633\u062a\u0648\u0631\u0627\u0646-\u0647\u0627\u06cc-\u062f\u0631\u06cc\u0627\u06cc\u06cc-\u0633\u0627\u0631\u06cc-\u06cc\u0631\">\ud83c\udf7d\ufe0f Sar\u0131yer Deniz \u00dcr\u00fcnleri Restoranlar\u0131<\/h2>\n\n\n\n<p>Sar\u0131yer, \u0130stanbul&#039;un en iyi b\u00f6lgelerinden biridir. <strong>Deniz \u00fcr\u00fcnleri<\/strong> \u00d6yledir.<\/p>\n\n\n\n<p><strong>Restoran\u0131n \u00f6zellikleri:<\/strong><\/p>\n\n\n\n<ul class=\"wp-block-list\">\n<li>Taze bal\u0131k<\/li>\n\n\n\n<li>Bo\u011faz manzaras\u0131<\/li>\n\n\n\n<li>Geleneksel ve aile ortam\u0131<\/li>\n<\/ul>\n\n\n\n<p>\ud83d\udccc Bu b\u00f6lgede \u00f6\u011fle veya ak\u015fam yeme\u011fi yemek, en keyifli deneyimlerden biridir.<\/p>\n\n\n\n<hr class=\"wp-block-separator has-alpha-channel-opacity\"\/>\n\n\n\n<h2 class=\"wp-block-heading\" id=\"h-\u0628\u0631\u0646\u0627\u0645\u0647-\u067e\u06cc\u0634\u0646\u0647\u0627\u062f\u06cc-\u06af\u0634\u062a-\u0648\u06af\u0630\u0627\u0631-\u062f\u0631-\u0633\u0627\u0631\u06cc-\u06cc\u0631-\u06cc\u06a9-\u0631\u0648\u0632-\u06a9\u0627\u0645\u0644\">\ud83d\udeb6 Sar\u0131yer&#039;de \u00f6nerilen gezi program\u0131 (tam g\u00fcn)<\/h2>\n\n\n\n<p><strong>Sabah:<\/strong><\/p>\n\n\n\n<ul class=\"wp-block-list\">\n<li>Belgrad Orman\u0131&#039;na do\u011fru yola \u00e7\u0131k\u0131yoruz.<\/li>\n\n\n\n<li>Hafif y\u00fcr\u00fcy\u00fc\u015f veya piknik<\/li>\n<\/ul>\n\n\n\n<p><strong>\u00d6\u011flen:<\/strong><\/p>\n\n\n\n<ul class=\"wp-block-list\">\n<li>Sahil bal\u0131k restoranlar\u0131nda \u00f6\u011fle yeme\u011fi<\/li>\n<\/ul>\n\n\n\n<p><strong>Ak\u015fam:<\/strong><\/p>\n\n\n\n<ul class=\"wp-block-list\">\n<li>Amirgan Park\u0131&#039;n\u0131 ziyaret etmek<\/li>\n\n\n\n<li>Bo\u011faz boyunca y\u00fcr\u00fcy\u00fc\u015f<\/li>\n<\/ul>\n\n\n\n<p><strong>G\u00fcn bat\u0131m\u0131:<\/strong><\/p>\n\n\n\n<ul class=\"wp-block-list\">\n<li>Suyun \u00fczerinde g\u00fcn bat\u0131m\u0131n\u0131 izlemek \ud83c\udf05<\/li>\n<\/ul>\n\n\n\n<hr class=\"wp-block-separator has-alpha-channel-opacity\"\/>\n\n\n\n<h2 class=\"wp-block-heading\" id=\"h-\u0633\u0627\u0631\u06cc-\u06cc\u0631-\u0645\u0646\u0627\u0633\u0628-\u0686\u0647-\u06a9\u0633\u0627\u0646\u06cc-\u0627\u0633\u062a\">\ud83d\udc68\u200d\ud83d\udc69\u200d\ud83d\udc67 Bu sari kimler i\u00e7in uygundur?<\/h2>\n\n\n\n<p>\u2714\ufe0f Aileler<br>\u2714\ufe0f Do\u011fa severler<br>\u2714\ufe0f \u015eehrin ko\u015fu\u015fturmacas\u0131ndan ka\u00e7anlar<br>\u2714\ufe0f Do\u011fa y\u00fcr\u00fcy\u00fc\u015f\u00fc ve ye\u015fil alan merakl\u0131lar\u0131<\/p>\n\n\n\n<hr class=\"wp-block-separator has-alpha-channel-opacity\"\/>\n\n\n\n<h2 class=\"wp-block-heading\" id=\"h-\u0686\u0642\u062f\u0631-\u0632\u0645\u0627\u0646-\u0628\u0631\u0627\u06cc-\u0633\u0627\u0631\u06cc-\u06cc\u0631-\u0644\u0627\u0632\u0645-\u0627\u0633\u062a\">\u23f1\ufe0f Sar\u0131yer&#039;e ula\u015fmak ne kadar zaman al\u0131r?<\/h2>\n\n\n\n<ul class=\"wp-block-list\">\n<li>Minimum: <strong>\u00d6\u011flen<\/strong><\/li>\n\n\n\n<li>\u0130deal: <strong>Tam bir g\u00fcn<\/strong><\/li>\n<\/ul>\n\n\n\n<hr class=\"wp-block-separator has-alpha-channel-opacity\"\/>\n\n\n\n<h2 class=\"wp-block-heading\" id=\"h-\u062c\u0645\u0639-\u0628\u0646\u062f\u06cc\">\u2705 Sonu\u00e7<\/h2>\n\n\n\n<p>Sar\u0131yer, \u0130stanbul&#039;un ye\u015fil ve huzurlu y\u00fcz\u00fcd\u00fcr.<br>Do\u011fan\u0131n kalbinde, Bo\u011faz k\u0131y\u0131s\u0131nda ve kalabal\u0131ktan uzak birka\u00e7 saat veya b\u00fct\u00fcn bir g\u00fcn ge\u00e7irmek istiyorsan\u0131z, Sar\u0131yer harika bir se\u00e7imdir.<\/p>","protected":false},"excerpt":{"rendered":"<p>\u0627\u06af\u0631 \u062a\u0635\u0648\u0631 \u0645\u06cc\u200c\u06a9\u0646\u06cc\u062f \u0627\u0633\u062a\u0627\u0646\u0628\u0648\u0644 \u0641\u0642\u0637 \u0634\u0647\u0631 \u0634\u0644\u0648\u063a\u060c \u062a\u0631\u0627\u0641\u06cc\u06a9 \u0648 \u0633\u0627\u062e\u062a\u0645\u0627\u0646\u200c\u0647\u0627\u06cc \u0628\u0644\u0646\u062f \u0627\u0633\u062a\u060c \u0633\u0627\u0631\u06cc\u200c\u06cc\u0631 \u0646\u0638\u0631\u062a\u0627\u0646 \u0631\u0627 \u0639\u0648\u0636 \u0645\u06cc\u200c\u06a9\u0646\u062f.\u0633\u0627\u0631\u06cc\u200c\u06cc\u0631 \u062f\u0631 \u0634\u0645\u0627\u0644 \u0627\u0633\u062a\u0627\u0646\u0628\u0648\u0644 \u0642\u0631\u0627\u0631 \u062f\u0627\u0631\u062f \u0648 \u0628\u0647\u200c\u062f\u0644\u06cc\u0644 \u0646\u0632\u062f\u06cc\u06a9\u06cc \u0628\u0647 \u062c\u0646\u06af\u0644\u060c \u062f\u0631\u06cc\u0627 \u0648 \u0628\u0633\u0641\u0631 \u06cc\u06a9\u06cc \u0627\u0632 \u0628\u0647\u062a\u0631\u06cc\u0646 \u0645\u0646\u0627\u0637\u0642 \u0628\u0631\u0627\u06cc \u0637\u0628\u06cc\u0639\u062a\u200c\u06af\u0631\u062f\u06cc\u060c \u0627\u0633\u062a\u0631\u0627\u062d\u062a \u0648 \u0641\u0631\u0627\u0631 \u0627\u0632 \u0634\u0644\u0648\u063a\u06cc \u0634\u0647\u0631 \u0645\u062d\u0633\u0648\u0628 \u0645\u06cc\u200c\u0634\u0648\u062f. \u0627\u06cc\u0646 \u0645\u0646\u0637\u0642\u0647 \u0627\u0646\u062a\u062e\u0627\u0628 \u0645\u062d\u0628\u0648\u0628 \u0622\u062e\u0631\u0647\u0641\u062a\u0647\u200c\u06cc \u0645\u0631\u062f\u0645 \u0645\u062d\u0644\u06cc \u0627\u0633\u062a\u0627\u0646\u0628\u0648\u0644 \u0627\u0633\u062a. \ud83d\udccd \u0633\u0627\u0631\u06cc\u200c\u06cc\u0631 [&hellip;]<\/p>\n","protected":false},"author":52,"featured_media":6774,"comment_status":"open","ping_status":"open","sticky":false,"template":"","format":"standard","meta":{"googlesitekit_rrm_CAow34nBDA:productID":"","footnotes":""},"categories":[19],"tags":[387,401,400,402],"class_list":["post-6773","post","type-post","status-publish","format-standard","has-post-thumbnail","hentry","category-istanbul-neighborhoods-guide","tag-387","tag-401","tag-400","tag-402"],"yoast_head":"<!-- This site is optimized with the Yoast SEO Premium plugin v26.9 (Yoast SEO v27.5) - https:\/\/yoast.com\/product\/yoast-seo-premium-wordpress\/ -->\n<title>\u0631\u0627\u0647\u0646\u0645\u0627\u06cc \u06a9\u0627\u0645\u0644 \u06af\u0634\u062a\u200c\u0648\u06af\u0630\u0627\u0631 \u062f\u0631 \u0633\u0627\u0631\u06cc\u200c\u06cc\u0631 \u0627\u0633\u062a\u0627\u0646\u0628\u0648\u0644 | \u0637\u0628\u06cc\u0639\u062a\u060c \u062c\u0646\u06af\u0644 \u0648 \u0628\u0633\u0641\u0631<\/title>\n<meta name=\"description\" content=\"\u0633\u0627\u0631\u06cc\u200c\u06cc\u0631 \u06cc\u06a9\u06cc \u0627\u0632 \u0633\u0628\u0632\u062a\u0631\u06cc\u0646 \u0648 \u062e\u0648\u0634\u200c\u0622\u0628\u200c\u0648\u0647\u0648\u0627\u062a\u0631\u06cc\u0646 \u0645\u0646\u0627\u0637\u0642 \u0627\u0633\u062a\u0627\u0646\u0628\u0648\u0644 \u0627\u0633\u062a. \u062f\u0631 \u0627\u06cc\u0646 \u0631\u0627\u0647\u0646\u0645\u0627\u06cc \u062c\u0627\u0645\u0639 \u0628\u0627 \u062c\u0646\u06af\u0644 \u0628\u0644\u06af\u0631\u0627\u062f\u060c \u0633\u0648\u0627\u062d\u0644 \u0628\u0633\u0641\u0631\u060c \u0631\u0633\u062a\u0648\u0631\u0627\u0646\u200c\u0647\u0627\u06cc \u062f\u0631\u06cc\u0627\u06cc\u06cc \u0648 \u0628\u0631\u0646\u0627\u0645\u0647 \u06a9\u0627\u0645\u0644 \u06af\u0634\u062a\u200c\u0648\u06af\u0630\u0627\u0631 \u062f\u0631 \u0633\u0627\u0631\u06cc\u200c\u06cc\u0631 \u0622\u0634\u0646\u0627 \u0634\u0648\u06cc\u062f.\" \/>\n<meta name=\"robots\" content=\"index, follow, max-snippet:-1, max-image-preview:large, max-video-preview:-1\" \/>\n<link rel=\"canonical\" href=\"https:\/\/aloturkey.org\/tr\/2026\/01\/14\/sariyeri-kesfetmek-icin-eksiksiz-kilavuz\/\" \/>\n<meta property=\"og:locale\" content=\"tr_TR\" \/>\n<meta property=\"og:type\" content=\"article\" \/>\n<meta property=\"og:title\" content=\"\u0631\u0627\u0647\u0646\u0645\u0627\u06cc \u06a9\u0627\u0645\u0644 \u06af\u0634\u062a\u200c\u0648\u06af\u0630\u0627\u0631 \u062f\u0631 \u0633\u0627\u0631\u06cc\u200c\u06cc\u0631 (Sar\u0131yer) | \u0637\u0628\u06cc\u0639\u062a\u060c \u062c\u0646\u06af\u0644 \u0648 \u0633\u0627\u062d\u0644 \u0628\u0633\u0641\u0631\" \/>\n<meta property=\"og:description\" content=\"\u0633\u0627\u0631\u06cc\u200c\u06cc\u0631 \u06cc\u06a9\u06cc \u0627\u0632 \u0633\u0628\u0632\u062a\u0631\u06cc\u0646 \u0648 \u062e\u0648\u0634\u200c\u0622\u0628\u200c\u0648\u0647\u0648\u0627\u062a\u0631\u06cc\u0646 \u0645\u0646\u0627\u0637\u0642 \u0627\u0633\u062a\u0627\u0646\u0628\u0648\u0644 \u0627\u0633\u062a. \u062f\u0631 \u0627\u06cc\u0646 \u0631\u0627\u0647\u0646\u0645\u0627\u06cc \u062c\u0627\u0645\u0639 \u0628\u0627 \u062c\u0646\u06af\u0644 \u0628\u0644\u06af\u0631\u0627\u062f\u060c \u0633\u0648\u0627\u062d\u0644 \u0628\u0633\u0641\u0631\u060c \u0631\u0633\u062a\u0648\u0631\u0627\u0646\u200c\u0647\u0627\u06cc \u062f\u0631\u06cc\u0627\u06cc\u06cc \u0648 \u0628\u0631\u0646\u0627\u0645\u0647 \u06a9\u0627\u0645\u0644 \u06af\u0634\u062a\u200c\u0648\u06af\u0630\u0627\u0631 \u062f\u0631 \u0633\u0627\u0631\u06cc\u200c\u06cc\u0631 \u0622\u0634\u0646\u0627 \u0634\u0648\u06cc\u062f.\" \/>\n<meta property=\"og:url\" content=\"https:\/\/aloturkey.org\/tr\/2026\/01\/14\/sariyeri-kesfetmek-icin-eksiksiz-kilavuz\/\" \/>\n<meta property=\"og:site_name\" content=\"ALO TURKEY\" \/>\n<meta property=\"article:published_time\" content=\"2026-01-14T18:27:22+00:00\" \/>\n<meta property=\"article:modified_time\" content=\"2026-01-14T18:27:24+00:00\" \/>\n<meta property=\"og:image\" content=\"https:\/\/aloturkey.org\/wp-content\/uploads\/2026\/01\/Sariyer-\u2013-Green-Side-of-Istanbul.jpg\" \/>\n\t<meta property=\"og:image:width\" content=\"1200\" \/>\n\t<meta property=\"og:image:height\" content=\"630\" \/>\n\t<meta property=\"og:image:type\" content=\"image\/jpeg\" \/>\n<meta name=\"author\" content=\"alo\" \/>\n<meta name=\"twitter:card\" content=\"summary_large_image\" \/>\n<meta name=\"twitter:label1\" content=\"Yazan:\" \/>\n\t<meta name=\"twitter:data1\" content=\"alo\" \/>\n\t<meta name=\"twitter:label2\" content=\"Tahmini okuma s\u00fcresi\" \/>\n\t<meta name=\"twitter:data2\" content=\"2 dakika\" \/>\n<script type=\"application\/ld+json\" class=\"yoast-schema-graph\">{\"@context\":\"https:\\\/\\\/schema.org\",\"@graph\":[{\"@type\":\"Article\",\"@id\":\"https:\\\/\\\/aloturkey.org\\\/2026\\\/01\\\/14\\\/%d8%b1%d8%a7%d9%87%d9%86%d9%85%d8%a7%db%8c-%da%a9%d8%a7%d9%85%d9%84-%da%af%d8%b4%d8%aa%d9%88%da%af%d8%b0%d8%a7%d8%b1-%d8%af%d8%b1-%d8%b3%d8%a7%d8%b1%db%8c%db%8c%d8%b1\\\/#article\",\"isPartOf\":{\"@id\":\"https:\\\/\\\/aloturkey.org\\\/2026\\\/01\\\/14\\\/%d8%b1%d8%a7%d9%87%d9%86%d9%85%d8%a7%db%8c-%da%a9%d8%a7%d9%85%d9%84-%da%af%d8%b4%d8%aa%d9%88%da%af%d8%b0%d8%a7%d8%b1-%d8%af%d8%b1-%d8%b3%d8%a7%d8%b1%db%8c%db%8c%d8%b1\\\/\"},\"author\":{\"name\":\"alo\",\"@id\":\"https:\\\/\\\/aloturkey.org\\\/#\\\/schema\\\/person\\\/57cbbcd68162166bf85312dc0f1cb58b\"},\"headline\":\"\u0631\u0627\u0647\u0646\u0645\u0627\u06cc \u06a9\u0627\u0645\u0644 \u06af\u0634\u062a\u200c\u0648\u06af\u0630\u0627\u0631 \u062f\u0631 \u0633\u0627\u0631\u06cc\u200c\u06cc\u0631 (Sar\u0131yer) | \u0637\u0628\u06cc\u0639\u062a\u060c \u062c\u0646\u06af\u0644 \u0648 \u0633\u0627\u062d\u0644 \u0628\u0633\u0641\u0631\",\"datePublished\":\"2026-01-14T18:27:22+00:00\",\"dateModified\":\"2026-01-14T18:27:24+00:00\",\"mainEntityOfPage\":{\"@id\":\"https:\\\/\\\/aloturkey.org\\\/2026\\\/01\\\/14\\\/%d8%b1%d8%a7%d9%87%d9%86%d9%85%d8%a7%db%8c-%da%a9%d8%a7%d9%85%d9%84-%da%af%d8%b4%d8%aa%d9%88%da%af%d8%b0%d8%a7%d8%b1-%d8%af%d8%b1-%d8%b3%d8%a7%d8%b1%db%8c%db%8c%d8%b1\\\/\"},\"wordCount\":7,\"commentCount\":0,\"publisher\":{\"@id\":\"https:\\\/\\\/aloturkey.org\\\/#organization\"},\"image\":{\"@id\":\"https:\\\/\\\/aloturkey.org\\\/2026\\\/01\\\/14\\\/%d8%b1%d8%a7%d9%87%d9%86%d9%85%d8%a7%db%8c-%da%a9%d8%a7%d9%85%d9%84-%da%af%d8%b4%d8%aa%d9%88%da%af%d8%b0%d8%a7%d8%b1-%d8%af%d8%b1-%d8%b3%d8%a7%d8%b1%db%8c%db%8c%d8%b1\\\/#primaryimage\"},\"thumbnailUrl\":\"https:\\\/\\\/aloturkey.org\\\/wp-content\\\/uploads\\\/2026\\\/01\\\/Sariyer-\u2013-Green-Side-of-Istanbul.jpg\",\"keywords\":[\"\u0628\u0633\u0641\u0631\",\"\u062c\u0646\u06af\u0644 \u0628\u0644\u06af\u0631\u0627\u062f\",\"\u0633\u0627\u0631\u06cc\u200c\u06cc\u0631\",\"\u0637\u0628\u06cc\u0639\u062a \u0627\u0633\u062a\u0627\u0646\u0628\u0648\u0644\"],\"articleSection\":[\"\u0631\u0627\u0647\u0646\u0645\u0627\u06cc \u0645\u0646\u0627\u0637\u0642 \u0627\u0633\u062a\u0627\u0646\u0628\u0648\u0644\"],\"inLanguage\":\"tr\",\"potentialAction\":[{\"@type\":\"CommentAction\",\"name\":\"Comment\",\"target\":[\"https:\\\/\\\/aloturkey.org\\\/2026\\\/01\\\/14\\\/%d8%b1%d8%a7%d9%87%d9%86%d9%85%d8%a7%db%8c-%da%a9%d8%a7%d9%85%d9%84-%da%af%d8%b4%d8%aa%d9%88%da%af%d8%b0%d8%a7%d8%b1-%d8%af%d8%b1-%d8%b3%d8%a7%d8%b1%db%8c%db%8c%d8%b1\\\/#respond\"]}]},{\"@type\":\"WebPage\",\"@id\":\"https:\\\/\\\/aloturkey.org\\\/2026\\\/01\\\/14\\\/%d8%b1%d8%a7%d9%87%d9%86%d9%85%d8%a7%db%8c-%da%a9%d8%a7%d9%85%d9%84-%da%af%d8%b4%d8%aa%d9%88%da%af%d8%b0%d8%a7%d8%b1-%d8%af%d8%b1-%d8%b3%d8%a7%d8%b1%db%8c%db%8c%d8%b1\\\/\",\"url\":\"https:\\\/\\\/aloturkey.org\\\/2026\\\/01\\\/14\\\/%d8%b1%d8%a7%d9%87%d9%86%d9%85%d8%a7%db%8c-%da%a9%d8%a7%d9%85%d9%84-%da%af%d8%b4%d8%aa%d9%88%da%af%d8%b0%d8%a7%d8%b1-%d8%af%d8%b1-%d8%b3%d8%a7%d8%b1%db%8c%db%8c%d8%b1\\\/\",\"name\":\"\u0631\u0627\u0647\u0646\u0645\u0627\u06cc \u06a9\u0627\u0645\u0644 \u06af\u0634\u062a\u200c\u0648\u06af\u0630\u0627\u0631 \u062f\u0631 \u0633\u0627\u0631\u06cc\u200c\u06cc\u0631 \u0627\u0633\u062a\u0627\u0646\u0628\u0648\u0644 | \u0637\u0628\u06cc\u0639\u062a\u060c \u062c\u0646\u06af\u0644 \u0648 \u0628\u0633\u0641\u0631\",\"isPartOf\":{\"@id\":\"https:\\\/\\\/aloturkey.org\\\/#website\"},\"primaryImageOfPage\":{\"@id\":\"https:\\\/\\\/aloturkey.org\\\/2026\\\/01\\\/14\\\/%d8%b1%d8%a7%d9%87%d9%86%d9%85%d8%a7%db%8c-%da%a9%d8%a7%d9%85%d9%84-%da%af%d8%b4%d8%aa%d9%88%da%af%d8%b0%d8%a7%d8%b1-%d8%af%d8%b1-%d8%b3%d8%a7%d8%b1%db%8c%db%8c%d8%b1\\\/#primaryimage\"},\"image\":{\"@id\":\"https:\\\/\\\/aloturkey.org\\\/2026\\\/01\\\/14\\\/%d8%b1%d8%a7%d9%87%d9%86%d9%85%d8%a7%db%8c-%da%a9%d8%a7%d9%85%d9%84-%da%af%d8%b4%d8%aa%d9%88%da%af%d8%b0%d8%a7%d8%b1-%d8%af%d8%b1-%d8%b3%d8%a7%d8%b1%db%8c%db%8c%d8%b1\\\/#primaryimage\"},\"thumbnailUrl\":\"https:\\\/\\\/aloturkey.org\\\/wp-content\\\/uploads\\\/2026\\\/01\\\/Sariyer-\u2013-Green-Side-of-Istanbul.jpg\",\"datePublished\":\"2026-01-14T18:27:22+00:00\",\"dateModified\":\"2026-01-14T18:27:24+00:00\",\"description\":\"\u0633\u0627\u0631\u06cc\u200c\u06cc\u0631 \u06cc\u06a9\u06cc \u0627\u0632 \u0633\u0628\u0632\u062a\u0631\u06cc\u0646 \u0648 \u062e\u0648\u0634\u200c\u0622\u0628\u200c\u0648\u0647\u0648\u0627\u062a\u0631\u06cc\u0646 \u0645\u0646\u0627\u0637\u0642 \u0627\u0633\u062a\u0627\u0646\u0628\u0648\u0644 \u0627\u0633\u062a. \u062f\u0631 \u0627\u06cc\u0646 \u0631\u0627\u0647\u0646\u0645\u0627\u06cc \u062c\u0627\u0645\u0639 \u0628\u0627 \u062c\u0646\u06af\u0644 \u0628\u0644\u06af\u0631\u0627\u062f\u060c \u0633\u0648\u0627\u062d\u0644 \u0628\u0633\u0641\u0631\u060c \u0631\u0633\u062a\u0648\u0631\u0627\u0646\u200c\u0647\u0627\u06cc \u062f\u0631\u06cc\u0627\u06cc\u06cc \u0648 \u0628\u0631\u0646\u0627\u0645\u0647 \u06a9\u0627\u0645\u0644 \u06af\u0634\u062a\u200c\u0648\u06af\u0630\u0627\u0631 \u062f\u0631 \u0633\u0627\u0631\u06cc\u200c\u06cc\u0631 \u0622\u0634\u0646\u0627 \u0634\u0648\u06cc\u062f.\",\"breadcrumb\":{\"@id\":\"https:\\\/\\\/aloturkey.org\\\/2026\\\/01\\\/14\\\/%d8%b1%d8%a7%d9%87%d9%86%d9%85%d8%a7%db%8c-%da%a9%d8%a7%d9%85%d9%84-%da%af%d8%b4%d8%aa%d9%88%da%af%d8%b0%d8%a7%d8%b1-%d8%af%d8%b1-%d8%b3%d8%a7%d8%b1%db%8c%db%8c%d8%b1\\\/#breadcrumb\"},\"inLanguage\":\"tr\",\"potentialAction\":[{\"@type\":\"ReadAction\",\"target\":[\"https:\\\/\\\/aloturkey.org\\\/2026\\\/01\\\/14\\\/%d8%b1%d8%a7%d9%87%d9%86%d9%85%d8%a7%db%8c-%da%a9%d8%a7%d9%85%d9%84-%da%af%d8%b4%d8%aa%d9%88%da%af%d8%b0%d8%a7%d8%b1-%d8%af%d8%b1-%d8%b3%d8%a7%d8%b1%db%8c%db%8c%d8%b1\\\/\"]}]},{\"@type\":\"ImageObject\",\"inLanguage\":\"tr\",\"@id\":\"https:\\\/\\\/aloturkey.org\\\/2026\\\/01\\\/14\\\/%d8%b1%d8%a7%d9%87%d9%86%d9%85%d8%a7%db%8c-%da%a9%d8%a7%d9%85%d9%84-%da%af%d8%b4%d8%aa%d9%88%da%af%d8%b0%d8%a7%d8%b1-%d8%af%d8%b1-%d8%b3%d8%a7%d8%b1%db%8c%db%8c%d8%b1\\\/#primaryimage\",\"url\":\"https:\\\/\\\/aloturkey.org\\\/wp-content\\\/uploads\\\/2026\\\/01\\\/Sariyer-\u2013-Green-Side-of-Istanbul.jpg\",\"contentUrl\":\"https:\\\/\\\/aloturkey.org\\\/wp-content\\\/uploads\\\/2026\\\/01\\\/Sariyer-\u2013-Green-Side-of-Istanbul.jpg\",\"width\":1200,\"height\":630,\"caption\":\"\u062c\u0646\u06af\u0644 \u0628\u0644\u06af\u0631\u0627\u062f\"},{\"@type\":\"BreadcrumbList\",\"@id\":\"https:\\\/\\\/aloturkey.org\\\/2026\\\/01\\\/14\\\/%d8%b1%d8%a7%d9%87%d9%86%d9%85%d8%a7%db%8c-%da%a9%d8%a7%d9%85%d9%84-%da%af%d8%b4%d8%aa%d9%88%da%af%d8%b0%d8%a7%d8%b1-%d8%af%d8%b1-%d8%b3%d8%a7%d8%b1%db%8c%db%8c%d8%b1\\\/#breadcrumb\",\"itemListElement\":[{\"@type\":\"ListItem\",\"position\":1,\"name\":\"Home\",\"item\":\"https:\\\/\\\/aloturkey.org\\\/\"},{\"@type\":\"ListItem\",\"position\":2,\"name\":\"\u0631\u0627\u0647\u0646\u0645\u0627\u06cc \u06a9\u0627\u0645\u0644 \u06af\u0634\u062a\u200c\u0648\u06af\u0630\u0627\u0631 \u062f\u0631 \u0633\u0627\u0631\u06cc\u200c\u06cc\u0631 (Sar\u0131yer) | \u0637\u0628\u06cc\u0639\u062a\u060c \u062c\u0646\u06af\u0644 \u0648 \u0633\u0627\u062d\u0644 \u0628\u0633\u0641\u0631\"}]},{\"@type\":\"WebSite\",\"@id\":\"https:\\\/\\\/aloturkey.org\\\/#website\",\"url\":\"https:\\\/\\\/aloturkey.org\\\/\",\"name\":\"ALO TURKEY\",\"description\":\"\u0641\u0631\u0648\u0634 \u0645\u0644\u06a9 \u062f\u0631 \u062a\u0631\u06a9\u06cc\u0647\",\"publisher\":{\"@id\":\"https:\\\/\\\/aloturkey.org\\\/#organization\"},\"alternateName\":\"\u0627\u0644\u0648 \u062a\u0631\u06a9\u06cc\u0647\",\"potentialAction\":[{\"@type\":\"SearchAction\",\"target\":{\"@type\":\"EntryPoint\",\"urlTemplate\":\"https:\\\/\\\/aloturkey.org\\\/?s={search_term_string}\"},\"query-input\":{\"@type\":\"PropertyValueSpecification\",\"valueRequired\":true,\"valueName\":\"search_term_string\"}}],\"inLanguage\":\"tr\"},{\"@type\":[\"Organization\",\"Place\",\"RealEstateAgent\"],\"@id\":\"https:\\\/\\\/aloturkey.org\\\/#organization\",\"name\":\"ALO TURKEY\",\"alternateName\":\"ALOTURKEY\",\"url\":\"https:\\\/\\\/aloturkey.org\\\/\",\"logo\":{\"@id\":\"https:\\\/\\\/aloturkey.org\\\/2026\\\/01\\\/14\\\/%d8%b1%d8%a7%d9%87%d9%86%d9%85%d8%a7%db%8c-%da%a9%d8%a7%d9%85%d9%84-%da%af%d8%b4%d8%aa%d9%88%da%af%d8%b0%d8%a7%d8%b1-%d8%af%d8%b1-%d8%b3%d8%a7%d8%b1%db%8c%db%8c%d8%b1\\\/#local-main-organization-logo\"},\"image\":{\"@id\":\"https:\\\/\\\/aloturkey.org\\\/2026\\\/01\\\/14\\\/%d8%b1%d8%a7%d9%87%d9%86%d9%85%d8%a7%db%8c-%da%a9%d8%a7%d9%85%d9%84-%da%af%d8%b4%d8%aa%d9%88%da%af%d8%b0%d8%a7%d8%b1-%d8%af%d8%b1-%d8%b3%d8%a7%d8%b1%db%8c%db%8c%d8%b1\\\/#local-main-organization-logo\"},\"description\":\"Aloturkey\u061b \u0647\u0645\u0631\u0627\u0647 \u0645\u0637\u0645\u0626\u0646 \u0634\u0645\u0627 \u062f\u0631 \u0645\u0633\u06cc\u0631 \u062e\u0631\u06cc\u062f \u0645\u0644\u06a9 \u0648 \u062f\u0631\u06cc\u0627\u0641\u062a \u0634\u0647\u0631\u0648\u0646\u062f\u06cc \u062a\u0631\u06a9\u06cc\u0647\",\"numberOfEmployees\":{\"@type\":\"QuantitativeValue\",\"minValue\":\"1\",\"maxValue\":\"10\"},\"publishingPrinciples\":\"https:\\\/\\\/aloturkey.org\\\/my-properties\\\/\",\"ownershipFundingInfo\":\"https:\\\/\\\/aloturkey.org\\\/disclaimer\\\/\",\"correctionsPolicy\":\"https:\\\/\\\/aloturkey.org\\\/disclaimer\\\/\",\"ethicsPolicy\":\"https:\\\/\\\/aloturkey.org\\\/investment-guide\\\/\",\"diversityPolicy\":\"https:\\\/\\\/aloturkey.org\\\/disclaimer\\\/\",\"diversityStaffingReport\":\"https:\\\/\\\/aloturkey.org\\\/investment-guide\\\/\",\"telephone\":[\"05395005000\"],\"contactPoint\":{\"@type\":\"ContactPoint\",\"telephone\":\"905395005000\"},\"openingHoursSpecification\":[{\"@type\":\"OpeningHoursSpecification\",\"dayOfWeek\":[\"Monday\",\"Tuesday\",\"Wednesday\",\"Thursday\",\"Friday\"],\"opens\":\"09:00\",\"closes\":\"17:00\"},{\"@type\":\"OpeningHoursSpecification\",\"dayOfWeek\":[\"Saturday\",\"Sunday\"],\"opens\":\"10:00\",\"closes\":\"14:00\"}],\"email\":\"info@aloturkey.org\",\"faxNumber\":\"Alo Turkey\"},{\"@type\":\"Person\",\"@id\":\"https:\\\/\\\/aloturkey.org\\\/#\\\/schema\\\/person\\\/57cbbcd68162166bf85312dc0f1cb58b\",\"name\":\"alo\",\"image\":{\"@type\":\"ImageObject\",\"inLanguage\":\"tr\",\"@id\":\"https:\\\/\\\/secure.gravatar.com\\\/avatar\\\/ca843a4690aaaa09d1a088ad0577c7395489e64dd8ef6fece1dfff346994400f?s=96&d=mm&r=g\",\"url\":\"https:\\\/\\\/secure.gravatar.com\\\/avatar\\\/ca843a4690aaaa09d1a088ad0577c7395489e64dd8ef6fece1dfff346994400f?s=96&d=mm&r=g\",\"contentUrl\":\"https:\\\/\\\/secure.gravatar.com\\\/avatar\\\/ca843a4690aaaa09d1a088ad0577c7395489e64dd8ef6fece1dfff346994400f?s=96&d=mm&r=g\",\"caption\":\"alo\"},\"sameAs\":[\"https:\\\/\\\/aloturkey.org\",\"https:\\\/\\\/www.instagram.com\\\/aloturkeye\"],\"url\":\"https:\\\/\\\/aloturkey.org\\\/tr\\\/author\\\/adminat\\\/\"},{\"@type\":\"ImageObject\",\"inLanguage\":\"tr\",\"@id\":\"https:\\\/\\\/aloturkey.org\\\/2026\\\/01\\\/14\\\/%d8%b1%d8%a7%d9%87%d9%86%d9%85%d8%a7%db%8c-%da%a9%d8%a7%d9%85%d9%84-%da%af%d8%b4%d8%aa%d9%88%da%af%d8%b0%d8%a7%d8%b1-%d8%af%d8%b1-%d8%b3%d8%a7%d8%b1%db%8c%db%8c%d8%b1\\\/#local-main-organization-logo\",\"url\":\"https:\\\/\\\/aloturkey.org\\\/wp-content\\\/uploads\\\/wp-realestate-uploads\\\/user_avatar\\\/2025\\\/08\\\/logo-icon.png\",\"contentUrl\":\"https:\\\/\\\/aloturkey.org\\\/wp-content\\\/uploads\\\/wp-realestate-uploads\\\/user_avatar\\\/2025\\\/08\\\/logo-icon.png\",\"width\":160,\"height\":160,\"caption\":\"ALO TURKEY\"}]}<\/script>\n<meta name=\"geo.placename\" content=\"ISTANBUL\" \/>\n<meta name=\"geo.region\" content=\"T\u00fcrkiye\" \/>\n<!-- \/ Yoast SEO Premium plugin. -->","yoast_head_json":{"title":"Sar\u0131yer, \u0130stanbul&#039;u Ke\u015ffetmek \u0130\u00e7in Eksiksiz Rehber | Do\u011fa, Orman ve Bo\u011faz","description":"Sar\u0131yer, \u0130stanbul&#039;un en ye\u015fil ve en ferah b\u00f6lgelerinden biridir. Bu kapsaml\u0131 rehberde Belgrad Orman\u0131&#039;n\u0131, Bo\u011faz plajlar\u0131n\u0131, deniz \u00fcr\u00fcnleri restoranlar\u0131n\u0131 ve Sar\u0131yer&#039;deki t\u00fcm gezi rotas\u0131n\u0131 ke\u015ffedin.","robots":{"index":"index","follow":"follow","max-snippet":"max-snippet:-1","max-image-preview":"max-image-preview:large","max-video-preview":"max-video-preview:-1"},"canonical":"https:\/\/aloturkey.org\/tr\/2026\/01\/14\/sariyeri-kesfetmek-icin-eksiksiz-kilavuz\/","og_locale":"tr_TR","og_type":"article","og_title":"\u0631\u0627\u0647\u0646\u0645\u0627\u06cc \u06a9\u0627\u0645\u0644 \u06af\u0634\u062a\u200c\u0648\u06af\u0630\u0627\u0631 \u062f\u0631 \u0633\u0627\u0631\u06cc\u200c\u06cc\u0631 (Sar\u0131yer) | \u0637\u0628\u06cc\u0639\u062a\u060c \u062c\u0646\u06af\u0644 \u0648 \u0633\u0627\u062d\u0644 \u0628\u0633\u0641\u0631","og_description":"\u0633\u0627\u0631\u06cc\u200c\u06cc\u0631 \u06cc\u06a9\u06cc \u0627\u0632 \u0633\u0628\u0632\u062a\u0631\u06cc\u0646 \u0648 \u062e\u0648\u0634\u200c\u0622\u0628\u200c\u0648\u0647\u0648\u0627\u062a\u0631\u06cc\u0646 \u0645\u0646\u0627\u0637\u0642 \u0627\u0633\u062a\u0627\u0646\u0628\u0648\u0644 \u0627\u0633\u062a. \u062f\u0631 \u0627\u06cc\u0646 \u0631\u0627\u0647\u0646\u0645\u0627\u06cc \u062c\u0627\u0645\u0639 \u0628\u0627 \u062c\u0646\u06af\u0644 \u0628\u0644\u06af\u0631\u0627\u062f\u060c \u0633\u0648\u0627\u062d\u0644 \u0628\u0633\u0641\u0631\u060c \u0631\u0633\u062a\u0648\u0631\u0627\u0646\u200c\u0647\u0627\u06cc \u062f\u0631\u06cc\u0627\u06cc\u06cc \u0648 \u0628\u0631\u0646\u0627\u0645\u0647 \u06a9\u0627\u0645\u0644 \u06af\u0634\u062a\u200c\u0648\u06af\u0630\u0627\u0631 \u062f\u0631 \u0633\u0627\u0631\u06cc\u200c\u06cc\u0631 \u0622\u0634\u0646\u0627 \u0634\u0648\u06cc\u062f.","og_url":"https:\/\/aloturkey.org\/tr\/2026\/01\/14\/sariyeri-kesfetmek-icin-eksiksiz-kilavuz\/","og_site_name":"ALO TURKEY","article_published_time":"2026-01-14T18:27:22+00:00","article_modified_time":"2026-01-14T18:27:24+00:00","og_image":[{"width":1200,"height":630,"url":"https:\/\/aloturkey.org\/wp-content\/uploads\/2026\/01\/Sariyer-\u2013-Green-Side-of-Istanbul.jpg","type":"image\/jpeg"}],"author":"alo","twitter_card":"summary_large_image","twitter_misc":{"Yazan:":"alo","Tahmini okuma s\u00fcresi":"2 dakika"},"schema":{"@context":"https:\/\/schema.org","@graph":[{"@type":"Article","@id":"https:\/\/aloturkey.org\/2026\/01\/14\/%d8%b1%d8%a7%d9%87%d9%86%d9%85%d8%a7%db%8c-%da%a9%d8%a7%d9%85%d9%84-%da%af%d8%b4%d8%aa%d9%88%da%af%d8%b0%d8%a7%d8%b1-%d8%af%d8%b1-%d8%b3%d8%a7%d8%b1%db%8c%db%8c%d8%b1\/#article","isPartOf":{"@id":"https:\/\/aloturkey.org\/2026\/01\/14\/%d8%b1%d8%a7%d9%87%d9%86%d9%85%d8%a7%db%8c-%da%a9%d8%a7%d9%85%d9%84-%da%af%d8%b4%d8%aa%d9%88%da%af%d8%b0%d8%a7%d8%b1-%d8%af%d8%b1-%d8%b3%d8%a7%d8%b1%db%8c%db%8c%d8%b1\/"},"author":{"name":"alo","@id":"https:\/\/aloturkey.org\/#\/schema\/person\/57cbbcd68162166bf85312dc0f1cb58b"},"headline":"\u0631\u0627\u0647\u0646\u0645\u0627\u06cc \u06a9\u0627\u0645\u0644 \u06af\u0634\u062a\u200c\u0648\u06af\u0630\u0627\u0631 \u062f\u0631 \u0633\u0627\u0631\u06cc\u200c\u06cc\u0631 (Sar\u0131yer) | \u0637\u0628\u06cc\u0639\u062a\u060c \u062c\u0646\u06af\u0644 \u0648 \u0633\u0627\u062d\u0644 \u0628\u0633\u0641\u0631","datePublished":"2026-01-14T18:27:22+00:00","dateModified":"2026-01-14T18:27:24+00:00","mainEntityOfPage":{"@id":"https:\/\/aloturkey.org\/2026\/01\/14\/%d8%b1%d8%a7%d9%87%d9%86%d9%85%d8%a7%db%8c-%da%a9%d8%a7%d9%85%d9%84-%da%af%d8%b4%d8%aa%d9%88%da%af%d8%b0%d8%a7%d8%b1-%d8%af%d8%b1-%d8%b3%d8%a7%d8%b1%db%8c%db%8c%d8%b1\/"},"wordCount":7,"commentCount":0,"publisher":{"@id":"https:\/\/aloturkey.org\/#organization"},"image":{"@id":"https:\/\/aloturkey.org\/2026\/01\/14\/%d8%b1%d8%a7%d9%87%d9%86%d9%85%d8%a7%db%8c-%da%a9%d8%a7%d9%85%d9%84-%da%af%d8%b4%d8%aa%d9%88%da%af%d8%b0%d8%a7%d8%b1-%d8%af%d8%b1-%d8%b3%d8%a7%d8%b1%db%8c%db%8c%d8%b1\/#primaryimage"},"thumbnailUrl":"https:\/\/aloturkey.org\/wp-content\/uploads\/2026\/01\/Sariyer-\u2013-Green-Side-of-Istanbul.jpg","keywords":["\u0628\u0633\u0641\u0631","\u062c\u0646\u06af\u0644 \u0628\u0644\u06af\u0631\u0627\u062f","\u0633\u0627\u0631\u06cc\u200c\u06cc\u0631","\u0637\u0628\u06cc\u0639\u062a \u0627\u0633\u062a\u0627\u0646\u0628\u0648\u0644"],"articleSection":["\u0631\u0627\u0647\u0646\u0645\u0627\u06cc \u0645\u0646\u0627\u0637\u0642 \u0627\u0633\u062a\u0627\u0646\u0628\u0648\u0644"],"inLanguage":"tr","potentialAction":[{"@type":"CommentAction","name":"Comment","target":["https:\/\/aloturkey.org\/2026\/01\/14\/%d8%b1%d8%a7%d9%87%d9%86%d9%85%d8%a7%db%8c-%da%a9%d8%a7%d9%85%d9%84-%da%af%d8%b4%d8%aa%d9%88%da%af%d8%b0%d8%a7%d8%b1-%d8%af%d8%b1-%d8%b3%d8%a7%d8%b1%db%8c%db%8c%d8%b1\/#respond"]}]},{"@type":"WebPage","@id":"https:\/\/aloturkey.org\/2026\/01\/14\/%d8%b1%d8%a7%d9%87%d9%86%d9%85%d8%a7%db%8c-%da%a9%d8%a7%d9%85%d9%84-%da%af%d8%b4%d8%aa%d9%88%da%af%d8%b0%d8%a7%d8%b1-%d8%af%d8%b1-%d8%b3%d8%a7%d8%b1%db%8c%db%8c%d8%b1\/","url":"https:\/\/aloturkey.org\/2026\/01\/14\/%d8%b1%d8%a7%d9%87%d9%86%d9%85%d8%a7%db%8c-%da%a9%d8%a7%d9%85%d9%84-%da%af%d8%b4%d8%aa%d9%88%da%af%d8%b0%d8%a7%d8%b1-%d8%af%d8%b1-%d8%b3%d8%a7%d8%b1%db%8c%db%8c%d8%b1\/","name":"Sar\u0131yer, \u0130stanbul&#039;u Ke\u015ffetmek \u0130\u00e7in Eksiksiz Rehber | Do\u011fa, Orman ve Bo\u011faz","isPartOf":{"@id":"https:\/\/aloturkey.org\/#website"},"primaryImageOfPage":{"@id":"https:\/\/aloturkey.org\/2026\/01\/14\/%d8%b1%d8%a7%d9%87%d9%86%d9%85%d8%a7%db%8c-%da%a9%d8%a7%d9%85%d9%84-%da%af%d8%b4%d8%aa%d9%88%da%af%d8%b0%d8%a7%d8%b1-%d8%af%d8%b1-%d8%b3%d8%a7%d8%b1%db%8c%db%8c%d8%b1\/#primaryimage"},"image":{"@id":"https:\/\/aloturkey.org\/2026\/01\/14\/%d8%b1%d8%a7%d9%87%d9%86%d9%85%d8%a7%db%8c-%da%a9%d8%a7%d9%85%d9%84-%da%af%d8%b4%d8%aa%d9%88%da%af%d8%b0%d8%a7%d8%b1-%d8%af%d8%b1-%d8%b3%d8%a7%d8%b1%db%8c%db%8c%d8%b1\/#primaryimage"},"thumbnailUrl":"https:\/\/aloturkey.org\/wp-content\/uploads\/2026\/01\/Sariyer-\u2013-Green-Side-of-Istanbul.jpg","datePublished":"2026-01-14T18:27:22+00:00","dateModified":"2026-01-14T18:27:24+00:00","description":"Sar\u0131yer, \u0130stanbul&#039;un en ye\u015fil ve en ferah b\u00f6lgelerinden biridir. Bu kapsaml\u0131 rehberde Belgrad Orman\u0131&#039;n\u0131, Bo\u011faz plajlar\u0131n\u0131, deniz \u00fcr\u00fcnleri restoranlar\u0131n\u0131 ve Sar\u0131yer&#039;deki t\u00fcm gezi rotas\u0131n\u0131 ke\u015ffedin.","breadcrumb":{"@id":"https:\/\/aloturkey.org\/2026\/01\/14\/%d8%b1%d8%a7%d9%87%d9%86%d9%85%d8%a7%db%8c-%da%a9%d8%a7%d9%85%d9%84-%da%af%d8%b4%d8%aa%d9%88%da%af%d8%b0%d8%a7%d8%b1-%d8%af%d8%b1-%d8%b3%d8%a7%d8%b1%db%8c%db%8c%d8%b1\/#breadcrumb"},"inLanguage":"tr","potentialAction":[{"@type":"ReadAction","target":["https:\/\/aloturkey.org\/2026\/01\/14\/%d8%b1%d8%a7%d9%87%d9%86%d9%85%d8%a7%db%8c-%da%a9%d8%a7%d9%85%d9%84-%da%af%d8%b4%d8%aa%d9%88%da%af%d8%b0%d8%a7%d8%b1-%d8%af%d8%b1-%d8%b3%d8%a7%d8%b1%db%8c%db%8c%d8%b1\/"]}]},{"@type":"ImageObject","inLanguage":"tr","@id":"https:\/\/aloturkey.org\/2026\/01\/14\/%d8%b1%d8%a7%d9%87%d9%86%d9%85%d8%a7%db%8c-%da%a9%d8%a7%d9%85%d9%84-%da%af%d8%b4%d8%aa%d9%88%da%af%d8%b0%d8%a7%d8%b1-%d8%af%d8%b1-%d8%b3%d8%a7%d8%b1%db%8c%db%8c%d8%b1\/#primaryimage","url":"https:\/\/aloturkey.org\/wp-content\/uploads\/2026\/01\/Sariyer-\u2013-Green-Side-of-Istanbul.jpg","contentUrl":"https:\/\/aloturkey.org\/wp-content\/uploads\/2026\/01\/Sariyer-\u2013-Green-Side-of-Istanbul.jpg","width":1200,"height":630,"caption":"\u062c\u0646\u06af\u0644 \u0628\u0644\u06af\u0631\u0627\u062f"},{"@type":"BreadcrumbList","@id":"https:\/\/aloturkey.org\/2026\/01\/14\/%d8%b1%d8%a7%d9%87%d9%86%d9%85%d8%a7%db%8c-%da%a9%d8%a7%d9%85%d9%84-%da%af%d8%b4%d8%aa%d9%88%da%af%d8%b0%d8%a7%d8%b1-%d8%af%d8%b1-%d8%b3%d8%a7%d8%b1%db%8c%db%8c%d8%b1\/#breadcrumb","itemListElement":[{"@type":"ListItem","position":1,"name":"Home","item":"https:\/\/aloturkey.org\/"},{"@type":"ListItem","position":2,"name":"\u0631\u0627\u0647\u0646\u0645\u0627\u06cc \u06a9\u0627\u0645\u0644 \u06af\u0634\u062a\u200c\u0648\u06af\u0630\u0627\u0631 \u062f\u0631 \u0633\u0627\u0631\u06cc\u200c\u06cc\u0631 (Sar\u0131yer) | \u0637\u0628\u06cc\u0639\u062a\u060c \u062c\u0646\u06af\u0644 \u0648 \u0633\u0627\u062d\u0644 \u0628\u0633\u0641\u0631"}]},{"@type":"WebSite","@id":"https:\/\/aloturkey.org\/#website","url":"https:\/\/aloturkey.org\/","name":"ALO T\u00dcRK\u0130YE","description":"T\u00fcrkiye&#039;de m\u00fclk sat\u0131\u015f\u0131","publisher":{"@id":"https:\/\/aloturkey.org\/#organization"},"alternateName":"\u0627\u0644\u0648 \u062a\u0631\u06a9\u06cc\u0647","potentialAction":[{"@type":"SearchAction","target":{"@type":"EntryPoint","urlTemplate":"https:\/\/aloturkey.org\/?s={search_term_string}"},"query-input":{"@type":"PropertyValueSpecification","valueRequired":true,"valueName":"search_term_string"}}],"inLanguage":"tr"},{"@type":["Organization","Place","RealEstateAgent"],"@id":"https:\/\/aloturkey.org\/#organization","name":"ALO T\u00dcRK\u0130YE","alternateName":"ALOTURKEY","url":"https:\/\/aloturkey.org\/","logo":{"@id":"https:\/\/aloturkey.org\/2026\/01\/14\/%d8%b1%d8%a7%d9%87%d9%86%d9%85%d8%a7%db%8c-%da%a9%d8%a7%d9%85%d9%84-%da%af%d8%b4%d8%aa%d9%88%da%af%d8%b0%d8%a7%d8%b1-%d8%af%d8%b1-%d8%b3%d8%a7%d8%b1%db%8c%db%8c%d8%b1\/#local-main-organization-logo"},"image":{"@id":"https:\/\/aloturkey.org\/2026\/01\/14\/%d8%b1%d8%a7%d9%87%d9%86%d9%85%d8%a7%db%8c-%da%a9%d8%a7%d9%85%d9%84-%da%af%d8%b4%d8%aa%d9%88%da%af%d8%b0%d8%a7%d8%b1-%d8%af%d8%b1-%d8%b3%d8%a7%d8%b1%db%8c%db%8c%d8%b1\/#local-main-organization-logo"},"description":"Aloturkey; Gayrimenkul sat\u0131n alma ve T\u00fcrk vatanda\u015fl\u0131\u011f\u0131 alma yolunda g\u00fcvenilir yol arkada\u015f\u0131n\u0131z","numberOfEmployees":{"@type":"QuantitativeValue","minValue":"1","maxValue":"10"},"publishingPrinciples":"https:\/\/aloturkey.org\/my-properties\/","ownershipFundingInfo":"https:\/\/aloturkey.org\/disclaimer\/","correctionsPolicy":"https:\/\/aloturkey.org\/disclaimer\/","ethicsPolicy":"https:\/\/aloturkey.org\/investment-guide\/","diversityPolicy":"https:\/\/aloturkey.org\/disclaimer\/","diversityStaffingReport":"https:\/\/aloturkey.org\/investment-guide\/","telephone":["05395005000"],"contactPoint":{"@type":"ContactPoint","telephone":"905395005000"},"openingHoursSpecification":[{"@type":"OpeningHoursSpecification","dayOfWeek":["Monday","Tuesday","Wednesday","Thursday","Friday"],"opens":"09:00","closes":"17:00"},{"@type":"OpeningHoursSpecification","dayOfWeek":["Saturday","Sunday"],"opens":"10:00","closes":"14:00"}],"email":"info@aloturkey.org","faxNumber":"Alo Turkey"},{"@type":"Person","@id":"https:\/\/aloturkey.org\/#\/schema\/person\/57cbbcd68162166bf85312dc0f1cb58b","name":"Merhaba","image":{"@type":"ImageObject","inLanguage":"tr","@id":"https:\/\/secure.gravatar.com\/avatar\/ca843a4690aaaa09d1a088ad0577c7395489e64dd8ef6fece1dfff346994400f?s=96&d=mm&r=g","url":"https:\/\/secure.gravatar.com\/avatar\/ca843a4690aaaa09d1a088ad0577c7395489e64dd8ef6fece1dfff346994400f?s=96&d=mm&r=g","contentUrl":"https:\/\/secure.gravatar.com\/avatar\/ca843a4690aaaa09d1a088ad0577c7395489e64dd8ef6fece1dfff346994400f?s=96&d=mm&r=g","caption":"alo"},"sameAs":["https:\/\/aloturkey.org","https:\/\/www.instagram.com\/aloturkeye"],"url":"https:\/\/aloturkey.org\/tr\/author\/adminat\/"},{"@type":"ImageObject","inLanguage":"tr","@id":"https:\/\/aloturkey.org\/2026\/01\/14\/%d8%b1%d8%a7%d9%87%d9%86%d9%85%d8%a7%db%8c-%da%a9%d8%a7%d9%85%d9%84-%da%af%d8%b4%d8%aa%d9%88%da%af%d8%b0%d8%a7%d8%b1-%d8%af%d8%b1-%d8%b3%d8%a7%d8%b1%db%8c%db%8c%d8%b1\/#local-main-organization-logo","url":"https:\/\/aloturkey.org\/wp-content\/uploads\/wp-realestate-uploads\/user_avatar\/2025\/08\/logo-icon.png","contentUrl":"https:\/\/aloturkey.org\/wp-content\/uploads\/wp-realestate-uploads\/user_avatar\/2025\/08\/logo-icon.png","width":160,"height":160,"caption":"ALO TURKEY"}]},"geo.placename":"ISTANBUL","geo.region":"T\u00fcrkiye"},"_links":{"self":[{"href":"https:\/\/aloturkey.org\/tr\/wp-json\/wp\/v2\/posts\/6773","targetHints":{"allow":["GET"]}}],"collection":[{"href":"https:\/\/aloturkey.org\/tr\/wp-json\/wp\/v2\/posts"}],"about":[{"href":"https:\/\/aloturkey.org\/tr\/wp-json\/wp\/v2\/types\/post"}],"author":[{"embeddable":true,"href":"https:\/\/aloturkey.org\/tr\/wp-json\/wp\/v2\/users\/52"}],"replies":[{"embeddable":true,"href":"https:\/\/aloturkey.org\/tr\/wp-json\/wp\/v2\/comments?post=6773"}],"version-history":[{"count":0,"href":"https:\/\/aloturkey.org\/tr\/wp-json\/wp\/v2\/posts\/6773\/revisions"}],"wp:featuredmedia":[{"embeddable":true,"href":"https:\/\/aloturkey.org\/tr\/wp-json\/wp\/v2\/media\/6774"}],"wp:attachment":[{"href":"https:\/\/aloturkey.org\/tr\/wp-json\/wp\/v2\/media?parent=6773"}],"wp:term":[{"taxonomy":"category","embeddable":true,"href":"https:\/\/aloturkey.org\/tr\/wp-json\/wp\/v2\/categories?post=6773"},{"taxonomy":"post_tag","embeddable":true,"href":"https:\/\/aloturkey.org\/tr\/wp-json\/wp\/v2\/tags?post=6773"}],"curies":[{"name":"wp","href":"https:\/\/api.w.org\/{rel}","templated":true}]}}